{"id":51031,"date":"2025-04-25T05:55:10","date_gmt":"2025-04-25T05:55:10","guid":{"rendered":"https:\/\/www.europesays.com\/fr\/51031\/"},"modified":"2025-04-25T05:55:10","modified_gmt":"2025-04-25T05:55:10","slug":"mobilisation-pro-palestinienne-a-sciences-po-paris-nouvelles-sanctions-contre-trois-etudiants","status":"publish","type":"post","link":"https:\/\/www.europesays.com\/fr\/51031\/","title":{"rendered":"Mobilisation pro-palestinienne \u00e0 Sciences Po Paris\u00a0: nouvelles sanctions contre trois \u00e9tudiants"},"content":{"rendered":"<p>La direction de Sciences Po Paris a annonc\u00e9 ce jeudi 24\u00a0avril 2025 avoir interdit \u00e0 titre conservatoire l\u2019acc\u00e8s \u00e0 l\u2019\u00e9tablissement \u00e0 trois \u00e9tudiants propalestiniens qu\u2019elle accuse d\u2019avoir enfreint le r\u00e8glement de l\u2019\u00e9tablissement lors de leur participation \u00e0 plusieurs actions.<\/p>\n<p>Ces \u00e9tudiants ont fait l\u2019objet de ces mesures pour <strong>\u00ab\u00a0blocages \u00e0 deux reprises et fortes perturbations d\u2019\u00e9v\u00e9nements avec actes d\u2019intimidation\u00a0\u00bb,<\/strong> d\u2019apr\u00e8s une d\u00e9claration d\u2019une porte-parole de Science Po \u00e0 l\u2019Agence France Presse.<\/p>\n<p>Le comit\u00e9 Palestine d\u00e9nonce une \u00ab\u00a0purge\u00a0\u00bb<\/p>\n<p>Le comit\u00e9 Palestine de Sciences Po consid\u00e8re ces mesures conservatoires comme une <strong>\u00ab\u00a0purge\u00a0\u00bb,<\/strong> d\u2019apr\u00e8s son compte sur Instagram.<\/p>\n<p>Les \u00e9tudiants vis\u00e9s ne peuvent plus avoir acc\u00e8s au campus jusqu\u2019\u00e0 la tenue de la section disciplinaire dont la date n\u2019est pas encore fix\u00e9e, pr\u00e9cise une porte-parole de Sciences Po jointe par l\u2019AFP.<\/p>\n<p>Des incidents commis par \u00ab\u00a0un groupe infime d\u2019\u00e9tudiants\u00a0\u00bb<\/p>\n<p>Dans un message aux membres des conseils de l\u2019\u00e9tablissement consult\u00e9 jeudi par l\u2019AFP, le directeur de l\u2019institut Luis Vassy signale une s\u00e9rie d\u2019incidents provenant d\u2019un <strong>\u00ab\u00a0groupe infime d\u2019\u00e9tudiants\u00a0\u00bb,<\/strong> notamment le 10\u00a0avril lors d\u2019<strong>\u00ab\u00a0une conf\u00e9rence rassemblant plusieurs pr\u00e9sidents d\u2019universit\u00e9s\u00a0\u00bb,<\/strong> perturb\u00e9e par <strong>\u00ab\u00a0une quinzaine de personnes qui ont confisqu\u00e9 la parole\u00a0\u00bb.<\/strong><\/p>\n<p>Il mentionne aussi le 15\u00a0avril l\u2019occupation d\u2019une cour du campus avec <strong>\u00ab\u00a0l\u2019affichage de banderoles au contenu particuli\u00e8rement choquant\u00a0\u00bb,<\/strong> notamment l\u2019une parlant d\u2019<strong>\u00ab\u00a0intifada anti-sioniste\u00a0\u00bb,<\/strong> avec de nouvelles actions les deux jours suivants.<\/p>\n<p>Luis Vassy fait aussi \u00e9tat lundi d\u2019<strong>\u00ab\u00a0une communication en ligne du comit\u00e9 Palestine, qui a choqu\u00e9\u00a0\u00bb<\/strong> puis mercredi <strong>\u00ab\u00a0une autre publication aux relents antis\u00e9mites mise en ligne puis rapidement retir\u00e9e\u00a0\u00bb<\/strong> sans en d\u00e9tailler le contenu.<\/p>\n<p>Au total, dix \u00e9tudiants ont fait l\u2019objet de mesures d\u2019exclusion temporaire dans le cadre d\u2019actions propalestiniennes depuis le mois d\u2019octobre, selon Sciences Po.<\/p>\n<p>Une plainte pour intrusion<\/p>\n<p>Parall\u00e8lement, plusieurs dizaines d\u2019\u00e9tudiants pro-palestiniens ont de nouveau manifest\u00e9 jeudi dans le hall de Science Po Paris et devant l\u2019\u00e9tablissement, lors de la derni\u00e8re semaine de cours.<\/p>\n<p><strong>\u00ab\u00a0Une personne externe \u00e0 Sciences Po a \u00e9t\u00e9 identifi\u00e9e parmi ces \u00e9tudiants mobilis\u00e9s, nous allons porter plainte pour intrusion\u00a0\u00bb,<\/strong> a indiqu\u00e9 la porte-parole dans sa d\u00e9claration \u00e0 l\u2019AFP.<\/p>\n<p>Plus t\u00f4t jeudi, une soixantaine de personnes ont manifest\u00e9 devant l\u2019institut d\u2019\u00e9tudes politiques (IEP) de Lille, un \u00e9tablissement distinct de Sciences Po Paris, pour d\u00e9noncer un double dipl\u00f4me avec l\u2019universit\u00e9 de Tel Aviv.<\/p>\n<p>\u00a0<\/p>\n","protected":false},"excerpt":{"rendered":"La direction de Sciences Po Paris a annonc\u00e9 ce jeudi 24\u00a0avril 2025 avoir interdit \u00e0 titre conservatoire l\u2019acc\u00e8s&hellip;\n","protected":false},"author":2,"featured_media":51032,"comment_status":"","ping_status":"","sticky":false,"template":"","format":"standard","meta":{"footnotes":""},"categories":[1888],"tags":[1111,1928,11,1927,7306,6379,1777,674,1011,27,10234,12,1926,1113,626,1925,5766,14388,25,7185,41],"class_list":{"0":"post-51031","1":"post","2":"type-post","3":"status-publish","4":"format-standard","5":"has-post-thumbnail","7":"category-paris","8":"tag-actu","9":"tag-actu-paris","10":"tag-actualites","11":"tag-actualites-paris","12":"tag-cannes","13":"tag-etudiants","14":"tag-eu","15":"tag-europe","16":"tag-fr","17":"tag-france","18":"tag-mobilisation","19":"tag-news","20":"tag-news-paris","21":"tag-nouvelles","22":"tag-paris","23":"tag-paris-news","24":"tag-po","25":"tag-pro-palestinienne","26":"tag-republique-francaise","27":"tag-sanctions","28":"tag-sciences"},"share_on_mastodon":{"url":"https:\/\/pubeurope.com\/@fr\/114397061271853760","error":""},"_links":{"self":[{"href":"https:\/\/www.europesays.com\/fr\/wp-json\/wp\/v2\/posts\/51031","targetHints":{"allow":["GET"]}}],"collection":[{"href":"https:\/\/www.europesays.com\/fr\/wp-json\/wp\/v2\/posts"}],"about":[{"href":"https:\/\/www.europesays.com\/fr\/wp-json\/wp\/v2\/types\/post"}],"author":[{"embeddable":true,"href":"https:\/\/www.europesays.com\/fr\/wp-json\/wp\/v2\/users\/2"}],"replies":[{"embeddable":true,"href":"https:\/\/www.europesays.com\/fr\/wp-json\/wp\/v2\/comments?post=51031"}],"version-history":[{"count":0,"href":"https:\/\/www.europesays.com\/fr\/wp-json\/wp\/v2\/posts\/51031\/revisions"}],"wp:featuredmedia":[{"embeddable":true,"href":"https:\/\/www.europesays.com\/fr\/wp-json\/wp\/v2\/media\/51032"}],"wp:attachment":[{"href":"https:\/\/www.europesays.com\/fr\/wp-json\/wp\/v2\/media?parent=51031"}],"wp:term":[{"taxonomy":"category","embeddable":true,"href":"https:\/\/www.europesays.com\/fr\/wp-json\/wp\/v2\/categories?post=51031"},{"taxonomy":"post_tag","embeddable":true,"href":"https:\/\/www.europesays.com\/fr\/wp-json\/wp\/v2\/tags?post=51031"}],"curies":[{"name":"wp","href":"https:\/\/api.w.org\/{rel}","templated":true}]}}