{"id":510320,"date":"2025-11-04T04:22:19","date_gmt":"2025-11-04T04:22:19","guid":{"rendered":"https:\/\/www.europesays.com\/fr\/510320\/"},"modified":"2025-11-04T04:22:19","modified_gmt":"2025-11-04T04:22:19","slug":"matinale-cci-sur-la-facturation-electronique-il-est-encore-temps-de-vous","status":"publish","type":"post","link":"https:\/\/www.europesays.com\/fr\/510320\/","title":{"rendered":"Matinale CCI sur la facturation \u00e9lectronique : il est encore temps de vous (\u2026)"},"content":{"rendered":"<p>                    <img loading=\"lazy\" decoding=\"async\" src=\"https:\/\/www.europesays.com\/fr\/wp-content\/uploads\/2025\/11\/292f891bbc3273d2e7d31f50b3114e.png\" class=\"img-responsive post-image\" width=\"680\" height=\"510\" alt=\"Matinale CCI sur la (\u2026)\" title=\"Matinale CCI sur la facturation \u00e9lectronique : il est encore temps de vous inscrire !\"\/><\/p>\n<p class=\"chapo\">\u00c0 partir du 1er septembre 2026, toutes les entreprises, quelle que soit leur taille, devront adopter la facturation \u00e9lectronique. Cette r\u00e9forme, bien plus qu\u2019une simple obligation r\u00e9glementaire, repr\u00e9sente une v\u00e9ritable opportunit\u00e9 pour am\u00e9liorer la comp\u00e9titivit\u00e9 et l\u2019efficacit\u00e9 des entreprises\u00a0: moins de papier, plus d\u2019automatismes, moins d\u2019erreurs et une meilleure clart\u00e9 dans les \u00e9changes financiers. Pour accompagner cette transition, la CCI Nice C\u00f4te d\u2019Azur et la Direction D\u00e9partementale des Finances publiques des Alpes-Maritimes organisent une matinale d\u2019information anim\u00e9e par la Direction de Projet Facturation \u00c9lectronique de la Direction G\u00e9n\u00e9rale des Finances Publiques.<\/p>\n<p>                    Quand et o\u00f9\u00a0?<\/p>\n<p>Rendez-vous Mercredi 5 novembre de 9h \u00e0 12h au si\u00e8ge de la CCI Nice C\u00f4te d\u2019Azur, 20 boulevard Carabacel, 06000 NICE<\/p>\n<p><strong>Au programme\u00a0:<\/strong><\/p>\n<p>Pr\u00e9sentation de la r\u00e9forme par la Direction de Projet de Bercy\u00a0: modalit\u00e9s, calendrier et enjeux<br class=\"autobr\"\/><br \/>\nD\u00e9monstration des solutions propos\u00e9es par une plateforme agr\u00e9\u00e9e par l\u2019\u00c9tat<br class=\"autobr\"\/><br \/>\nTemps d\u2019\u00e9changes avec des experts nationaux et les plateformes agr\u00e9\u00e9es pour r\u00e9pondre \u00e0 toutes vos questions<\/p>\n<p>Cette matin\u00e9e est une occasion unique pour les dirigeants et responsables financiers d\u2019anticiper la r\u00e9forme et de se pr\u00e9parer efficacement \u00e0 la g\u00e9n\u00e9ralisation de la facturation \u00e9lectronique.<\/p>\n<p><a href=\"https:\/\/app.livestorm.co\/cci-nice-cote-d-azur\/facturation-electronique-obligatoire-anticiper-la-nouvelle-reforme\" class=\"spip_out\" rel=\"external noopener\" target=\"_blank\">Inscrivez-vous d\u00e8s maintenant pour s\u00e9curiser votre place<\/a>\u00a0: Ne manquez pas cette opportunit\u00e9 pour anticiper la r\u00e9forme et transformer cette obligation en avantage strat\u00e9gique.<\/p>\n<p>Visuel de Une illustration \u00a9DR<\/p>\n","protected":false},"excerpt":{"rendered":"\u00c0 partir du 1er septembre 2026, toutes les entreprises, quelle que soit leur taille, devront adopter la facturation&hellip;\n","protected":false},"author":2,"featured_media":510321,"comment_status":"","ping_status":"","sticky":false,"template":"","format":"standard","meta":{"footnotes":""},"categories":[2819],"tags":[1111,11,2408,1777,674,1011,27,12,2401,882,25],"class_list":{"0":"post-510320","1":"post","2":"type-post","3":"status-publish","4":"format-standard","5":"has-post-thumbnail","7":"category-nice","8":"tag-actu","9":"tag-actualites","10":"tag-appels-d","11":"tag-eu","12":"tag-europe","13":"tag-fr","14":"tag-france","15":"tag-news","16":"tag-nice","17":"tag-provence-alpes-cote-dazur","18":"tag-republique-francaise"},"share_on_mastodon":{"url":"https:\/\/pubeurope.com\/@fr\/115489521911060344","error":""},"_links":{"self":[{"href":"https:\/\/www.europesays.com\/fr\/wp-json\/wp\/v2\/posts\/510320","targetHints":{"allow":["GET"]}}],"collection":[{"href":"https:\/\/www.europesays.com\/fr\/wp-json\/wp\/v2\/posts"}],"about":[{"href":"https:\/\/www.europesays.com\/fr\/wp-json\/wp\/v2\/types\/post"}],"author":[{"embeddable":true,"href":"https:\/\/www.europesays.com\/fr\/wp-json\/wp\/v2\/users\/2"}],"replies":[{"embeddable":true,"href":"https:\/\/www.europesays.com\/fr\/wp-json\/wp\/v2\/comments?post=510320"}],"version-history":[{"count":0,"href":"https:\/\/www.europesays.com\/fr\/wp-json\/wp\/v2\/posts\/510320\/revisions"}],"wp:featuredmedia":[{"embeddable":true,"href":"https:\/\/www.europesays.com\/fr\/wp-json\/wp\/v2\/media\/510321"}],"wp:attachment":[{"href":"https:\/\/www.europesays.com\/fr\/wp-json\/wp\/v2\/media?parent=510320"}],"wp:term":[{"taxonomy":"category","embeddable":true,"href":"https:\/\/www.europesays.com\/fr\/wp-json\/wp\/v2\/categories?post=510320"},{"taxonomy":"post_tag","embeddable":true,"href":"https:\/\/www.europesays.com\/fr\/wp-json\/wp\/v2\/tags?post=510320"}],"curies":[{"name":"wp","href":"https:\/\/api.w.org\/{rel}","templated":true}]}}