{"id":510324,"date":"2025-11-04T04:24:16","date_gmt":"2025-11-04T04:24:16","guid":{"rendered":"https:\/\/www.europesays.com\/fr\/510324\/"},"modified":"2025-11-04T04:24:16","modified_gmt":"2025-11-04T04:24:16","slug":"municipales-2026-un-groupe-de-citoyens-entre-en-lice-pour-faire-mieux","status":"publish","type":"post","link":"https:\/\/www.europesays.com\/fr\/510324\/","title":{"rendered":"Municipales 2026\u00a0: un groupe de citoyens entre en lice pour \u00ab\u00a0faire mieux\u00a0\u00bb"},"content":{"rendered":"<p>Un nouveau groupe d\u2019une quinzaine d\u2019habitants se lance dans la campagne des municipales de mars\u00a02026. Baptis\u00e9 Saint-Philbert-de-Grand-Mieux, le groupe affiche vouloir \u00ab\u00a0<strong>faire mieux<\/strong>\u00a0\u00bb que la majorit\u00e9 actuelle avec laquelle il est en opposition frontale. \u00ab<strong>\u00a0D<\/strong> <strong>\u2019anciens \u00e9lus de la commune m\u00e9contents\u00a0\u00bb<\/strong>  ont rejoint le groupe, alors que  certains figureraient \u00ab <strong>\u00a0sur la liste du maire sortant<\/strong> \u00a0\u00bb tout en d\u00e9non\u00e7ant une gestion \u00ab<strong>\u00a0autocratique\u00a0de la collectivit\u00e9\u00a0\u00bb.<\/strong><\/p>\n<p>Un seul nom d\u00e9voil\u00e9<\/p>\n<p>Parmi les \u00e9lus en poste, seul le nom de St\u00e9phane Tabouret, membre de l\u2019opposition, n\u2019est \u00e0 ce jour d\u00e9voil\u00e9. Aux c\u00f4t\u00e9s de cet avocat du barreau de Nantes, se pr\u00e9sente \u00e9galement une ancienne figure locale, Laurent Tenaud, cadre territorial de Nantes m\u00e9tropole depuis vingt\u00a0ans, chef du centre d\u2019incendie et de secours durant dix-huit\u00a0ans, d\u00e9mis de ses fonctions en juillet\u00a02025.<\/p>\n<p>En attendant d\u2019en savoir davantage sur l\u2019\u00e9quipe, Laurent Tenaud livre quelques informations. Sur cette liste, il y aurait \u00ab\u00a0 <strong>des chefs d\u2019entreprise, un ancien directeur de production, des pompiers, un professeur des \u00e9coles, des ouvriers, un jeune de 27\u00a0ans\u00a0\u00bb.<\/strong><\/p>\n<p>Une liste \u00ab\u00a0transpartisane\u00a0\u00bb<\/p>\n<p>Ensemble, ils souhaitent monter une liste \u00ab\u00a0<strong>transpartisane<\/strong>, <strong>faire bouger les lignes et rassembler<\/strong>.<strong>\u00a0Nous voulons g\u00e9rer la commune pour am\u00e9liorer le quotidien de ses habitants et r\u00e9pondre de mani\u00e8re \u00e9quitable \u00e0 chaque citoyenne et citoyen, ainsi qu\u2019aux associations\u00a0\u00bb.<\/strong> Ils pr\u00f4nent \u00ab<strong>\u00a0la transparence<\/strong>\u00a0\u00bb et disent refuser que\u00a0le conseil municipal se r\u00e9sume \u00e0<strong> \u00ab\u00a0une simple caisse enregistreuse, ent\u00e9rinant les <strong>d\u00e9cisions prises par l\u2019ex\u00e9cutif\u00a0\u00bb<\/strong>. <\/strong> Aussi, sur la m\u00e9thode, il s indiquent vouloir \u00ab <strong>\u00a0travailler avec tout le monde\u00a0: \u00e9lus de la majorit\u00e9 ou non\u00a0\u00bb.<\/strong><\/p>\n<p>Parmi les sujets qu\u2019ils souhaitent mettre en avant\u00a0: \u00ab\u00a0 <strong>La jeunesse, l\u2019\u00e9conomie, la culture, l\u2019\u00e9conomie et, notamment, le pouvoir d\u2019achat, les entreprises mais aussi, apr\u00e8s les \u00e9pisodes de botulisme et en tant que<\/strong> \u00a0 <strong>commune riveraine du lac de Grand-Lieu, l\u2019eau\u00a0\u00bb,<\/strong> \u00e9num\u00e8re Laurent Tenaud.<\/p>\n<p>\u00ab\u00a0Affiner et enrichir le programme\u00a0\u00bb<\/p>\n<p>Enfin, \u00ab <strong>\u00a0un \u00e9l\u00e9ment capital de [<\/strong>leur<strong>] campagne<\/strong> \u00a0\u00bb consistera \u00e9galement \u00e0 \u00ab <strong>\u00a0re<\/strong> \u00a0\u00bb cr\u00e9er le lien avec les huit autres communes de Grand Lieu communaut\u00e9 qu\u2019ils consid\u00e8rent en partie rompu. Ils mettent en cause \u00ab<strong>\u00a0le comportement du sortant <\/strong>[le maire, St\u00e9phan Beaug\u00e9]<strong> qui<\/strong>\u00a0 <strong>exasp\u00e8re les \u00e9lus communautaires<\/strong> \u00a0\u00bb.<\/p>\n<p>En attendant, l\u2019heure est \u00e0 la recherche de candidats pr\u00eats \u00e0 s\u2019engager avec eux pour \u00ab<strong>\u00a0affiner et enrichir [leur] programme<\/strong>\u00a0\u00bb et, surtout, pour constituer une liste paritaire de 29\u00a0personnes d\u2019ici le 26\u00a0f\u00e9vrier 2026, 18\u00a0h, date limite de d\u00e9p\u00f4t des candidatures pour le premier tour.<\/p>\n<p><strong>Contact.<\/strong> saintphilbertdegrandmieux@gmail.com<\/p>\n<p>\u00a0<\/p>\n","protected":false},"excerpt":{"rendered":"Un nouveau groupe d\u2019une quinzaine d\u2019habitants se lance dans la campagne des municipales de mars\u00a02026. Baptis\u00e9 Saint-Philbert-de-Grand-Mieux, le&hellip;\n","protected":false},"author":2,"featured_media":510325,"comment_status":"","ping_status":"","sticky":false,"template":"","format":"standard","meta":{"footnotes":""},"categories":[2818],"tags":[5734,1111,11,28489,1777,674,4560,1011,27,2705,48298,32557,3554,766,12,2636,25],"class_list":{"0":"post-510324","1":"post","2":"type-post","3":"status-publish","4":"format-standard","5":"has-post-thumbnail","7":"category-nantes","8":"tag-5734","9":"tag-actu","10":"tag-actualites","11":"tag-citoyens","12":"tag-eu","13":"tag-europe","14":"tag-faire","15":"tag-fr","16":"tag-france","17":"tag-groupe","18":"tag-lice","19":"tag-mieux","20":"tag-municipales","21":"tag-nantes","22":"tag-news","23":"tag-pays-de-la-loire","24":"tag-republique-francaise"},"share_on_mastodon":{"url":"https:\/\/pubeurope.com\/@fr\/115489529108955911","error":""},"_links":{"self":[{"href":"https:\/\/www.europesays.com\/fr\/wp-json\/wp\/v2\/posts\/510324","targetHints":{"allow":["GET"]}}],"collection":[{"href":"https:\/\/www.europesays.com\/fr\/wp-json\/wp\/v2\/posts"}],"about":[{"href":"https:\/\/www.europesays.com\/fr\/wp-json\/wp\/v2\/types\/post"}],"author":[{"embeddable":true,"href":"https:\/\/www.europesays.com\/fr\/wp-json\/wp\/v2\/users\/2"}],"replies":[{"embeddable":true,"href":"https:\/\/www.europesays.com\/fr\/wp-json\/wp\/v2\/comments?post=510324"}],"version-history":[{"count":0,"href":"https:\/\/www.europesays.com\/fr\/wp-json\/wp\/v2\/posts\/510324\/revisions"}],"wp:featuredmedia":[{"embeddable":true,"href":"https:\/\/www.europesays.com\/fr\/wp-json\/wp\/v2\/media\/510325"}],"wp:attachment":[{"href":"https:\/\/www.europesays.com\/fr\/wp-json\/wp\/v2\/media?parent=510324"}],"wp:term":[{"taxonomy":"category","embeddable":true,"href":"https:\/\/www.europesays.com\/fr\/wp-json\/wp\/v2\/categories?post=510324"},{"taxonomy":"post_tag","embeddable":true,"href":"https:\/\/www.europesays.com\/fr\/wp-json\/wp\/v2\/tags?post=510324"}],"curies":[{"name":"wp","href":"https:\/\/api.w.org\/{rel}","templated":true}]}}