{"id":510336,"date":"2025-11-04T04:31:23","date_gmt":"2025-11-04T04:31:23","guid":{"rendered":"https:\/\/www.europesays.com\/fr\/510336\/"},"modified":"2025-11-04T04:31:23","modified_gmt":"2025-11-04T04:31:23","slug":"un-etudiant-tue-par-un-chauffard-a-lille-le-drame-qui-relance-lalerte-sur-le-protoxyde-dazote","status":"publish","type":"post","link":"https:\/\/www.europesays.com\/fr\/510336\/","title":{"rendered":"Un \u00e9tudiant tu\u00e9 par un chauffard \u00e0 Lille : le drame qui relance l\u2019alerte sur le protoxyde d\u2019azote"},"content":{"rendered":"<p>Sommaire<\/p>\n<p>Un drame terrible a secou\u00e9 Lille dans la nuit du 1er novembre.<br \/>\nUn \u00e9tudiant de 19 ans a perdu la vie, fauch\u00e9 par un automobiliste<br \/>\nen fuite, soup\u00e7onn\u00e9 d\u2019avoir consomm\u00e9 <a href=\"https:\/\/www.doctissimo.fr\/sante\/sante-au-quotidien\/addictions\/drogues\/protoxyde-dazote-la-france-face-a-un-fleau-sous-estime-entre-addiction-paralysies-et-explosion-des-cas-graves-402348.htm\" target=\"_blank\" rel=\"noopener\"><br \/>\ndu protoxyde d\u2019azote<\/a>. Une nouvelle campagne a \u00e9t\u00e9 lanc\u00e9e ce 24<br \/>\noctobre 2025 par la Fondation VINCI Autoroutes pour rappeler les<br \/>\ndangers de ce fl\u00e9au qui touche de plus en plus de jeunes<br \/>\nconducteurs.<\/p>\n<p>Un nouveau drame sous l&rsquo;effet du<br \/>\nprotoxyde d&rsquo;azote<\/p>\n<p>L\u2019accident s\u2019est produit en plein centre-ville, vers cinq heures<br \/>\ndu matin, lorsqu\u2019un conducteur de 31 ans a refus\u00e9 d\u2019obtemp\u00e9rer \u00e0 un<br \/>\ncontr\u00f4le de police avant de percuter violemment le jeune homme sur<br \/>\nun passage pi\u00e9ton. Selon Cl\u00e9ment Coasne, d\u00e9l\u00e9gu\u00e9 du syndicat Unit\u00e9<br \/>\npolice, \u00ab\u00a0Les fonctionnaires de police ont remarqu\u00e9 un<br \/>\nconducteur qui roulait \u00e0 toute vitesse. Quand ils sont arriv\u00e9s \u00e0 la<br \/>\nhauteur de cet individu, ils se sont rendu compte qu&rsquo;il consommait<br \/>\ndu protoxyde d&rsquo;azote\u00a0\u00bb. Le suspect, interpell\u00e9 peu apr\u00e8s les<br \/>\nfaits, a \u00e9t\u00e9 mis en examen pour homicide routier et refus<br \/>\nd\u2019obtemp\u00e9rer.<\/p>\n<p>Des chiffres alarmants, et les jeunes<br \/>\nen premi\u00e8re ligne<\/p>\n<p>L\u2019affaire a relanc\u00e9 le d\u00e9bat sur l\u2019usage d\u00e9tourn\u00e9 du protoxyde<br \/>\nd\u2019azote, plus connu sous le nom de gaz hilarant. Ce produit,<br \/>\nutilis\u00e9 \u00e0 l\u2019origine en anesth\u00e9sie ou dans l\u2019agroalimentaire, est<br \/>\ndevenu en quelques ann\u00e9es un ph\u00e9nom\u00e8ne de soci\u00e9t\u00e9, pris\u00e9 des jeunes<br \/>\npour ses effets euphorisants de courte dur\u00e9e. Mais cette l\u00e9g\u00e8ret\u00e9<br \/>\napparente dissimule un risque grave : <a href=\"https:\/\/www.doctissimo.fr\/sante\/maladies\/maladies-neurologiques\/maladie-neurologique-definition-liste-symptomes-et-evolution\/e3be9a_ar.html\" target=\"_blank\" rel=\"noopener\"><br \/>\ntroubles neurologiques<\/a>, perte de coordination, accidents<br \/>\nparfois mortels.<\/p>\n<p>Selon une enqu\u00eate Ipsos men\u00e9e pour la Fondation VINCI<br \/>\nAutoroutes, \u00ab\u00a01 jeune de moins de 35 ans sur 10 a d\u00e9j\u00e0 consomm\u00e9<br \/>\ndu protoxyde d\u2019azote lors d\u2019une soir\u00e9e entre amis\u00a0\u00bb et<br \/>\n\u00ab\u00a0parmi eux, 1 sur 2 en a pris en conduisant\u00a0\u00bb. Les chiffres<br \/>\nsont alarmants : \u00ab\u00a07 % des moins de 35 ans ont d\u00e9j\u00e0 \u00e9t\u00e9<br \/>\npassagers d\u2019une voiture dont le conducteur avait pris du protoxyde<br \/>\nd\u2019azote\u00a0\u00bb. Plus inqui\u00e9tant encore, \u00ab\u00a010 % des jeunes de 16 \u00e0<br \/>\n24 ans consid\u00e8rent que prendre du protoxyde d\u2019azote en conduisant<br \/>\nn\u2019est pas dangereux\u00a0\u00bb et \u00ab\u00a011 % pensent qu\u2019\u00eatre passager<br \/>\nd\u2019un conducteur ayant consomm\u00e9 n\u2019est pas risqu\u00e9\u00a0\u00bb.<\/p>\n<p>Pour Bernadette Moreau, d\u00e9l\u00e9gu\u00e9e g\u00e9n\u00e9rale de la Fondation VINCI<br \/>\nAutoroutes, \u00ab\u00a0Face au volume grandissant de bonbonnes de<br \/>\nprotoxyde d\u2019azote retrouv\u00e9es au bord des voies ou sur les aires<br \/>\nd\u2019autoroute, il est urgent d\u2019alerter le grand public, et les jeunes<br \/>\nen particulier, sur les dangers de l\u2019inhalation de ce gaz qui n\u2019a<br \/>\nrien d\u2019hilarant\u00a0\u00bb.<\/p>\n<p>Que faire en cas d\u2019intoxication ou de<br \/>\nd\u00e9pendance au protoxyde d\u2019azote ?<\/p>\n<p>Les effets du protoxyde d\u2019azote ne se limitent pas \u00e0 une simple<br \/>\nperte de vigilance. Inhal\u00e9 r\u00e9guli\u00e8rement, il peut provoquer des<br \/>\ntroubles neurologiques graves, <a href=\"https:\/\/www.doctissimo.fr\/html\/sante\/encyclopedie\/sa_962_vertiges.htm\" target=\"_blank\" rel=\"noopener\"><br \/>\nune perte d\u2019\u00e9quilibre<\/a>, des difficult\u00e9s \u00e0 marcher, voire<br \/>\n<a href=\"https:\/\/www.doctissimo.fr\/html\/sante\/encyclopedie\/sa_1084_ie.htm\" target=\"_blank\" rel=\"noopener\"><br \/>\nune parapl\u00e9gie<\/a>.<\/p>\n<p>En cas d\u2019intoxication, il est recommand\u00e9 de consulter<br \/>\nimm\u00e9diatement un m\u00e9decin ou d\u2019appeler le centre antipoison au 01 45<br \/>\n42 59 59. Si la personne pr\u00e9sente des troubles respiratoires, un<br \/>\nmalaise ou <a href=\"https:\/\/www.doctissimo.fr\/html\/sante\/encyclopedie\/sa_841_syncopes.htm\" target=\"_blank\" rel=\"noopener\"><br \/>\nune perte de connaissance<\/a>, les num\u00e9ros d\u2019urgence (112, 15 ou<br \/>\n17) doivent \u00eatre contact\u00e9s sans d\u00e9lai. Les femmes enceintes sont<br \/>\n\u00e9galement invit\u00e9es \u00e0 \u00e9viter toute exposition \u00e0 ce gaz, dangereux<br \/>\npour le f\u0153tus.<\/p>\n<p>Lorsqu\u2019une d\u00e9pendance s\u2019installe, le recours \u00e0 un professionnel<br \/>\nde sant\u00e9 est indispensable. Les centres de soins, d\u2019accompagnement<br \/>\net de pr\u00e9vention en addictologie (CSAPA) peuvent proposer un suivi<br \/>\nadapt\u00e9, tout comme les consultations jeunes consommateurs (CJC)<br \/>\npour les moins de 25 ans. Drogues info service (0 800 23 13 13) ou<br \/>\nle site <a href=\"https:\/\/www.drogues-info-service.fr\/\" target=\"_blank\" rel=\"nofollow noopener\">http:\/\/www.drogues-info-service.fr<\/a><br \/>\nreste aussi un interlocuteur disponible et gratuit, 7 jours sur<br \/>\n7.<\/p>\n<p>Une campagne nationale pour briser le<br \/>\nfaux rire du proto<\/p>\n<p>Face \u00e0 la multiplication des drames et \u00e0 la banalisation du<br \/>\n\u00ab\u00a0proto\u00a0\u00bb, la Fondation VINCI Autoroutes a lanc\u00e9 le 24 octobre 2025<br \/>\nune campagne de sensibilisation intitul\u00e9e \u00ab\u00a0Protoxyde d\u2019azote : rien<br \/>\nd\u2019hilarant\u00a0\u00bb. Le clip, diffus\u00e9 sur les r\u00e9seaux sociaux et sur les<br \/>\naires d\u2019autoroute, montre d\u2019abord des visages en plein fou rire<br \/>\navant de r\u00e9v\u00e9ler la r\u00e9alit\u00e9 tragique derri\u00e8re ces sc\u00e8nes :<br \/>\naccidents, hospitalisations, paralysies.<\/p>\n<p>Objectif : provoquer une prise de conscience collective. Sur le<br \/>\nterrain, la Fondation s\u2019est associ\u00e9e \u00e0 l\u2019association Protoside pour<br \/>\naller \u00e0 la rencontre des familles et des jeunes voyageurs.<br \/>\nGuillaume Grzych, pr\u00e9sident du r\u00e9seau Protoside et ma\u00eetre de<br \/>\nconf\u00e9rences au CHU de Lille, alerte : \u00ab\u00a0Les r\u00e9sultats de cette<br \/>\nenqu\u00eate confirment ce que nous observons sur le terrain. Ce<br \/>\nprobl\u00e8me de sant\u00e9 publique est largement sous-estim\u00e9 par les<br \/>\nsyst\u00e8mes actuels de signalement via les services d\u2019urgence. Il faut<br \/>\npr\u00e9venir mieux, d\u00e9tecter plus t\u00f4t et d\u00e9ployer des actions<br \/>\nconcr\u00e8tes\u00a0\u00bb.<\/p>\n<p>Ce drame \u00e0 Lille illustre tragiquement la d\u00e9rive d\u2019un gaz festif<br \/>\ndevenu un poison silencieux. Derri\u00e8re le rire, c\u2019est une urgence<br \/>\nsanitaire que les autorit\u00e9s et les associations tentent d\u00e9sormais<br \/>\nde faire entendre.<\/p>\n","protected":false},"excerpt":{"rendered":"Sommaire Un drame terrible a secou\u00e9 Lille dans la nuit du 1er novembre. Un \u00e9tudiant de 19 ans&hellip;\n","protected":false},"author":2,"featured_media":510337,"comment_status":"","ping_status":"","sticky":false,"template":"","format":"standard","meta":{"footnotes":""},"categories":[2815],"tags":[1111,11,1777,674,1011,27,811,1307,12,25,729],"class_list":{"0":"post-510336","1":"post","2":"type-post","3":"status-publish","4":"format-standard","5":"has-post-thumbnail","7":"category-lille","8":"tag-actu","9":"tag-actualites","10":"tag-eu","11":"tag-europe","12":"tag-fr","13":"tag-france","14":"tag-hauts-de-france","15":"tag-lille","16":"tag-news","17":"tag-republique-francaise","18":"tag-yout_video"},"share_on_mastodon":{"url":"https:\/\/pubeurope.com\/@fr\/115489556661638656","error":""},"_links":{"self":[{"href":"https:\/\/www.europesays.com\/fr\/wp-json\/wp\/v2\/posts\/510336","targetHints":{"allow":["GET"]}}],"collection":[{"href":"https:\/\/www.europesays.com\/fr\/wp-json\/wp\/v2\/posts"}],"about":[{"href":"https:\/\/www.europesays.com\/fr\/wp-json\/wp\/v2\/types\/post"}],"author":[{"embeddable":true,"href":"https:\/\/www.europesays.com\/fr\/wp-json\/wp\/v2\/users\/2"}],"replies":[{"embeddable":true,"href":"https:\/\/www.europesays.com\/fr\/wp-json\/wp\/v2\/comments?post=510336"}],"version-history":[{"count":0,"href":"https:\/\/www.europesays.com\/fr\/wp-json\/wp\/v2\/posts\/510336\/revisions"}],"wp:featuredmedia":[{"embeddable":true,"href":"https:\/\/www.europesays.com\/fr\/wp-json\/wp\/v2\/media\/510337"}],"wp:attachment":[{"href":"https:\/\/www.europesays.com\/fr\/wp-json\/wp\/v2\/media?parent=510336"}],"wp:term":[{"taxonomy":"category","embeddable":true,"href":"https:\/\/www.europesays.com\/fr\/wp-json\/wp\/v2\/categories?post=510336"},{"taxonomy":"post_tag","embeddable":true,"href":"https:\/\/www.europesays.com\/fr\/wp-json\/wp\/v2\/tags?post=510336"}],"curies":[{"name":"wp","href":"https:\/\/api.w.org\/{rel}","templated":true}]}}