{"id":510339,"date":"2025-11-04T04:33:24","date_gmt":"2025-11-04T04:33:24","guid":{"rendered":"https:\/\/www.europesays.com\/fr\/510339\/"},"modified":"2025-11-04T04:33:24","modified_gmt":"2025-11-04T04:33:24","slug":"un-marin-pompier-de-marseille-dans-un-etat-preoccupant-apres-avoir-ete-agresse-devant-son-domicile","status":"publish","type":"post","link":"https:\/\/www.europesays.com\/fr\/510339\/","title":{"rendered":"Un marin-pompier de Marseille dans un \u00e9tat pr\u00e9occupant apr\u00e8s avoir \u00e9t\u00e9 agress\u00e9 devant son domicile"},"content":{"rendered":"<p>\n    Le militaire, hors-service au moment des faits, aurait \u00e9t\u00e9 violent\u00e9 devant son pavillon de Vitrolles par un groupe de jeunes. Victime d\u2019une h\u00e9morragie c\u00e9r\u00e9brale, il a \u00e9t\u00e9 hospitalis\u00e9 en r\u00e9animation.<\/p>\n<p class=\"fig-paragraph\">C\u2019est une agression qui sid\u00e8re dans les rangs du\u00a0<a href=\"http:\/\/www.lefigaro.fr\/marseille\/creer-du-lien-avec-la-population-a-marseille-cette-unite-des-marins-pompiers-previent-les-violences-urbaines-par-la-desescalade-20240422\" data-fig-type=\"NewsFlash\" data-gtm-custom-categorie=\"navigation\" data-gtm-custom-action=\"crossclick\" data-gtm-custom-label=\"Contextuel\" data-gtm-event=\"customEventSPE\" data-fig-domain=\"LEFIGARO\" target=\"_blank\" rel=\"noopener\">bataillon des marins-pompiers de Marseille<\/a>\u00a0(BMPM). Samedi dans la soir\u00e9e, l\u2019un des militaires de cette unit\u00e9 de la Marine nationale a \u00e9t\u00e9 retrouv\u00e9 gri\u00e8vement bless\u00e9 apr\u00e8s avoir \u00e9t\u00e9 violent\u00e9 devant son domicile de Vitrolles, indiquent au Figaro des sources concordantes.<\/p>\n<p class=\"fig-paragraph\">Comme initialement r\u00e9v\u00e9l\u00e9 par nos confr\u00e8res de\u00a0<a href=\"https:\/\/www.laprovence.com\/article\/faits-divers-justice\/1098944838310915\/un-homme-de-32-ans-violemment-agresse-devant-son-domicile-a-vitrolles\" target=\"_blank\" rel=\"sponsored noopener\" data-gtm-custom-categorie=\"navigation\" data-gtm-custom-action=\"crossclick\" data-gtm-custom-label=\"Contextuel\" data-gtm-event=\"customEventSPE\">La Provence<\/a>, les secours ont \u00e9t\u00e9 alert\u00e9s peu apr\u00e8s 20 heures qu\u2019un homme de 33 ans gisait inconscient sur le trottoir devant son pavillon. Saisie, la police municipale de Vitrolles a pr\u00e9venu la police nationale, tandis que des pompiers du service d\u00e9partemental d\u2019incendie et de secours des Bouches-du-Rh\u00f4ne (SDIS 13) prodiguaient les premiers secours \u00e0 la victime. Cette derni\u00e8re souffrait alors d\u2019une blessure \u00e0 la t\u00eate accompagn\u00e9e de saignements aux oreilles.<\/p>\n<p>                                    <a class=\"fig-a11y-skip a11y-hidden\" href=\"#fig-a11y-skip-main-inarticle\"><br \/>\n        Passer la publicit\u00e9<br \/>\n    <\/a><\/p>\n<p class=\"fig-paragraph\">Selon nos informations, la victime travaille dans l\u2019une des casernes de la deuxi\u00e8me ville de France. Le soldat du feu, hors-service au moment des faits, se trouvait chez lui avec sa conjointe lorsqu\u2019il a \u00e9t\u00e9 importun\u00e9 par des jets de projectiles. Plusieurs jeunes individus s\u2019amusaient vraisemblablement \u00e0 jeter des pierres et des pommes de pin sur la fa\u00e7ade de la maison du couple. Des faits qui ont entra\u00een\u00e9 l\u2019ire du militaire, sortant de son logement pour confronter les provocateurs.<\/p>\n<p>De jeunes suspects en fuite<\/p>\n<p class=\"fig-paragraph\">Mais pr\u00e8s d\u2019une heure apr\u00e8s sa sortie, l\u2019homme n\u2019\u00e9tait toujours pas rentr\u00e9 chez lui. Inqui\u00e8te, sa conjointe s\u2019est rendue dans la rue, d\u00e9couvrant avec stupeur que les secours s\u2019affairaient autour du corps inanim\u00e9 du marin-pompier. Transport\u00e9 au service de r\u00e9animation polyvalente de l\u2019h\u00f4pital Nord de Marseille avec un pronostic vital engag\u00e9, il souffrait d\u2019une h\u00e9morragie c\u00e9r\u00e9brale. Dans un \u00e9tat \u00abpr\u00e9occupant\u00bb tout le reste du week-end, l\u2019homme pr\u00e9sente un bilan l\u00e9sionnel important.<\/p>\n<p class=\"fig-paragraph\">Sollicit\u00e9, le parquet d\u2019Aix-en-Provence a confirm\u00e9 au Figaro avoir ouvert une enqu\u00eate des chefs de \u00abviolences aggrav\u00e9es en r\u00e9union\u00bb. Les investigations sont toujours en cours pour \u00e9tablir le d\u00e9roul\u00e9 des \u00e9v\u00e8nements. Des t\u00e9moins ont indiqu\u00e9 aux forces de l\u2019ordre avoir d\u00e9couvert le militaire au sol entour\u00e9 de plusieurs jeunes \u00abaffol\u00e9s\u00bb. Apr\u00e8s avoir \u00e9voqu\u00e9 un \u00abquiproquo\u00bb, la bande a pris la fuite sans attendre l\u2019arriv\u00e9e des secours. Ils sont suspect\u00e9s d\u2019avoir particip\u00e9 \u00e0 une rixe visant le militaire et impliquant au moins sept personnes dont des mineurs. S\u2019il est trop t\u00f4t pour \u00e9tablir un mobile, il appara\u00eet que ces jeunes individus n\u2019ont pas agi en connaissance de la fonction de leur victime, qui ne travaillait pas le soir de son agression.<\/p>\n","protected":false},"excerpt":{"rendered":"Le militaire, hors-service au moment des faits, aurait \u00e9t\u00e9 violent\u00e9 devant son pavillon de Vitrolles par un groupe&hellip;\n","protected":false},"author":2,"featured_media":510340,"comment_status":"","ping_status":"","sticky":false,"template":"","format":"standard","meta":{"footnotes":""},"categories":[2814],"tags":[1111,11,1120,1777,674,1011,27,884,12,1311,882,25],"class_list":{"0":"post-510339","1":"post","2":"type-post","3":"status-publish","4":"format-standard","5":"has-post-thumbnail","7":"category-marseille","8":"tag-actu","9":"tag-actualites","10":"tag-agression","11":"tag-eu","12":"tag-europe","13":"tag-fr","14":"tag-france","15":"tag-marseille","16":"tag-news","17":"tag-pompiers","18":"tag-provence-alpes-cote-dazur","19":"tag-republique-francaise"},"share_on_mastodon":{"url":"https:\/\/pubeurope.com\/@fr\/115489564575920752","error":""},"_links":{"self":[{"href":"https:\/\/www.europesays.com\/fr\/wp-json\/wp\/v2\/posts\/510339","targetHints":{"allow":["GET"]}}],"collection":[{"href":"https:\/\/www.europesays.com\/fr\/wp-json\/wp\/v2\/posts"}],"about":[{"href":"https:\/\/www.europesays.com\/fr\/wp-json\/wp\/v2\/types\/post"}],"author":[{"embeddable":true,"href":"https:\/\/www.europesays.com\/fr\/wp-json\/wp\/v2\/users\/2"}],"replies":[{"embeddable":true,"href":"https:\/\/www.europesays.com\/fr\/wp-json\/wp\/v2\/comments?post=510339"}],"version-history":[{"count":0,"href":"https:\/\/www.europesays.com\/fr\/wp-json\/wp\/v2\/posts\/510339\/revisions"}],"wp:featuredmedia":[{"embeddable":true,"href":"https:\/\/www.europesays.com\/fr\/wp-json\/wp\/v2\/media\/510340"}],"wp:attachment":[{"href":"https:\/\/www.europesays.com\/fr\/wp-json\/wp\/v2\/media?parent=510339"}],"wp:term":[{"taxonomy":"category","embeddable":true,"href":"https:\/\/www.europesays.com\/fr\/wp-json\/wp\/v2\/categories?post=510339"},{"taxonomy":"post_tag","embeddable":true,"href":"https:\/\/www.europesays.com\/fr\/wp-json\/wp\/v2\/tags?post=510339"}],"curies":[{"name":"wp","href":"https:\/\/api.w.org\/{rel}","templated":true}]}}