{"id":510341,"date":"2025-11-04T04:34:12","date_gmt":"2025-11-04T04:34:12","guid":{"rendered":"https:\/\/www.europesays.com\/fr\/510341\/"},"modified":"2025-11-04T04:34:12","modified_gmt":"2025-11-04T04:34:12","slug":"la-proposition-choc-de-cette-candidate-a-la-metropole-de-lyon-moquee","status":"publish","type":"post","link":"https:\/\/www.europesays.com\/fr\/510341\/","title":{"rendered":"la proposition \u00ab\u00a0choc\u00a0\u00bb de cette candidate \u00e0 la M\u00e9tropole de Lyon moqu\u00e9e"},"content":{"rendered":"<p>            Par<br \/>\n        <strong><br \/>\n            <a href=\"https:\/\/actu.fr\/auteur\/ludivine-caporal\" title=\"Consulter tous les articles de Ludivine Caporal\" target=\"_blank\" rel=\"noopener\">Ludivine Caporal<\/a><br \/>\n        <\/strong><\/p>\n<p>        Publi\u00e9 le<\/p>\n<p>            3 nov. 2025 \u00e0 17h17        <\/p>\n<p>Apr\u00e8s sa proposition de <a href=\"https:\/\/actu.fr\/auvergne-rhone-alpes\/lyon_69123\/lyon-je-ferai-sauter-la-ztl-et-les-bouchons-la-promesse-choc-de-veronique-sarselli_63313584.html\" target=\"_blank\" rel=\"noopener\">supprimer la Zone \u00e0 Trafic Limit\u00e9 (ZTL)<\/a> sur la Presqu\u2019\u00eele de Lyon, <strong>V\u00e9ronique Sarselli<\/strong> s\u2019empare cette fois du volet s\u00e9curitaire avec une nouvelle \u00ab\u00a0annonce choc\u00a0\u00bb, selon ses propres mots.<br \/>La <a href=\"https:\/\/actu.fr\/auvergne-rhone-alpes\/lyon_69123\/lyon-les-ecologistes-secoues-a-la-metropole-la-droite-en-tete-d-un-nouveau-sondage_63368201.html\" target=\"_blank\" rel=\"noopener\">candidate LR \u00e0 la M\u00e9tropole de Lyon<\/a> s\u2019attaque aux arnaques \u00e0 domicile, qui se sont en effet <a href=\"https:\/\/actu.fr\/societe\/pres-de-lyon-c-est-monstrueux-la-gendarmerie-alerte-sur-ces-arnaques-qui-explosent_63273205.html\" target=\"_blank\" rel=\"noopener\">multipli\u00e9es sur le territoire ces derniers temps<\/a>, en proposant une \u00ab\u00a0aide\u00a0\u00bb pour les personnes \u00e2g\u00e9es et vuln\u00e9rables. Une promesse \u00e9lectorale tr\u00e8s critiqu\u00e9e par ses adversaires politiques.<\/p>\n<p>Un bouton d\u2019alerte \u00ab\u00a0anti-fraude\u00a0\u00bb<\/p>\n<p class=\" wall-content\">Comme il en existe d\u00e9j\u00e0 <strong>en cas d\u2019accident, de chute ou de cambriolage,<\/strong> V\u00e9ronique Sarselli souhaite en fait \u00e9quiper d\u2019un bouton d\u2019alerte \u00ab\u00a0anti-fraude\u00a0\u00bb tout habitant \u00e2g\u00e9 de plus de 75 ans et\/ou vuln\u00e9rable.<\/p>\n<p class=\" wall-content\">Un syst\u00e8me qu\u2019ils pourraient utiliser afin \u00ab\u00a0d\u2019alerter d\u2019un seul geste leurs proches ou les secours\u00a0\u00bb de la pr\u00e9sence de personnes suspectes \u00e0 leurs portes.<\/p>\n<p class=\" wall-content\">\u00ab\u00a0Depuis plusieurs mois, les fraudes et escroqueries visant nos a\u00een\u00e9s explosent : faux conseillers bancaires ; <a href=\"https:\/\/actu.fr\/auvergne-rhone-alpes\/lyon_69123\/lyon-cette-nouvelle-arnaque-vicieuse-inquiete-dans-les-immeubles-une-alerte-lancee_63336319.html\" target=\"_blank\" rel=\"noopener\">faux agents m\u00e9tropolitains<\/a> ; cartes bancaires d\u00e9rob\u00e9es \u00e0 domicile. Je refuse que la peur s\u2019installe jusque dans nos foyers (\u2026) Pr\u00e9venir, prot\u00e9ger, rassurer : voil\u00e0 ma priorit\u00e9\u00a0\u00bb, \u00e9crit bri\u00e8vement la candidate sur ses r\u00e9seaux sociaux.\u00a0<\/p>\n<p class=\" wall-content\">\n<p>\u00ab\u00a0Bien d\u00e9mago\u00a0\u00bb<\/p>\n<p class=\" wall-content\">Une proposition qui n\u2019a pas manqu\u00e9 de faire r\u00e9agir certains opposants politiques, mais aussi plusieurs habitants.\u00a0<\/p>\n<p class=\" wall-content\">\u00ab\u00a0Entre le \u00ab bouton anti-fraude \u00bb de V. Sarselli et les \u00ab psychologues de rue \u00bb de J-M Aulas, c\u2019est la foire \u00e0 la saucisse des propositions s\u00e9curitaires les plus \u00e0 c\u00f4t\u00e9 de la plaque. La s\u00e9curit\u00e9 des Lyonnais est un enjeu vital qui ne peut souffrir l\u2019amateurisme ou la l\u00e9g\u00e8ret\u00e9 !\u00a0\u00bb, commente <a href=\"https:\/\/actu.fr\/auvergne-rhone-alpes\/lyon_69123\/lyon-alexandre-dupalais-candidat-soutenu-par-le-rn-lance-sa-campagne-la-ville-a-ete-saccagee_63202686.html\" target=\"_blank\" rel=\"noopener\">Alexandre Dupalais<\/a>, candidat de l\u2019Union des droites, soutenu par le RN, \u00e0 la mairie de Lyon.<\/p>\n<p class=\" wall-content\">\u00ab\u00a0Ce n\u2019est pas dans vos comp\u00e9tences,<strong> ce n\u2019est pas le r\u00f4le de la puissance publique<\/strong> et il y a d\u00e9j\u00e0 des solutions existantes, restez en dehors de \u00e7a\u00a0\u00bb, ass\u00e8ne un internaute.<\/p>\n<p>Votre r\u00e9gion, votre actu !<\/p>\n<p>Recevez chaque jour les infos qui comptent pour vous.<\/p>\n<p>\t<a href=\"https:\/\/actu.fr\/newsletter\" class=\"ac-btn ac-btn--corner ac-btn--medium ac-btn--blue800\" target=\"_blank\" rel=\"noopener\">S&rsquo;incrire<\/a><\/p>\n<p class=\" wall-content\">\u00ab\u00a0Le principe d\u2019\u00eatre tromp\u00e9, c\u2019est que les gens vuln\u00e9rables ne s\u2019en rendent pas compte sur le moment. Vous \u00eates des g\u00e9nies\u00a0\u00bb, \u00ab\u00a0Une proposition bien d\u00e9mago qui ne changera rien au quotidien de nos concitoyens\u00a0\u00bb, \u00e9crivent deux autres.\u00a0<\/p>\n<p>Un \u00e9lu \u00e9cologiste propose plut\u00f4t d\u2019appeler le 17<\/p>\n<p class=\" wall-content\">Dans le camp des \u00e9cologistes, seul Laurent Bosetti, adjoint ex-LFI au maire de Lyon en charge de la promotion des services publics et du handicap, a pour l\u2019instant r\u00e9agi.<\/p>\n<p class=\" wall-content\">\u00ab\u00a0En tapant le 17 sur votre t\u00e9l\u00e9phone, vous obtiendrez un r\u00e9sultat plus satisfaisant\u00a0\u00bb, publie-t-il en r\u00e9ponse. Mais son commentaire a, lui aussi, trouv\u00e9 ses d\u00e9tracteurs, qui ont notamment mis en avant les d\u00e9lais de r\u00e9ponse de la police ou encore l\u2019impossibilit\u00e9, pour certaines victimes, d\u2019avoir ce r\u00e9flexe le moment venu.<\/p>\n<p class=\" wall-content\">Personnalisez votre actualit\u00e9 en ajoutant vos villes et m\u00e9dias en favori avec <a href=\"https:\/\/moncompte.actu.fr\" title=\"D\u00e9couvez Mon Actu\" rel=\"nofollow noopener\" data-trk=\"{&quot;cta&quot;:{&quot;action&quot;:&quot;https:\\\/\\\/moncompte.actu.fr&quot;,&quot;category&quot;:&quot;mon compte&quot;,&quot;from&quot;:&quot;article footer&quot;,&quot;name&quot;:&quot;Mon actu&quot;,&quot;type&quot;:&quot;cta&quot;}}\" target=\"_blank\">Mon Actu<\/a>.<\/p>\n","protected":false},"excerpt":{"rendered":"Par Ludivine Caporal Publi\u00e9 le 3 nov. 2025 \u00e0 17h17 Apr\u00e8s sa proposition de supprimer la Zone \u00e0&hellip;\n","protected":false},"author":2,"featured_media":510342,"comment_status":"","ping_status":"","sticky":false,"template":"","format":"standard","meta":{"footnotes":""},"categories":[1889],"tags":[1111,11,3514,2430,1777,674,1011,27,2808,2428,12,316,25,3552],"class_list":{"0":"post-510341","1":"post","2":"type-post","3":"status-publish","4":"format-standard","5":"has-post-thumbnail","7":"category-lyon","8":"tag-actu","9":"tag-actualites","10":"tag-arnaque","11":"tag-auvergne-rhone-alpes","12":"tag-eu","13":"tag-europe","14":"tag-fr","15":"tag-france","16":"tag-grand-lyon","17":"tag-lyon","18":"tag-news","19":"tag-politique","20":"tag-republique-francaise","21":"tag-seniors"},"share_on_mastodon":{"url":"https:\/\/pubeurope.com\/@fr\/115489568499800103","error":""},"_links":{"self":[{"href":"https:\/\/www.europesays.com\/fr\/wp-json\/wp\/v2\/posts\/510341","targetHints":{"allow":["GET"]}}],"collection":[{"href":"https:\/\/www.europesays.com\/fr\/wp-json\/wp\/v2\/posts"}],"about":[{"href":"https:\/\/www.europesays.com\/fr\/wp-json\/wp\/v2\/types\/post"}],"author":[{"embeddable":true,"href":"https:\/\/www.europesays.com\/fr\/wp-json\/wp\/v2\/users\/2"}],"replies":[{"embeddable":true,"href":"https:\/\/www.europesays.com\/fr\/wp-json\/wp\/v2\/comments?post=510341"}],"version-history":[{"count":0,"href":"https:\/\/www.europesays.com\/fr\/wp-json\/wp\/v2\/posts\/510341\/revisions"}],"wp:featuredmedia":[{"embeddable":true,"href":"https:\/\/www.europesays.com\/fr\/wp-json\/wp\/v2\/media\/510342"}],"wp:attachment":[{"href":"https:\/\/www.europesays.com\/fr\/wp-json\/wp\/v2\/media?parent=510341"}],"wp:term":[{"taxonomy":"category","embeddable":true,"href":"https:\/\/www.europesays.com\/fr\/wp-json\/wp\/v2\/categories?post=510341"},{"taxonomy":"post_tag","embeddable":true,"href":"https:\/\/www.europesays.com\/fr\/wp-json\/wp\/v2\/tags?post=510341"}],"curies":[{"name":"wp","href":"https:\/\/api.w.org\/{rel}","templated":true}]}}