{"id":510351,"date":"2025-11-04T04:41:19","date_gmt":"2025-11-04T04:41:19","guid":{"rendered":"https:\/\/www.europesays.com\/fr\/510351\/"},"modified":"2025-11-04T04:41:19","modified_gmt":"2025-11-04T04:41:19","slug":"la-serie-a-ete-tournee-au-bataclan-cela-cree-un-malaise-pour-certaines-victimes","status":"publish","type":"post","link":"https:\/\/www.europesays.com\/fr\/510351\/","title":{"rendered":"la s\u00e9rie a \u00e9t\u00e9 tourn\u00e9e au Bataclan, cela cr\u00e9e un malaise pour certaines victimes"},"content":{"rendered":"<p class=\"app_entry_lead\">\n<p>                    <a title=\"\u00a0\u00a9\u00a0\u00a9 What' s up films\" href=\"https:\/\/www.europesays.com\/fr\/wp-content\/uploads\/2025\/11\/82300233.jpg\" class=\"fancy\"><\/p>\n<p>                            <img loading=\"lazy\" decoding=\"async\" src=\"https:\/\/www.europesays.com\/fr\/wp-content\/uploads\/2025\/11\/82300233.jpg\" alt=\"Des vivants\u00a0: la s\u00e9rie a \u00e9t\u00e9 tourn\u00e9e au Bataclan, cela cr\u00e9e un malaise pour certaines victimes\" width=\"1500\" height=\"1000\"\/><\/p>\n<p>                    <\/a><\/p>\n<p>                La s\u00e9rie inspir\u00e9e de l&rsquo;histoire des otages du Bataclan a cr\u00e9\u00e9 de l&rsquo;\u00e9motion aupr\u00e8s de certaines victimes, qui ont d\u00e9couvert que la salle de concert a servi de d\u00e9cor pour le tournage.<\/p>\n<p>Sommaire<\/p>\n<p>Le mois de novembre 2025 correspond aux dix ans des <a href=\"https:\/\/www.linternaute.fr\/actualite\/guide-histoire\/2567896-attentats-du-13-novembre-2015-bataclan-bars-metro-qu-a-revele-le-proces\/\" title=\"Attentat du 13 novembre\" target=\"_blank\" rel=\"noopener\">attentats du 13 novembre<\/a> \u00e0 Paris. France 2 a choisi de programmer d\u00e8s le lundi 3 novembre la s\u00e9rie de fiction Des vivants, de Jean-Xavier de Lestrade,\u00a0inspir\u00e9e de l&rsquo;histoire vraie\u00a0des otages du Bataclan. Lors des attentats dans la salle de concert o\u00f9 jouaient les Eagles of Death Metal, sept personnes sont prises en otages par les terroristes pendant pr\u00e8s de 2h30 avant d&rsquo;\u00eatre lib\u00e9r\u00e9s par la BRI.<\/p>\n<p>Ceux qui ont inspir\u00e9s cette s\u00e9rie, qui se sont retrouv\u00e9s apr\u00e8s les attentats en se surnommant \u00ab\u00a0les potages\u00a0\u00bb (contraction de \u00ab\u00a0potes\u00a0\u00bb et \u00ab\u00a0otages\u00a0\u00bb), ont particip\u00e9 \u00e0 l&rsquo;\u00e9criture de la s\u00e9rie. C&rsquo;est leur reconstruction, jusqu&rsquo;au proc\u00e8s, que cette s\u00e9rie de France T\u00e9l\u00e9vision se propose de relater, avec Benjamin Lavernhe, Alix Poisson, Antoine Reinartz ou encore F\u00e9lix Moati au casting. Pour certaines s\u00e9quences, les cam\u00e9ras se sont pos\u00e9es au Bataclan. En revanche, il a \u00e9t\u00e9 d\u00e9cid\u00e9 de ne montrer aucune victime d\u00e9c\u00e9d\u00e9e ou bless\u00e9e \u00e0 l&rsquo;\u00e9cran, et de filmer uniquement les fauteuils rouge du Bataclan. Un choix qui ne fait tout de m\u00eame pas fait l&rsquo;unanimit\u00e9 aupr\u00e8s de certaines victimes ou associations de victimes.<\/p>\n<p>Convi\u00e9 \u00e0 un d\u00eener avec le r\u00e9alisateur pour discuter des lignes rouges \u00e0 ne pas franchir dans cette fiction, Arthur D\u00e9nouveaux, pr\u00e9sident de Life for Paris, a \u00e9t\u00e9 surpris de d\u00e9couvrir que\u00a0Des vivants\u00a0a finalement \u00e9t\u00e9 tourn\u00e9 au Bataclan, contrairement \u00e0 ses r\u00e9ticences\u00a0: \u00ab\u00a0\u00c7a a cr\u00e9\u00e9 beaucoup de remous\u00a0\u00bb aupr\u00e8s de certains membres de l&rsquo;association, explique-t-il au micro d&rsquo;Ici.\u00a0 Il assure que cette d\u00e9cision a suscit\u00e9 \u00ab\u00a0une \u00e9norme \u00e9motion\u00a0\u00bb et peut potentiellement \u00ab\u00a0choquer profond\u00e9ment les victimes\u00a0\u00bb. \u00ab\u00a0Toute cette histoire ressemble un peu \u00e0 un vaste malentendu mais la fronti\u00e8re entre fiction et documentaire doit rester une fronti\u00e8re \u00e9tanche au risque de susciter des r\u00e9actions tr\u00e8s compliqu\u00e9es, \u00e0 la fois je pense pour les victimes mais aussi potentiellement pour le spectateur\u00a0\u00bb.<\/p>\n<p>De son c\u00f4t\u00e9, le r\u00e9alisateur Jean-Xavier de Lestrade assure aupr\u00e8s de France Inter \u00ab\u00a0comprendre\u00a0\u00bb cette r\u00e9action. \u00ab\u00a0Peut-\u00eatre que si j&rsquo;avais \u00e9t\u00e9 proche de victime ou victime, j&rsquo;aurais eu exactement la m\u00eame\u00a0\u00bb. En revanche, il estime qu'\u00a0\u00bbon ne peut pas tricher avec le sujet. On ne peut pas tricher non plus avec les d\u00e9cors. [&#8230;] Aller tourner, sous pr\u00e9texte que c&rsquo;est une fiction, dans la repr\u00e9sentation, c&rsquo;\u00e9tait tricher avec le public\u00a0\u00bb.\u00a0La demande de tourner au Bataclan est \u00e9galement venue des Potages. Dans une interview au <a href=\"https:\/\/www.leparisien.fr\/culture-loisirs\/tv\/une-vraie-tendresse-benjamin-lavernhe-retrouve-arnaud-otage-du-bataclan-quil-joue-dans-des-vivants-03-11-2025-BYIQ347KQRD4DMDQV6LJLRODBM.php?ts=1762161204747\" target=\"_blank\" rel=\"noopener\">Parisien<\/a>, Arnaud, l&rsquo;un des v\u00e9ritables otages (incarn\u00e9 par Benjamin Lavernhe dans la s\u00e9rie), assure avoir \u00ab\u00a0fait partie de ceux\u00a0qui ont insist\u00e9. On en avait besoin. Je me disais b\u00eatement\u00a0: \u00ab\u00a0En remettant les com\u00e9diens dans ce cadre-l\u00e0 ils seront \u00e0 vif, ne feront pas semblant.\u00a0\u00bb\u00a0<\/p>\n<p>Une s\u00e9rie complexe \u00e0 tourner<\/p>\n<p>Le producteur a d&rsquo;ailleurs tiss\u00e9 un lien avec les rescap\u00e9s pendant un an et demi avant d&rsquo;obtenir leur accord d&rsquo;adapter leur histoire en s\u00e9rie : \u00ab\u00a0Ils nous ont racont\u00e9 car ils savaient que le respect \u00e9tait essentiel pour nous\u00a0\u00bb, d\u00e9taille le r\u00e9alisateur au micro du <a href=\"https:\/\/www.leparisien.fr\/culture-loisirs\/tv\/tournage-au-bataclan-scenario-avec-les-rescapes-les-coulisses-de-la-serie-choc-des-vivants-sur-le-13-novembre-27-10-2025-XNGDX5LWIFGDJJSUYOGXQKZM6Q.php\" target=\"_blank\" rel=\"noopener\">Parisien<\/a>. La reconstitution de l&rsquo;attentat s&rsquo;est \u00e9galement d\u00e9roul\u00e9e au Bataclan, avec 25 camions de secours, 130 figurants et 7500 courriers pour avertir les riverains.<\/p>\n<p>La question de montrer ou non les terroristes s&rsquo;est \u00e9galement pos\u00e9e pour les cr\u00e9ateurs, qui ne voulaient pas \u00ab\u00a0que certains puissent s&rsquo;en servir pour les h\u00e9ro\u00efser\u00a0\u00bb. Mais il justifie le fait de montrer progressivement leurs visages par une volont\u00e9 : \u00ab\u00a0ce sont des gens avec lesquels les potages ont \u00e9chang\u00e9 des regards, quelques paroles. Pour eux, ces terroristes ont un visage\u00a0\u00bb. Beaucoup d&rsquo;acteurs ont d&rsquo;ailleurs refus\u00e9 de les interpr\u00e9ter.<\/p>\n<p>Quelle est l&rsquo;intrigue de la s\u00e9rie\u00a0Des vivants\u00a0?<\/p>\n<p>Le 13 novembre 2015, lors d&rsquo;un concert au Bataclan, onze sont pris en otage par deux terroristes pendant plusieurs heures. Lib\u00e9r\u00e9s par l&rsquo;assaut de la BRI, ils s&rsquo;en sortent vivants mais traumatis\u00e9s. Sept d&rsquo;entre eux (Marie, Arnaud, Caroline, S\u00e9bastien, Gr\u00e9gory, St\u00e9phane et David )\u00a0d\u00e9cident de se revoir quelques jours plus tard. De cette conversation, nait un lien essentiel \u00e0 la reconstruction.<\/p>\n<p>Quels acteurs au casting de la s\u00e9rie\u00a0Des vivants\u00a0?<\/p>\n<ul>\n<li>Benjamin Lavernhe\u00a0: Arnaud<\/li>\n<li>Alix Poisson\u00a0: Marie<\/li>\n<li>Antoine Reinartz\u00a0: Gr\u00e9gory<\/li>\n<li>F\u00e9lix Moati\u00a0: S\u00e9bastien<\/li>\n<li>Megan Northam\u00a0: Doris<\/li>\n<li>Fo\u00ebd Amara\u00a0: Djibril<\/li>\n<li>Anne Steffens\u00a0: Caroline<\/li>\n<li>Thomas Goldberg\u00a0: David Fritz Goeppinger<\/li>\n<li>C\u00e9dric Eeckhout\u00a0: St\u00e9phane<\/li>\n<li>Aude Ruyter\u00a0: Marie-Claire<\/li>\n<li>Sophie Cattani\u00a0: Christine<\/li>\n<li>St\u00e9phanie Palies\u00a0: Karine<\/li>\n<li>Genc Jakupi\u00a0: Ricardo<\/li>\n<li>Aliocha Reinert\u00a0: Alexandre<\/li>\n<li>Sam Karmann\u00a0: p\u00e8re d&rsquo;Arnaud<\/li>\n<\/ul>\n<p>O\u00f9 voir la s\u00e9rie\u00a0Des vivants\u00a0en streaming et \u00e0 la tv ?<\/p>\n<p>La s\u00e9rie\u00a0Des vivants\u00a0est d&rsquo;abord mise en ligne en <a href=\"https:\/\/www.linternaute.fr\/cinema\/pratique\/guide-du-streaming\/\" title=\"Streaming\" target=\"_blank\" rel=\"noopener\">streaming<\/a> le 27 octobre 2025. Elle est visible sur la plateforme france.tv, qui est totalement gratuite \u00e0 la condition de se cr\u00e9er un compte (sans frais). Elle est ensuite diffus\u00e9e \u00e0 partir du 3 novembre \u00e0 la t\u00e9l\u00e9vision sur <a href=\"https:\/\/www.linternaute.com\/television\/programme-france-2\/\" title=\"France 2\" target=\"_blank\" rel=\"noopener\">France 2<\/a> \u00e0 21h10. Deux \u00e9pisodes sont diffus\u00e9s \u00e0 cette date, avant la mise en ligne de trois \u00e9pisodes suivants le 10 novembre.<\/p>\n","protected":false},"excerpt":{"rendered":"La s\u00e9rie inspir\u00e9e de l&rsquo;histoire des otages du Bataclan a cr\u00e9\u00e9 de l&rsquo;\u00e9motion aupr\u00e8s de certaines victimes, qui&hellip;\n","protected":false},"author":2,"featured_media":510352,"comment_status":"","ping_status":"","sticky":false,"template":"","format":"standard","meta":{"footnotes":""},"categories":[1888],"tags":[11,63179,51761,1777,674,51763,1011,27,594,63180,12,51767,626,25,128],"class_list":{"0":"post-510351","1":"post","2":"type-post","3":"status-publish","4":"format-standard","5":"has-post-thumbnail","7":"category-paris","8":"tag-actualites","9":"tag-cms-linternaute-9104540","10":"tag-controller-content","11":"tag-eu","12":"tag-europe","13":"tag-format-papier","14":"tag-fr","15":"tag-france","16":"tag-france-2","17":"tag-guide-du-streaming","18":"tag-news","19":"tag-parallaxeinfeed","20":"tag-paris","21":"tag-republique-francaise","22":"tag-streaming"},"share_on_mastodon":{"url":"https:\/\/pubeurope.com\/@fr\/115489596122450575","error":""},"_links":{"self":[{"href":"https:\/\/www.europesays.com\/fr\/wp-json\/wp\/v2\/posts\/510351","targetHints":{"allow":["GET"]}}],"collection":[{"href":"https:\/\/www.europesays.com\/fr\/wp-json\/wp\/v2\/posts"}],"about":[{"href":"https:\/\/www.europesays.com\/fr\/wp-json\/wp\/v2\/types\/post"}],"author":[{"embeddable":true,"href":"https:\/\/www.europesays.com\/fr\/wp-json\/wp\/v2\/users\/2"}],"replies":[{"embeddable":true,"href":"https:\/\/www.europesays.com\/fr\/wp-json\/wp\/v2\/comments?post=510351"}],"version-history":[{"count":0,"href":"https:\/\/www.europesays.com\/fr\/wp-json\/wp\/v2\/posts\/510351\/revisions"}],"wp:featuredmedia":[{"embeddable":true,"href":"https:\/\/www.europesays.com\/fr\/wp-json\/wp\/v2\/media\/510352"}],"wp:attachment":[{"href":"https:\/\/www.europesays.com\/fr\/wp-json\/wp\/v2\/media?parent=510351"}],"wp:term":[{"taxonomy":"category","embeddable":true,"href":"https:\/\/www.europesays.com\/fr\/wp-json\/wp\/v2\/categories?post=510351"},{"taxonomy":"post_tag","embeddable":true,"href":"https:\/\/www.europesays.com\/fr\/wp-json\/wp\/v2\/tags?post=510351"}],"curies":[{"name":"wp","href":"https:\/\/api.w.org\/{rel}","templated":true}]}}