{"id":510368,"date":"2025-11-04T04:50:20","date_gmt":"2025-11-04T04:50:20","guid":{"rendered":"https:\/\/www.europesays.com\/fr\/510368\/"},"modified":"2025-11-04T04:50:20","modified_gmt":"2025-11-04T04:50:20","slug":"deux-jours-avant-son-arrivee-au-bhv-shein-dans-la-tempete-dun-nouveau-scandale","status":"publish","type":"post","link":"https:\/\/www.europesays.com\/fr\/510368\/","title":{"rendered":"deux jours avant son arriv\u00e9e au BHV, Shein dans la temp\u00eate d\u2019un nouveau scandale"},"content":{"rendered":"<p>\n    <strong>D\u00c9CRYPTAGE<\/strong> &#8211; Alors qu\u2019il doit ouvrir son premier magasin physique dans l\u2019\u00e9tablissement parisien, le g\u00e9ant asiatique risque d\u2019\u00eatre banni en France.<\/p>\n<p class=\"fig-paragraph\">Le scandale de trop. \u00c0 deux jours de l\u2019ouverture controvers\u00e9e\u00a0<a href=\"http:\/\/www.lefigaro.fr\/flash-eco\/nous-contribuons-au-renouveau-des-centres-villes-historiques-de-france-shein-s-implante-au-bhv-a-paris-et-dans-cinq-galeries-lafayette-en-regions-20251001\" data-fig-type=\"NewsFlash\" data-gtm-custom-categorie=\"navigation\" data-gtm-custom-action=\"crossclick\" data-gtm-custom-label=\"Contextuel\" data-gtm-event=\"customEventSPE\" data-fig-domain=\"LEFIGARO\" target=\"_blank\" rel=\"noopener\">de son premier magasin au sein du BHV\u00a0<\/a>Marais, en plein centre de Paris, Shein se retrouve pris dans une affaire qui pourrait lui co\u00fbter cher. \u00c9pingl\u00e9 par l<a href=\"http:\/\/www.lefigaro.fr\/conso\/vente-de-poupees-pedopornographiques-sur-shein-el-hairy-veut-remonter-jusqu-aux-fournisseurs-et-aux-acheteurs-20251103\" data-fig-type=\"NewsFlash\" data-gtm-custom-categorie=\"navigation\" data-gtm-custom-action=\"crossclick\" data-gtm-custom-label=\"Contextuel\" data-gtm-event=\"customEventSPE\" data-fig-domain=\"LEFIGARO\" target=\"_blank\" rel=\"noopener\">a R\u00e9pression des fraudes<\/a>\u00a0pour avoir commercialis\u00e9 des poup\u00e9es sexuelles \u00e0 caract\u00e8re p\u00e9dopornographique, le g\u00e9ant asiatique de la mode ultra-\u00e9ph\u00e9m\u00e8re est menac\u00e9\u00a0d\u2019\u00eatre\u00a0<a href=\"http:\/\/www.lefigaro.fr\/conso\/la-plateforme-chinoise-shein-pourrait-elle-etre-banniee-en-france-comme-wish-en-2021-20251002\" target=\"_blank\" data-fig-type=\"Article\" rel=\"noopener\" data-gtm-custom-categorie=\"navigation\" data-gtm-custom-action=\"crossclick\" data-gtm-custom-label=\"Contextuel\" data-gtm-event=\"customEventSPE\" data-fig-domain=\"LEFIGARO\">banni de France<\/a>. Lundi soir, le parquet de Paris a ainsi annonc\u00e9 avoir confi\u00e9 quatre enqu\u00eates \u00e0 l\u2019Office des mineurs (Ofmin). Ces investigations portent sur la \u00abdiffusion de message violent, pornographique, ou contraire \u00e0 la dignit\u00e9 accessible \u00e0 un mineur\u00bb pour les quatre sites.<\/p>\n<p class=\"fig-paragraph\">Shein assure avoir retir\u00e9 \u00ab\u00a0imm\u00e9diatement\u00a0\u00bb ces produits sordides de sa plateforme. Mais le dossier, transmis \u00e0 la justice, intervient dans un contexte explosif. Face \u00e0 la gravit\u00e9 des faits &#8211;\u00a0passibles de 7\u00a0ans d\u2019emprisonnement et de 100\u00a0000\u00a0euros d\u2019amende\u00a0-, Roland Lescure, le patron de Bercy, s\u2019est empress\u00e9 de taper du poing sur\u2026<\/p>\n<p class=\"fig-premium-paywall__infos\">\n        Cet article est r\u00e9serv\u00e9 aux abonn\u00e9s.        Il vous reste 86% \u00e0 d\u00e9couvrir.\n    <\/p>\n<p>                <img  data- alt=\"Le Figaro\" class=\"fig-img--complete fig-img\"\/><\/p>\n<p class=\"fig-premium-paywall__title\">Vous avez envie de lire la suite ?<\/p>\n<p class=\"fig-premium-paywall__subtitle\">D\u00e9bloquez tous les articles imm\u00e9diatement.<\/p>\n<p class=\"fig-premium-paywall__connect\">\n                D\u00e9j\u00e0 abonn\u00e9\u00a0?                <a class=\"fig-premium-paywall__connect-link\" href=\"https:\/\/connect.lefigaro.fr\/login?client=horizon_web&amp;type=main&amp;redirect_uri=https%3A%2F%2Fwww.lefigaro.fr%2Feconomie%2Fle-rendez-vous-des-pme%2Fpoupees-sexuelles-a-caractere-pedopornographique-deux-jours-avant-son-arrivee-au-bhv-shein-dans-la-tempete-d-un-nouveau-scandale-20251103\" data-js-gtm=\"{&quot;customCategorie&quot;: &quot;conversion&quot;, &quot;customAction&quot;: &quot;before_Landing_Connexion_paywall_auto&quot;, &quot;customLabel&quot;: &quot;bGVmaWdhcm8uZnJfXzFmMGI4YmI2LThjN2QtNjVhMi05YjEyLTJiMDkyY2ZkOWZkZF9fQXJ0aWNsZQ==_Poup\u00e9es sexuelles \u00e0 caract\u00e8re p\u00e9dopornographique\u00a0: deux jours avant son arriv\u00e9e au BHV, Shein dans la temp\u00eate d\u2019un nouveau scandale_337&quot;, &quot;customIDSPE&quot;: &quot;bGVmaWdhcm8uZnJfXzFmMGI4YmI2LThjN2QtNjVhMi05YjEyLTJiMDkyY2ZkOWZkZF9fQXJ0aWNsZQ==&quot;, &quot;event&quot;: &quot;customEventSPE&quot;}\" target=\"_blank\" rel=\"noopener\"><br \/>\n                    Connectez-vous<br \/>\n                <\/a>\n            <\/p>\n","protected":false},"excerpt":{"rendered":"D\u00c9CRYPTAGE &#8211; Alors qu\u2019il doit ouvrir son premier magasin physique dans l\u2019\u00e9tablissement parisien, le g\u00e9ant asiatique risque d\u2019\u00eatre&hellip;\n","protected":false},"author":2,"featured_media":510369,"comment_status":"","ping_status":"","sticky":false,"template":"","format":"standard","meta":{"footnotes":""},"categories":[2],"tags":[11,1011,27,12,25,1104],"class_list":{"0":"post-510368","1":"post","2":"type-post","3":"status-publish","4":"format-standard","5":"has-post-thumbnail","7":"category-actualites","8":"tag-actualites","9":"tag-fr","10":"tag-france","11":"tag-news","12":"tag-republique-francaise","13":"tag-shein"},"share_on_mastodon":{"url":"https:\/\/pubeurope.com\/@fr\/115489631430762520","error":""},"_links":{"self":[{"href":"https:\/\/www.europesays.com\/fr\/wp-json\/wp\/v2\/posts\/510368","targetHints":{"allow":["GET"]}}],"collection":[{"href":"https:\/\/www.europesays.com\/fr\/wp-json\/wp\/v2\/posts"}],"about":[{"href":"https:\/\/www.europesays.com\/fr\/wp-json\/wp\/v2\/types\/post"}],"author":[{"embeddable":true,"href":"https:\/\/www.europesays.com\/fr\/wp-json\/wp\/v2\/users\/2"}],"replies":[{"embeddable":true,"href":"https:\/\/www.europesays.com\/fr\/wp-json\/wp\/v2\/comments?post=510368"}],"version-history":[{"count":0,"href":"https:\/\/www.europesays.com\/fr\/wp-json\/wp\/v2\/posts\/510368\/revisions"}],"wp:featuredmedia":[{"embeddable":true,"href":"https:\/\/www.europesays.com\/fr\/wp-json\/wp\/v2\/media\/510369"}],"wp:attachment":[{"href":"https:\/\/www.europesays.com\/fr\/wp-json\/wp\/v2\/media?parent=510368"}],"wp:term":[{"taxonomy":"category","embeddable":true,"href":"https:\/\/www.europesays.com\/fr\/wp-json\/wp\/v2\/categories?post=510368"},{"taxonomy":"post_tag","embeddable":true,"href":"https:\/\/www.europesays.com\/fr\/wp-json\/wp\/v2\/tags?post=510368"}],"curies":[{"name":"wp","href":"https:\/\/api.w.org\/{rel}","templated":true}]}}