{"id":510372,"date":"2025-11-04T04:52:11","date_gmt":"2025-11-04T04:52:11","guid":{"rendered":"https:\/\/www.europesays.com\/fr\/510372\/"},"modified":"2025-11-04T04:52:11","modified_gmt":"2025-11-04T04:52:11","slug":"a-lourdes-la-conference-des-eveques-de-france-se-reunit-dans-un-climat-pesant-liberation","status":"publish","type":"post","link":"https:\/\/www.europesays.com\/fr\/510372\/","title":{"rendered":"A Lourdes, la Conf\u00e9rence des \u00e9v\u00eaques de France se r\u00e9unit dans un climat pesant \u2013 Lib\u00e9ration"},"content":{"rendered":"<p class=\"sc-cPiKLX AiZTS text-element\">Pour <a href=\"https:\/\/www.liberation.fr\/societe\/religions\/larcheveque-de-marseille-jean-marc-aveline-peut-il-devenir-pape-20250506_V77OXMFQWVEBFFNFBMB34LOPOY\/?redirected=1\" target=\"_blank\" rel=\"noopener\" title=\"https:\/\/www.liberation.fr\/societe\/religions\/larcheveque-de-marseille-jean-marc-aveline-peut-il-devenir-pape-20250506_V77OXMFQWVEBFFNFBMB34LOPOY\/?redirected=1\">Jean-Marc Aveline<\/a>, le cardinal marseillais, l\u2019\u00e9t\u00e9 a \u00e9t\u00e9 chaud. \u00abIl ne s\u2019attendait pas \u00e0 prendre autant de coups \u00e0 ce poste\u00bb, souffle discr\u00e8tement l\u2019un de ses confr\u00e8res \u00e9v\u00eaques. Elu triomphalement en mars \u00e0 la t\u00eate de la conf\u00e9rence des \u00e9v\u00eaques de France (CEF), l\u2019archev\u00eaque de Marseille a essuy\u00e9 deux ou trois grosses temp\u00eates, \u00e0 peine entr\u00e9 en fonction, avec notamment <a href=\"https:\/\/www.liberation.fr\/societe\/religions\/promotion-dun-pretre-condamne-pour-viol-laffaire-kerimel-spina-revele-les-fractures-du-catholicisme-francais-20250827_PSZL6K3N7RCI7IL4IAS6JZP2KY\/\" target=\"_blank\" rel=\"noopener\" title=\"https:\/\/www.liberation.fr\/societe\/religions\/promotion-dun-pretre-condamne-pour-viol-laffaire-kerimel-spina-revele-les-fractures-du-catholicisme-francais-20250827_PSZL6K3N7RCI7IL4IAS6JZP2KY\/\">l\u2019affaire Dominique Spina \u00e0 Toulouse<\/a>, un pr\u00eatre condamn\u00e9 pour viol en 2006, promu au d\u00e9but du mois de juin par l\u2019archev\u00eaque Guy de K\u00e9rimel \u00e0 un poste important. Bref, <a href=\"https:\/\/www.liberation.fr\/societe\/religions\/catholicisme-elu-patron-des-eveques-francais-le-cardinal-jean-marc-aveline-poursuit-son-ascension-20250402_5622M&lt;\/p&gt;&lt;\/div&gt;&lt;\/article&gt;&lt;\/div&gt;&lt;div data-fusion-lazy-id=\" f0f8vgvlad832fw=\"\" target=\"_blank\" rel=\"noopener\"><\/p>\n","protected":false},"excerpt":{"rendered":"Pour Jean-Marc Aveline, le cardinal marseillais, l\u2019\u00e9t\u00e9 a \u00e9t\u00e9 chaud. \u00abIl ne s\u2019attendait pas \u00e0 prendre autant de&hellip;\n","protected":false},"author":2,"featured_media":510373,"comment_status":"","ping_status":"","sticky":false,"template":"","format":"standard","meta":{"footnotes":""},"categories":[4],"tags":[11,1011,27,12,49222,25,799],"class_list":{"0":"post-510372","1":"post","2":"type-post","3":"status-publish","4":"format-standard","5":"has-post-thumbnail","7":"category-france","8":"tag-actualites","9":"tag-fr","10":"tag-france","11":"tag-news","12":"tag-pedocriminalite-eglise","13":"tag-republique-francaise","14":"tag-violences-sexuelles"},"share_on_mastodon":{"url":"https:\/\/pubeurope.com\/@fr\/115489639126117790","error":""},"_links":{"self":[{"href":"https:\/\/www.europesays.com\/fr\/wp-json\/wp\/v2\/posts\/510372","targetHints":{"allow":["GET"]}}],"collection":[{"href":"https:\/\/www.europesays.com\/fr\/wp-json\/wp\/v2\/posts"}],"about":[{"href":"https:\/\/www.europesays.com\/fr\/wp-json\/wp\/v2\/types\/post"}],"author":[{"embeddable":true,"href":"https:\/\/www.europesays.com\/fr\/wp-json\/wp\/v2\/users\/2"}],"replies":[{"embeddable":true,"href":"https:\/\/www.europesays.com\/fr\/wp-json\/wp\/v2\/comments?post=510372"}],"version-history":[{"count":0,"href":"https:\/\/www.europesays.com\/fr\/wp-json\/wp\/v2\/posts\/510372\/revisions"}],"wp:featuredmedia":[{"embeddable":true,"href":"https:\/\/www.europesays.com\/fr\/wp-json\/wp\/v2\/media\/510373"}],"wp:attachment":[{"href":"https:\/\/www.europesays.com\/fr\/wp-json\/wp\/v2\/media?parent=510372"}],"wp:term":[{"taxonomy":"category","embeddable":true,"href":"https:\/\/www.europesays.com\/fr\/wp-json\/wp\/v2\/categories?post=510372"},{"taxonomy":"post_tag","embeddable":true,"href":"https:\/\/www.europesays.com\/fr\/wp-json\/wp\/v2\/tags?post=510372"}],"curies":[{"name":"wp","href":"https:\/\/api.w.org\/{rel}","templated":true}]}}