{"id":510376,"date":"2025-11-04T04:56:18","date_gmt":"2025-11-04T04:56:18","guid":{"rendered":"https:\/\/www.europesays.com\/fr\/510376\/"},"modified":"2025-11-04T04:56:18","modified_gmt":"2025-11-04T04:56:18","slug":"mpetshi-perricard-sorti-dentree-a-metz-par-le-222e-mondial","status":"publish","type":"post","link":"https:\/\/www.europesays.com\/fr\/510376\/","title":{"rendered":"Mpetshi Perricard sorti d\u2019entr\u00e9e \u00e0 Metz par le 222e mondial"},"content":{"rendered":"<p>\n    Pour le premier tour de l\u2019ATP 250 de Metz, Giovanni Mpetshi\u00a0Perricard s\u2019est inclin\u00e9 face au 222e mondial, Vitaliy Sachko.<\/p>\n<p class=\"fig-paragraph\">Plus rien ne va.\u00a0<a href=\"http:\/\/www.lefigaro.fr\/sports\/tennis\/rolex-paris-masters-mpetshi-perricard-sorti-d-entree-par-dimitrov-20251027\" target=\"_blank\" data-fig-type=\"NewsFlash\" rel=\"noopener\" data-gtm-custom-categorie=\"navigation\" data-gtm-custom-action=\"crossclick\" data-gtm-custom-label=\"Contextuel\" data-gtm-event=\"customEventSPE\" data-fig-domain=\"LEFIGARO\">Giovanni Mpetshi Perricard<\/a>\u00a0s&rsquo;est inclin\u00e9 d\u00e8s le premier tour lundi \u00e0 l&rsquo;ATP 250 de Metz face \u00e0 l&rsquo;Ukrainien Vitaliy Sachko, 222e mondial.<\/p>\n<p class=\"fig-paragraph\">Le Fran\u00e7ais (N.59) s&rsquo;est inclin\u00e9 7-6 (12\/10), 6-3 en 1h32 face \u00e0 un adversaire de 28 ans, qui n&rsquo;avait jamais gagn\u00e9 un match dans un tournoi du circuit principal. Sachko avait perdu au dernier tour des qualifications de l&rsquo;Open de Moselle mais il a \u00e9t\u00e9 rep\u00each\u00e9 \u00e0 la suite du forfait du Tch\u00e8que Tomas Machac.<\/p>\n<p>                                    <a class=\"fig-a11y-skip a11y-hidden\" href=\"#fig-a11y-skip-main-inarticle\"><br \/>\n        Passer la publicit\u00e9<br \/>\n    <\/a><\/p>\n<p class=\"fig-paragraph\">Apr\u00e8s une premi\u00e8re manche tr\u00e8s accroch\u00e9e, o\u00f9 aucune balle de break n&rsquo;a \u00e9t\u00e9 conc\u00e9d\u00e9e de part et d&rsquo;autre et conclue au jeu d\u00e9cisif en 54 minutes, Mpetshi Perricard a l\u00e2ch\u00e9 son service dans le quatri\u00e8me jeu du second set et n&rsquo;a jamais \u00e9t\u00e9 mesure de revenir au score. Le Fran\u00e7ais disputait en Moselle son quatri\u00e8me tournoi en salle de l&rsquo;ann\u00e9e: mis \u00e0 part une demi-finale \u00e0 Bruxelles, il a perdu au premier tour \u00e0 B\u00e2le o\u00f9 il \u00e9tait tenant du titre ainsi qu&rsquo;au Masters 1000 de Paris la semaine derni\u00e8re.<\/p>\n","protected":false},"excerpt":{"rendered":"Pour le premier tour de l\u2019ATP 250 de Metz, Giovanni Mpetshi\u00a0Perricard s\u2019est inclin\u00e9 face au 222e mondial, Vitaliy&hellip;\n","protected":false},"author":2,"featured_media":510377,"comment_status":"","ping_status":"","sticky":false,"template":"","format":"standard","meta":{"footnotes":""},"categories":[1415],"tags":[4169,1011,27,22950,6212,60,1467],"class_list":{"0":"post-510376","1":"post","2":"type-post","3":"status-publish","4":"format-standard","5":"has-post-thumbnail","7":"category-tennis","8":"tag-atp","9":"tag-fr","10":"tag-france","11":"tag-giovanni-mpetshi-perricard","12":"tag-metz","13":"tag-sports","14":"tag-tennis"},"share_on_mastodon":{"url":"https:\/\/pubeurope.com\/@fr\/115489654924999412","error":""},"_links":{"self":[{"href":"https:\/\/www.europesays.com\/fr\/wp-json\/wp\/v2\/posts\/510376","targetHints":{"allow":["GET"]}}],"collection":[{"href":"https:\/\/www.europesays.com\/fr\/wp-json\/wp\/v2\/posts"}],"about":[{"href":"https:\/\/www.europesays.com\/fr\/wp-json\/wp\/v2\/types\/post"}],"author":[{"embeddable":true,"href":"https:\/\/www.europesays.com\/fr\/wp-json\/wp\/v2\/users\/2"}],"replies":[{"embeddable":true,"href":"https:\/\/www.europesays.com\/fr\/wp-json\/wp\/v2\/comments?post=510376"}],"version-history":[{"count":0,"href":"https:\/\/www.europesays.com\/fr\/wp-json\/wp\/v2\/posts\/510376\/revisions"}],"wp:featuredmedia":[{"embeddable":true,"href":"https:\/\/www.europesays.com\/fr\/wp-json\/wp\/v2\/media\/510377"}],"wp:attachment":[{"href":"https:\/\/www.europesays.com\/fr\/wp-json\/wp\/v2\/media?parent=510376"}],"wp:term":[{"taxonomy":"category","embeddable":true,"href":"https:\/\/www.europesays.com\/fr\/wp-json\/wp\/v2\/categories?post=510376"},{"taxonomy":"post_tag","embeddable":true,"href":"https:\/\/www.europesays.com\/fr\/wp-json\/wp\/v2\/tags?post=510376"}],"curies":[{"name":"wp","href":"https:\/\/api.w.org\/{rel}","templated":true}]}}