{"id":510382,"date":"2025-11-04T05:02:20","date_gmt":"2025-11-04T05:02:20","guid":{"rendered":"https:\/\/www.europesays.com\/fr\/510382\/"},"modified":"2025-11-04T05:02:20","modified_gmt":"2025-11-04T05:02:20","slug":"je-ne-my-attendais-pas-du-tout-un-ex-chroniqueur-de-tpmp-parti-a-71-ans-et-salue-par-lequipe-de-tbt9-sa-femme-veronique-evoquee","status":"publish","type":"post","link":"https:\/\/www.europesays.com\/fr\/510382\/","title":{"rendered":"\u00ab\u00a0Je ne m&rsquo;y attendais pas du tout\u00a0\u00bb : Un ex-chroniqueur de TPMP parti \u00e0 71 ans et salu\u00e9 par l&rsquo;\u00e9quipe de TBT9, sa femme V\u00e9ronique \u00e9voqu\u00e9e"},"content":{"rendered":"<p>            <img loading=\"lazy\" decoding=\"async\" src=\"https:\/\/www.europesays.com\/fr\/wp-content\/uploads\/2025\/04\/121-62909a850c1a7-35x35-1.jpg\" class=\"author-article-picture\" width=\"35\" height=\"35\"\/><\/p>\n<p>                Par<br \/>\n                                    <a class=\"author-article-bio-link\" href=\"https:\/\/www.purepeople.com\/auteur\/bertrand-bielle_a121\" rel=\"nofollow noopener\" target=\"_blank\">Bertrand Bielle<\/a><br \/>\n                                                    | Journaliste<\/p>\n<p>\n                Curieux de nature, Bertrand est toujours \u00e0 l\u2019affut du moindre petit scoop. Passionn\u00e9 par le football, il n\u2019est jamais bien loin du ballon rond et de toutes les actualit\u00e9s qui en d\u00e9coulent. Toutefois, l\u2019\u00e9v\u00e8nementiel du showbiz ou de la politique fait \u00e9galement partie de ses recherches journalistiques privil\u00e9gi\u00e9es.\n            <\/p>\n<p>\n    Cyril Hanouna a fait un hommage \u00e9mouvant ce lundi soir dans TBT9. Un ancien chroniqueur de Touche pas \u00e0 mon poste, figure respect\u00e9e du journalisme, s\u2019est \u00e9teint \u00e0 71 ans. L\u2019animateur, tr\u00e8s touch\u00e9, a \u00e9voqu\u00e9 sa femme V\u00e9ronique et salu\u00e9 la m\u00e9moire d\u2019un homme qu\u2019il admirait profond\u00e9ment.\n<\/p>\n<p>                            <img loading=\"lazy\" decoding=\"async\" class=\"player-thumbnail\" src=\"https:\/\/www.europesays.com\/fr\/wp-content\/uploads\/2025\/11\/b1704b4073d1c0cf-580x326-1.png\" width=\"580\" height=\"326\"\/><\/p>\n<p>                    \u00ab\u00a0Je ne m&rsquo;y attendais pas du tout\u00a0\u00bb : Un ex-chroniqueur de TPMP parti \u00e0 71 ans et salu\u00e9 par l&rsquo;\u00e9quipe de TBT9, sa femme V\u00e9ronique \u00e9voqu\u00e9e &#8211; capture d&rsquo;\u00e9cran W9<\/p>\n<p>La suite apr\u00e8s la publicit\u00e9<\/p>\n<p>Ce lundi 3 novembre 2025, Cyril Hanouna a tenu \u00e0 rendre hommage, dans TBT9, \u00e0 <a href=\"https:\/\/www.purepeople.com\/article\/un-journaliste-et-chroniqueur-de-touche-pas-a-mon-poste-sest-eteint-a-71-ans_a544250\/1\" rel=\"nofollow noopener\" target=\"_blank\">un ancien chroniqueur de Touche pas \u00e0 mon poste, d\u00e9c\u00e9d\u00e9 hier \u00e0 l&rsquo;\u00e2ge de 71 ans<\/a> \u00e0 Neuilly-sur-Seine, en r\u00e9gion parisienne. Il s&rsquo;agit du journaliste Renaud Revel, qui a rendu son dernier souffle alors qu&rsquo;il se battait depuis plusieurs ann\u00e9es contre une longue maladie.\u00a0<\/p>\n<p>\u00ab\u00a0C&rsquo;est quelqu&rsquo;un que j&rsquo;aimais beaucoup&#8230;L&rsquo;ancien r\u00e9dacteur en chef du magazine L&rsquo;Express. Il \u00e9tait chroniqueur chez nous, je l&rsquo;adorais et j&#8217;embrasse fort sa femme que je connais bien, qui est un amour \u00e9galement. Je pense fort \u00e0 sa famille, il avait seulement 71 ans.\u00a0\u00bb, a r\u00e9agi le papa de <a href=\"https:\/\/www.purepeople.com\/article\/-lino-et-bianca-m-ont-mis-la-honte-cyril-hanouna-filme-avec-ses-enfants-les-internautes-conquis_a492721\/1\" rel=\"nofollow noopener\" target=\"_blank\">Lino et Bianca<\/a>, avant que sa chroniqueuse Shana Loustau ne pr\u00e9cise qu&rsquo;il aura \u00e9t\u00e9 journaliste pour L&rsquo;Express pendant quasiment 20 ans, et qu&rsquo;il avait rejoint TPMP en 2017.<\/p>\n<p>C&rsquo;\u00e9tait ensuite au tour de Gilles Verdez, qui a c\u00f4toy\u00e9 Renaud Revel dans TPMP, de lui rendre hommage : \u00ab\u00a0Adorable, comp\u00e9tent, travailleur, et modeste, qu&rsquo;il soit r\u00e9dacteur en chef, pigiste ou intervenant. Il \u00e9tait \u00e9gal \u00e0 lui-m\u00eame, et m\u00eame quand il a \u00e9t\u00e9 chef il a continu\u00e9 \u00e0 etre sur le terrain. Il avait des infos et les partageaient. Quelqu&rsquo;un de vraiment remarquable&#8230;\u00a0\u00bb<\/p>\n<p>Renaud Revel est all\u00e9 au bout de ce projet malgr\u00e9 son \u00e9tat<\/p>\n<p>\u00ab\u00a0Un bon camarade. Et sa femme V\u00e9ronique a essay\u00e9 de vous joindre aujourd&rsquo;hui d&rsquo;ailleurs\u00a0\u00bb, a ensuite ajout\u00e9 Isabelle Morini-Bosc, en s&rsquo;adressant \u00e0 Cyril Hanouna. \u00ab\u00a0C&rsquo;est vrai ? Je l&rsquo;adore V\u00e9ronique&#8230;Je pense fort \u00e0 elle.<strong> Je ne m&rsquo;y attendais pas du tout ce matin&#8230;Renaud est quelqu&rsquo;un que j&rsquo;adorais, un type exceptionnel qui va nous manquer. On pense fort \u00e0 sa famille et sa femme V\u00e9ronique<\/strong>. Vous pouvez lui donner mon num\u00e9ro, elle m&rsquo;appelle quand elle veut V\u00e9ronique.\u00a0\u00bb, a alors r\u00e9pondu <a href=\"https:\/\/www.purepeople.com\/article\/ca-y-est-cest-officiel-moins-de-deux-mois-apres-son-arrivee-sur-w9-cyril-hanouna-va-presenter-une-nouvelle-emission_a543853\/1\" rel=\"nofollow noopener\" target=\"_blank\">l&rsquo;animateur.<\/a><\/p>\n<p>Pr\u00e9cisons enfin que Renaud Revel, malgr\u00e9 la maladie, est all\u00e9 au bout de son dernier ouvrage, Homo politicus, dont la parution est pr\u00e9vue pour janvier prochain et qui est pr\u00e9sent\u00e9 par nos confr\u00e8res du Parisien \u00ab\u00a0comme un tour d&rsquo;horizon de l&rsquo;homosexualit\u00e9 en politique, des ann\u00e9es Charles de Gaulle \u00e0 celles d&rsquo;Emmanuel Macron\u00a0\u00bb. Le monde des m\u00e9dias est en deuil en ce d\u00e9but de semaine.<\/p>\n<p>\u00a0<\/p>\n","protected":false},"excerpt":{"rendered":"Par Bertrand Bielle | Journaliste Curieux de nature, Bertrand est toujours \u00e0 l\u2019affut du moindre petit scoop. Passionn\u00e9&hellip;\n","protected":false},"author":2,"featured_media":510383,"comment_status":"","ping_status":"","sticky":false,"template":"","format":"standard","meta":{"footnotes":""},"categories":[1359],"tags":[58,59,1011,27,973],"class_list":{"0":"post-510382","1":"post","2":"type-post","3":"status-publish","4":"format-standard","5":"has-post-thumbnail","7":"category-people","8":"tag-divertissement","9":"tag-entertainment","10":"tag-fr","11":"tag-france","12":"tag-people"},"share_on_mastodon":{"url":"https:\/\/pubeurope.com\/@fr\/115489680066352726","error":""},"_links":{"self":[{"href":"https:\/\/www.europesays.com\/fr\/wp-json\/wp\/v2\/posts\/510382","targetHints":{"allow":["GET"]}}],"collection":[{"href":"https:\/\/www.europesays.com\/fr\/wp-json\/wp\/v2\/posts"}],"about":[{"href":"https:\/\/www.europesays.com\/fr\/wp-json\/wp\/v2\/types\/post"}],"author":[{"embeddable":true,"href":"https:\/\/www.europesays.com\/fr\/wp-json\/wp\/v2\/users\/2"}],"replies":[{"embeddable":true,"href":"https:\/\/www.europesays.com\/fr\/wp-json\/wp\/v2\/comments?post=510382"}],"version-history":[{"count":0,"href":"https:\/\/www.europesays.com\/fr\/wp-json\/wp\/v2\/posts\/510382\/revisions"}],"wp:featuredmedia":[{"embeddable":true,"href":"https:\/\/www.europesays.com\/fr\/wp-json\/wp\/v2\/media\/510383"}],"wp:attachment":[{"href":"https:\/\/www.europesays.com\/fr\/wp-json\/wp\/v2\/media?parent=510382"}],"wp:term":[{"taxonomy":"category","embeddable":true,"href":"https:\/\/www.europesays.com\/fr\/wp-json\/wp\/v2\/categories?post=510382"},{"taxonomy":"post_tag","embeddable":true,"href":"https:\/\/www.europesays.com\/fr\/wp-json\/wp\/v2\/tags?post=510382"}],"curies":[{"name":"wp","href":"https:\/\/api.w.org\/{rel}","templated":true}]}}