{"id":510384,"date":"2025-11-04T05:03:17","date_gmt":"2025-11-04T05:03:17","guid":{"rendered":"https:\/\/www.europesays.com\/fr\/510384\/"},"modified":"2025-11-04T05:03:17","modified_gmt":"2025-11-04T05:03:17","slug":"une-fresque-realisee-en-hommage-a-matisse","status":"publish","type":"post","link":"https:\/\/www.europesays.com\/fr\/510384\/","title":{"rendered":"une fresque r\u00e9alis\u00e9e en hommage \u00e0 Matisse"},"content":{"rendered":"<p>Il a tout juste termin\u00e9 de peindre, lundi 3\u00a0novembre 2025, ce visage qui a tant touch\u00e9 les Castelroussins. Le graffeur Cher1, de son nom de ville Arnaud Cheron, a achev\u00e9 sa fresque en hommage \u00e0 Matisse, 15\u00a0ans, tu\u00e9 en avril\u00a02024 <a title=\"Lire l&#039;article de la NR\" target=\"_blank\" href=\"https:\/\/www.lanouvellerepublique.fr\/chateauroux\/meurtre-de-matisse-l-adolescent-condamne-a-8-ans-de-prison-par-le-tribunal-pour-enfants-de-chateauroux-1748454750\" rel=\"noopener\">d\u2019une dizaine de coups de couteau<\/a>. Pour l\u2019artiste, tout l\u2019int\u00e9r\u00eat de ce portrait, qu\u2019il a peint \u00e0 Belle-Isle, au pied du pont qui borde l\u2019Indre, \u00e9tait de rendre hommage \u00e0 la fois \u00e0 Matisse et \u00e0 la solidarit\u00e9 qui s\u2019est alors cr\u00e9\u00e9e avec la famille apr\u00e8s le drame.<\/p>\n<p>\u00ab\u00a0C\u2019est un message de soutien, de solidarit\u00e9, a-t-il confi\u00e9. C\u2019est aussi une fa\u00e7on de ne pas oublier ce qu\u2019il s\u2019est pass\u00e9. \u00bb Ce portrait est le r\u00e9sultat d\u2019une initiative commune entre Cher1, les parents du jeune homme et la municipalit\u00e9. En prenant mod\u00e8le sur une photo, et apr\u00e8s avoir cr\u00e9\u00e9 une maquette digitale pour aider au dessin, il a fallu trois jours \u00e0 Cher1 pour terminer sa fresque, et rappeler, \u00e0 chaque passant, le sourire de Matisse.<\/p>\n","protected":false},"excerpt":{"rendered":"Il a tout juste termin\u00e9 de peindre, lundi 3\u00a0novembre 2025, ce visage qui a tant touch\u00e9 les Castelroussins.&hellip;\n","protected":false},"author":2,"featured_media":510385,"comment_status":"","ping_status":"","sticky":false,"template":"","format":"standard","meta":{"footnotes":""},"categories":[1358],"tags":[1392,1348,1384,1385,4351,1386,58,59,274,1011,27,5052,52222,1352],"class_list":{"0":"post-510384","1":"post","2":"type-post","3":"status-publish","4":"format-standard","5":"has-post-thumbnail","7":"category-arts-et-design","8":"tag-a-la-une-local","9":"tag-arts","10":"tag-arts-and-design","11":"tag-arts-et-design","12":"tag-chateauroux","13":"tag-design","14":"tag-divertissement","15":"tag-entertainment","16":"tag-faits-divers-justice","17":"tag-fr","18":"tag-france","19":"tag-indre","20":"tag-parcs-et-jardins","21":"tag-urbanisme"},"share_on_mastodon":{"url":"https:\/\/pubeurope.com\/@fr\/115489682438267509","error":""},"_links":{"self":[{"href":"https:\/\/www.europesays.com\/fr\/wp-json\/wp\/v2\/posts\/510384","targetHints":{"allow":["GET"]}}],"collection":[{"href":"https:\/\/www.europesays.com\/fr\/wp-json\/wp\/v2\/posts"}],"about":[{"href":"https:\/\/www.europesays.com\/fr\/wp-json\/wp\/v2\/types\/post"}],"author":[{"embeddable":true,"href":"https:\/\/www.europesays.com\/fr\/wp-json\/wp\/v2\/users\/2"}],"replies":[{"embeddable":true,"href":"https:\/\/www.europesays.com\/fr\/wp-json\/wp\/v2\/comments?post=510384"}],"version-history":[{"count":0,"href":"https:\/\/www.europesays.com\/fr\/wp-json\/wp\/v2\/posts\/510384\/revisions"}],"wp:featuredmedia":[{"embeddable":true,"href":"https:\/\/www.europesays.com\/fr\/wp-json\/wp\/v2\/media\/510385"}],"wp:attachment":[{"href":"https:\/\/www.europesays.com\/fr\/wp-json\/wp\/v2\/media?parent=510384"}],"wp:term":[{"taxonomy":"category","embeddable":true,"href":"https:\/\/www.europesays.com\/fr\/wp-json\/wp\/v2\/categories?post=510384"},{"taxonomy":"post_tag","embeddable":true,"href":"https:\/\/www.europesays.com\/fr\/wp-json\/wp\/v2\/tags?post=510384"}],"curies":[{"name":"wp","href":"https:\/\/api.w.org\/{rel}","templated":true}]}}