{"id":510387,"date":"2025-11-04T05:06:14","date_gmt":"2025-11-04T05:06:14","guid":{"rendered":"https:\/\/www.europesays.com\/fr\/510387\/"},"modified":"2025-11-04T05:06:14","modified_gmt":"2025-11-04T05:06:14","slug":"la-chanteuse-supprime-son-compte-instagram-ses-fans-sinquietent","status":"publish","type":"post","link":"https:\/\/www.europesays.com\/fr\/510387\/","title":{"rendered":"la chanteuse supprime son compte Instagram, ses fans s\u2019inqui\u00e8tent"},"content":{"rendered":"<p class=\"article-p mdl\">\u00ab\u00a0Cette page n\u2019est malheureusement pas disponible\u00a0\u00bb, voici le message qui s&rsquo;affiche sur le compte Instagram de la chanteuse Britney Spears. Depuis dimanche 2 novembre au soir, impossible d\u2019acc\u00e9der \u00e0 son profil&#8230; Une d\u00e9cision qui a imm\u00e9diatement d\u00e9clench\u00e9 une vague d\u2019inqui\u00e9tude du c\u00f4t\u00e9 de ses fans.<\/p>\n<p class=\"article-p mdl\">Sous les publications de la page Instagram de sa marque de parfums, les commentaires de ses adorateurs affluent : \u00ab\u00a0O\u00f9 est\u00a0Britney Spears\u00a0?????????\u00a0\u00bb, \u00ab\u00a0Mais o\u00f9 est pass\u00e9 son compte, elle a vraiment disparu ?\u00a0\u00bb, \u201cEst-ce que Britney est encore vivante ? Son compte Instagram a disparu, qu\u2019est-ce qu\u2019il se passe ? Je m\u2019inqui\u00e8te pour elle\u201d, ou encore \u00ab\u00a0Tu nous manques Britney, je t\u2019envoie de l\u2019amour\u00a0\u00bb.<\/p>\n<p class=\"article-p mdl\">Ce n\u2019est pas la premi\u00e8re fois que la chanteuse, \u00e2g\u00e9e de 43 ans, d\u00e9sactive ses r\u00e9seaux sociaux. Mais cette fois, la d\u00e9cision intervient dans un climat particuli\u00e8rement tendu, notamment avec son ex-mari.<\/p>\n<p>            Des tensions li\u00e9es \u00e0 son ex-mari Kevin Federline<\/p>\n<p class=\"article-p mdl\">Ces derni\u00e8res semaines ont \u00e9t\u00e9 marqu\u00e9es par de vifs \u00e9changes entre Britney Spears et son\u00a0<a class=\"link\" href=\"https:\/\/www.rtl.fr\/culture\/medias-people\/j-aimerais-qu-elle-se-fasse-aider-affirme-l-ex-mari-de-britney-spears-7900553497\" target=\"_blank\" rel=\"noopener\">ex-mari<\/a>, Kevin Federline.<\/p>\n<p class=\"article-p mdl\">Dans ses m\u00e9moires intitul\u00e9s You Thought You Knew\u00a0publi\u00e9s le 21 octobre dernier, l\u2019ancien danseur d\u00e9peint un portrait p\u00e9joratif de son ex-femme. Il accuse la chanteuse d\u2019avoir \u00e9t\u00e9 violente avec leurs fils Sean Preston et Jayden James, aujourd\u2019hui \u00e2g\u00e9s de 19 et 20 ans, d&rsquo;avoir consomm\u00e9 de la drogue pendant sa maternit\u00e9, en plus d&rsquo;avoir \u00e9t\u00e9 infid\u00e8le.<\/p>\n<p class=\"article-p mdl\">Britney Spears a rapidement r\u00e9pliqu\u00e9 sur les r\u00e9seaux sociaux. Elle exprime : \u00ab\u00a0Les manipulations constantes de mon ex-mari sont extr\u00eamement blessantes et \u00e9puisantes. J\u2019ai toujours suppli\u00e9 et insist\u00e9 pour pouvoir vivre avec mes fils\u00a0\u00bb, \u00e9crivait-elle mi-octobre sur X.<\/p>\n<p class=\"article-p mdl\">Sa porte-parole a accus\u00e9 Kevin Federline de profiter de la fin du versement de la pension alimentaire de pr\u00e8s de 40.000 dollars pour \u00ab\u00a0se faire de l\u2019argent sur le dos de Britney\u00a0\u00bb, dans une interview accord\u00e9e \u00e0 Entertainment Weekly.<\/p>\n<p class=\"article-p mdl\">L\u2019ex-mari s\u2019en est d\u00e9fendu\u00a0dans une interview accord\u00e9e \u00e0 Entertainement Tonight, expliquant vouloir \u00ab\u00a0livrer sa v\u00e9rit\u00e9\u00a0\u00bb maintenant que leurs enfants sont \u00ab\u00a0assez grands pour comprendre\u00a0\u00bb.<\/p>\n<p>            Des publications inqui\u00e9tantes avant sa disparition<\/p>\n<p class=\"article-p mdl\">Quelques semaines avant la suppression de son compte, Britney Spears avait post\u00e9 plusieurs vid\u00e9os et messages qui ont sem\u00e9 le trouble chez ses fans, rappelle le journal\u00a0<a class=\"link\" href=\"https:\/\/www.dailymail.co.uk\/tvshowbiz\/article-15251705\/Britney-Spears-deletes-Instagram-Kevin-Federline.html\" target=\"_blank\" rel=\"noopener\">Daily Mail.<\/a><\/p>\n<p>Dans une vid\u00e9o publi\u00e9e le 7 octobre, on voit la c\u00e9l\u00e9brit\u00e9 danser seule, les bras couverts d\u2019ecchymoses et les poignets band\u00e9s. La chanteuse assurait, en l\u00e9gende, s\u2019\u00eatre bless\u00e9e \u00ab\u00a0en tombant dans les escaliers chez une amie\u00a0\u00bb et expliquait : \u201cc\u2019est ma mani\u00e8re de m\u2019exprimer et de prier \u00e0 travers la danse. Je ne cherche ni compassion ni piti\u00e9\u00a0\u00bb. Elle avait alors d\u00e9sactiv\u00e9 la possibilit\u00e9 pour ses abonn\u00e9s de laisser des messages sous son post.\u00a0<\/p>\n<p>Quelques jours plus tard, elle publiait une photo d\u2019elle \u00e0 cheval, assortie d\u2019une l\u00e9gende \u00e9nigmatique \u00e9voquant la perte de ses \u00ab\u00a0ailes\u00a0\u00bb comme dans le film Mal\u00e9fique.<\/p>\n<p>    La r\u00e9daction vous recommande<\/p>\n<p class=\"s-newsletter__title\">\n                L\u2019actualit\u00e9 par la r\u00e9daction de RTL dans votre bo\u00eete mail.\n            <\/p>\n<p class=\"s-newsletter__subtitle\">\n                Gr\u00e2ce \u00e0 votre compte RTL abonnez-vous \u00e0 la newsletter RTL info pour suivre toute l&rsquo;actualit\u00e9 au quotidien\n            <\/p>\n<p>\n                                    Lire la suite\n                                <\/p>\n","protected":false},"excerpt":{"rendered":"\u00ab\u00a0Cette page n\u2019est malheureusement pas disponible\u00a0\u00bb, voici le message qui s&rsquo;affiche sur le compte Instagram de la chanteuse&hellip;\n","protected":false},"author":2,"featured_media":510388,"comment_status":"","ping_status":"","sticky":false,"template":"","format":"standard","meta":{"footnotes":""},"categories":[1355],"tags":[251,58,59,2414,107,1011,27,1361,873,938],"class_list":{"0":"post-510387","1":"post","2":"type-post","3":"status-publish","4":"format-standard","5":"has-post-thumbnail","7":"category-musique","8":"tag-culture","9":"tag-divertissement","10":"tag-entertainment","11":"tag-fil-culture","12":"tag-fil-info","13":"tag-fr","14":"tag-france","15":"tag-music","16":"tag-musique","17":"tag-reseaux-sociaux"},"share_on_mastodon":{"url":"https:\/\/pubeurope.com\/@fr\/115489694271287365","error":""},"_links":{"self":[{"href":"https:\/\/www.europesays.com\/fr\/wp-json\/wp\/v2\/posts\/510387","targetHints":{"allow":["GET"]}}],"collection":[{"href":"https:\/\/www.europesays.com\/fr\/wp-json\/wp\/v2\/posts"}],"about":[{"href":"https:\/\/www.europesays.com\/fr\/wp-json\/wp\/v2\/types\/post"}],"author":[{"embeddable":true,"href":"https:\/\/www.europesays.com\/fr\/wp-json\/wp\/v2\/users\/2"}],"replies":[{"embeddable":true,"href":"https:\/\/www.europesays.com\/fr\/wp-json\/wp\/v2\/comments?post=510387"}],"version-history":[{"count":0,"href":"https:\/\/www.europesays.com\/fr\/wp-json\/wp\/v2\/posts\/510387\/revisions"}],"wp:featuredmedia":[{"embeddable":true,"href":"https:\/\/www.europesays.com\/fr\/wp-json\/wp\/v2\/media\/510388"}],"wp:attachment":[{"href":"https:\/\/www.europesays.com\/fr\/wp-json\/wp\/v2\/media?parent=510387"}],"wp:term":[{"taxonomy":"category","embeddable":true,"href":"https:\/\/www.europesays.com\/fr\/wp-json\/wp\/v2\/categories?post=510387"},{"taxonomy":"post_tag","embeddable":true,"href":"https:\/\/www.europesays.com\/fr\/wp-json\/wp\/v2\/tags?post=510387"}],"curies":[{"name":"wp","href":"https:\/\/api.w.org\/{rel}","templated":true}]}}