{"id":510397,"date":"2025-11-04T05:12:33","date_gmt":"2025-11-04T05:12:33","guid":{"rendered":"https:\/\/www.europesays.com\/fr\/510397\/"},"modified":"2025-11-04T05:12:33","modified_gmt":"2025-11-04T05:12:33","slug":"quelle-sera-la-surprise-annoncee-par-free-voici-nos-predictions","status":"publish","type":"post","link":"https:\/\/www.europesays.com\/fr\/510397\/","title":{"rendered":"Quelle sera la surprise annonc\u00e9e par Free ? Voici nos pr\u00e9dictions"},"content":{"rendered":"<p>Free pr\u00e9pare une annonce avec Netflix ce mardi 4 novembre. L\u2019op\u00e9rateur a commenc\u00e9 le teasing. Que peut-on esp\u00e9rer ?<\/p>\n<p><a href=\"https:\/\/images.frandroid.com\/wp-content\/uploads\/2024\/12\/teasing-free-freebox-ultra-noel-2.jpg\" target=\"_blank\" class=\"article-content__figure\" rel=\"nofollow noopener\"><img fetchpriority=\"high\" decoding=\"async\" loading=\"eager\" width=\"1200\" height=\"675\" src=\"https:\/\/www.europesays.com\/fr\/wp-content\/uploads\/2025\/11\/teasing-free-freebox-ultra-noel-2.jpg\" alt=\"\" class=\"wp-image-2425498 wp-image wp-image\"  \/><\/a><\/p>\n<p>Depuis plusieurs jours, Free et Netflix enchainent les publications sur les r\u00e9seaux sociaux vers une annonce ce mardi 4 novembre 2025.<\/p>\n<p>\u00c0 quoi peut-on s\u2019attendre ? La r\u00e9daction de Frandroid a cogit\u00e9 et a plusieurs id\u00e9es. Nous les avons tri\u00e9s de ce qui nous semblerait le plus int\u00e9ressant, au plus d\u00e9cevant.<\/p>\n<blockquote class=\"twitter-tweet\" data-width=\"550\" data-dnt=\"true\">\n<p lang=\"fr\" dir=\"ltr\">La porte de la curiosit\u00e9 est officiellement ouverte. <a href=\"https:\/\/t.co\/fXpDFz9eUx\" rel=\"nofollow\">pic.twitter.com\/fXpDFz9eUx<\/a><\/p>\n<p>\u2014 Free (@free) <a href=\"https:\/\/twitter.com\/free\/status\/1985270735917449448?ref_src=twsrc%5Etfw\" rel=\"nofollow noopener\" target=\"_blank\">November 3, 2025<\/a><\/p><\/blockquote>\n<p>                Ce contenu est bloqu\u00e9 car vous n\u2019avez pas accept\u00e9 les cookies et autres traceurs. Ce contenu est fourni par Twitter.<br \/>Pour pouvoir le visualiser, vous devez accepter l\u2019usage \u00e9tant op\u00e9r\u00e9 par Twitter avec vos donn\u00e9es qui pourront \u00eatre utilis\u00e9es pour les finalit\u00e9s suivantes : vous permettre de visualiser et de partager des contenus avec des m\u00e9dias sociaux, favoriser le d\u00e9veloppement et l\u2019am\u00e9lioration des produits d\u2019Humanoid et de ses partenaires, vous afficher des publicit\u00e9s personnalis\u00e9es par rapport \u00e0 votre profil et activit\u00e9, vous d\u00e9finir un profil publicitaire personnalis\u00e9, mesurer la performance des publicit\u00e9s et du contenu de ce site et mesurer l\u2019audience de ce site <a href=\"#\" class=\"js-privacy\" target=\"_blank\">(en savoir plus)<\/a>            <\/p>\n<p>                En cliquant sur \u00ab J\u2019accepte tout \u00bb, vous consentez aux finalit\u00e9s susmentionn\u00e9es pour l\u2019ensemble des cookies et autres traceurs d\u00e9pos\u00e9s par Humanoid et <a class=\"embed-consent-overlay-vendors-link\" href=\"#preferences-vendeurs\">ses partenaires<\/a>.            <\/p>\n<p>                Vous gardez la possibilit\u00e9 de retirer votre consentement \u00e0 tout moment. Pour plus d\u2019informations, nous vous invitons \u00e0 prendre connaissance de notre <a href=\"https:\/\/www.frandroid.com\/politique-cookies\" rel=\"nofollow noopener\" target=\"_blank\">Politique cookies<\/a>.            <\/p>\n<p>            J\u2019accepte tout        <\/p>\n<p class=\"embed-consent-overlay-manage-choices\">            <a href=\"#preferences-publicitaires\">G\u00e9rer mes choix<\/a>        <\/p>\n<p>Comme on peut le voir, l\u2019annonce sera faite \u00e0 l\u2019occasion du lancement de la derni\u00e8re saison de Stranger Things sur Netflix.<\/p>\n<p>Netflix gratuit chez Free ?<\/p>\n<p>Le mardi a un sens particulier chez Free. C\u2019est le jour des grandes annonces chez l\u2019op\u00e9rateur. Le moment o\u00f9 il d\u00e9voile, souvent \u00e0 travers un simple communiqu\u00e9, un changement important dans ses forfaits.<\/p>\n<p>Alors, on peut se prendre \u00e0 imaginer une int\u00e9gration gratuite de Netflix, plus seulement dans la Freebox Ultra, mais bien dans tous les abonnements Freebox. On peut imaginer un abonnement offert pendant quelques mois, ou un an, pour couvrir la saison de Stranger Things.<\/p>\n<p>Free TV + Netflix, pour concurrencer Canal ?<\/p>\n<p>Une autre id\u00e9e \u00e9voqu\u00e9e dans la r\u00e9daction, ce serait l\u2019ajout de Netflix au catalogue de Free TV. <\/p>\n<p>L\u2019op\u00e9rateur est d\u00e9sormais <a href=\"https:\/\/www.frandroid.com\/marques\/free\/2838313_maintenant-la-tele-cest-free-xavier-niel-lance-free-tv-pour-tuer-molotov-et-tf1\" rel=\"nofollow noopener\" target=\"_blank\">un acteur du monde de la TV avec son offre Free TV<\/a>. Contrairement \u00e0 Orange ou Bouygues Telecom, il n\u2019est pas n\u00e9cessaire d\u2019\u00eatre chez Free pour profiter de Free TV.<\/p>\n<p>Pour concurrencer encore plus fortement Molotov et MyCanal, Free pourrait int\u00e9grer Netflix directement dans son \u00e9cosyst\u00e8me Free TV.<\/p>\n<p>Une Freebox Ultra upside down ?<\/p>\n<p>En d\u00e9cembre 2024, Free avait propos\u00e9 <a href=\"https:\/\/www.frandroid.com\/marques\/free\/2427198_voici-la-nouveaute-de-free-une-freebox-ultra-edition-limitee-transparente-et-rgb\" rel=\"nofollow noopener\" target=\"_blank\">une \u00e9dition limit\u00e9e de la Freebox Ultra rouge et transparente<\/a>.  <\/p>\n<p><a href=\"https:\/\/www.europesays.com\/fr\/wp-content\/uploads\/2025\/11\/freebox-upside-down.jpg\" target=\"_blank\" class=\"article-content__figure\"><img loading=\"lazy\" decoding=\"async\" width=\"1200\" height=\"806\" src=\"https:\/\/www.europesays.com\/fr\/wp-content\/uploads\/2025\/11\/freebox-upside-down.jpg\" alt=\"\" class=\"wp-image-2853561 wp-image\"  \/><\/a><\/p>\n<p>L\u2019op\u00e9rateur pourrait avoir renouvel\u00e9 l\u2019exp\u00e9rience et proposer une Freebox sp\u00e9ciale Stranger Things. On imagine alors une sorte de \u00ab \u0250\u0279\u0287l\u0548 xoq\u01dd\u01dd\u0279\u2132 \u00bb. Une Freebox Ultra retourn\u00e9e telle une tarte tatin et aux couleurs de l\u2019upside down.<\/p>\n<p>Juste un coup de comm<\/p>\n<p>Bien s\u00fbr, la possibilit\u00e9 d\u2019un simple coup de communication entre les marques, sans nouveaut\u00e9s concr\u00e8tes pour les clients, est sur la table.<\/p>\n<p>On pense \u00e0 une boutique parisienne repeinte aux couleurs de Stranger Things en mode \u00ab pop-up store \u00bb. Disons-le, s\u2019il s\u2019agit seulement de cela, on restera sur notre faim.<\/p>\n<p>                Les offres Freebox            <\/p>\n<p>                    <img class=\"wp-image\" decoding=\"async\" src=\"https:\/\/www.europesays.com\/fr\/wp-content\/uploads\/2025\/11\/logo-free-mobile-2025.png\" alt=\"Free\"\/><\/p>\n<ul class=\"m-0\">\n<li>D\u00e9bit jusqu\u2019\u00e0 8 Gb\/s <\/li>\n<li>340 cha\u00eenes de TV incluses<\/li>\n<li>Wi-Fi 7<\/li>\n<\/ul>\n<p>                            49\u20ac offerts                        <\/p>\n<p>                            49,99\u00a0\u20ac                            <\/p>\n<p>                        \/mois<\/p>\n<p>                        39,99\u00a0\u20ac                        \/mois<\/p>\n<p>\n                                                            Pendant 1 an puis 49.99\u20ac\/mois                                                    <\/p>\n<p>                    <img class=\"wp-image\" decoding=\"async\" src=\"https:\/\/www.europesays.com\/fr\/wp-content\/uploads\/2025\/11\/logo-free-mobile-2025.png\" alt=\"Free\"\/><\/p>\n<ul class=\"m-0\">\n<li>D\u00e9bit jusqu\u2019\u00e0 5 Gb\/s <\/li>\n<li>300 cha\u00eenes de TV incluses<\/li>\n<li>Wi-Fi 7<\/li>\n<\/ul>\n<p>                            49\u20ac offerts                        <\/p>\n<p>                            39,99\u00a0\u20ac                            <\/p>\n<p>                        \/mois<\/p>\n<p>                        29,99\u00a0\u20ac                        \/mois<\/p>\n<p>\n                                                            Pendant 1 an puis 39.99\u20ac\/mois                                                    <\/p>\n<p>                    <img class=\"wp-image\" decoding=\"async\" src=\"https:\/\/www.europesays.com\/fr\/wp-content\/uploads\/2025\/11\/logo-free-mobile-2025.png\" alt=\"Free\"\/><\/p>\n<ul class=\"m-0\">\n<li>D\u00e9bit jusqu\u2019\u00e0 8 Gb\/s <\/li>\n<li>340 cha\u00eenes de TV incluses<\/li>\n<li>Wi-Fi 7<\/li>\n<\/ul>\n<p>                            49\u20ac offerts                        <\/p>\n<p>                            59,99\u00a0\u20ac                            <\/p>\n<p>                        \/mois<\/p>\n<p>                        49,99\u00a0\u20ac                        \/mois<\/p>\n<p>\n                                                            Pendant 1 an puis 59.99\u20ac\/mois                                                    <\/p>\n<p>\n                                                            Engagement 1 an                                                    <\/p>\n<p>            <script async src=\"https:\/\/platform.twitter.com\/widgets.js\" charset=\"utf-8\"><\/script><\/p>\n","protected":false},"excerpt":{"rendered":"Free pr\u00e9pare une annonce avec Netflix ce mardi 4 novembre. L\u2019op\u00e9rateur a commenc\u00e9 le teasing. Que peut-on esp\u00e9rer&hellip;\n","protected":false},"author":2,"featured_media":510398,"comment_status":"","ping_status":"","sticky":false,"template":"","format":"standard","meta":{"footnotes":""},"categories":[6],"tags":[270,35,33,34,1011,27,127],"class_list":{"0":"post-510397","1":"post","2":"type-post","3":"status-publish","4":"format-standard","5":"has-post-thumbnail","7":"category-economie","8":"tag-breaking","9":"tag-business","10":"tag-economie","11":"tag-economy","12":"tag-fr","13":"tag-france","14":"tag-netflix"},"share_on_mastodon":{"url":"https:\/\/pubeurope.com\/@fr\/115489718724887463","error":""},"_links":{"self":[{"href":"https:\/\/www.europesays.com\/fr\/wp-json\/wp\/v2\/posts\/510397","targetHints":{"allow":["GET"]}}],"collection":[{"href":"https:\/\/www.europesays.com\/fr\/wp-json\/wp\/v2\/posts"}],"about":[{"href":"https:\/\/www.europesays.com\/fr\/wp-json\/wp\/v2\/types\/post"}],"author":[{"embeddable":true,"href":"https:\/\/www.europesays.com\/fr\/wp-json\/wp\/v2\/users\/2"}],"replies":[{"embeddable":true,"href":"https:\/\/www.europesays.com\/fr\/wp-json\/wp\/v2\/comments?post=510397"}],"version-history":[{"count":0,"href":"https:\/\/www.europesays.com\/fr\/wp-json\/wp\/v2\/posts\/510397\/revisions"}],"wp:featuredmedia":[{"embeddable":true,"href":"https:\/\/www.europesays.com\/fr\/wp-json\/wp\/v2\/media\/510398"}],"wp:attachment":[{"href":"https:\/\/www.europesays.com\/fr\/wp-json\/wp\/v2\/media?parent=510397"}],"wp:term":[{"taxonomy":"category","embeddable":true,"href":"https:\/\/www.europesays.com\/fr\/wp-json\/wp\/v2\/categories?post=510397"},{"taxonomy":"post_tag","embeddable":true,"href":"https:\/\/www.europesays.com\/fr\/wp-json\/wp\/v2\/tags?post=510397"}],"curies":[{"name":"wp","href":"https:\/\/api.w.org\/{rel}","templated":true}]}}