{"id":5104,"date":"2025-04-06T11:07:30","date_gmt":"2025-04-06T11:07:30","guid":{"rendered":"https:\/\/www.europesays.com\/fr\/5104\/"},"modified":"2025-04-06T11:07:30","modified_gmt":"2025-04-06T11:07:30","slug":"5-activites-a-faire-avec-ses-enfants-pendant-les-vacances-scolaires","status":"publish","type":"post","link":"https:\/\/www.europesays.com\/fr\/5104\/","title":{"rendered":"5 activit\u00e9s \u00e0 faire avec ses enfants pendant les vacances scolaires"},"content":{"rendered":"<p>            Par<br \/>\n        <strong><br \/>\n            <a href=\"https:\/\/actu.fr\/auteur\/thomas-bernard\" title=\"Consulter tous les articles de Thomas Bernard\" target=\"_blank\" rel=\"noopener\">Thomas Bernard<\/a><br \/>\n        <\/strong><\/p>\n<p>        Publi\u00e9 le<\/p>\n<p>            5 avr. 2025 \u00e0 15h15        <\/p>\n<p>Ce samedi 5\u00a0avril, c\u2019est le d\u00e9but des vacances de printemps pour les \u00e9coliers de la zone B. \u00c0 Nantes, plusieurs animations sont organis\u00e9es entre <strong>le 7 et le 21\u00a0avril<\/strong> pour partager des moments conviviaux en famille.<\/p>\n<p class=\" wall-content\"><a href=\"https:\/\/actu.fr\/nantes\" target=\"_blank\" rel=\"noopener\">Actu Nantes<\/a> vous a s\u00e9lectionn\u00e9<strong> cinq activit\u00e9s \u00e0 faire avec vos enfants au cours des vacances<\/strong>.<\/p>\n<p>Foire de printemps<\/p>\n<p class=\" wall-content\">La f\u00eate foraine de printemps est de retour depuis le 29\u00a0mars \u00e0 Nantes. Man\u00e8ges \u00e0 sensations, barbes \u00e0 papa, autos tamponneuses, loterie, p\u00eache aux canards, sont install\u00e9s sur les Cours Saint-Pierre et Saint-Andr\u00e9. La foire est <strong>ouverte jusqu\u2019au 21\u00a0avril<\/strong>.<\/p>\n<p>Horaires\u2009: de 14h \u00e0 23h le lundi, mardi, mercredi, jeudi et dimanche\u2009; 14h \u00e0 1h du matin le vendredi et samedi<\/p>\n<p>Chronomobile aux Dervalli\u00e8res<\/p>\n<p class=\" wall-content\">Depuis le 27\u00a0mars, le Chronographe, mus\u00e9e arch\u00e9ologique de Nantes M\u00e9tropole part \u00e0 la rencontre du public. Pendant la fermeture du mus\u00e9e, l\u2019\u00e9quipement culturel propose des expositions \u00ab\u2009hors les murs\u2009\u00bb avec le Chronomobile, <strong>une exposition itin\u00e9rante interactive<\/strong> qui permet de comprendre comment les arch\u00e9ologues explorent le pass\u00e9 \u00e0 travers les vestiges du sol.<\/p>\n<p>Vid\u00e9os : en ce moment sur Actu<\/p>\n<p class=\" wall-content\"><strong>Jusqu\u2019au vendredi 11\u00a0avril<\/strong>, le Chronombile est install\u00e9 \u00e0 la maison de quartier des Dervalli\u00e8res.<\/p>\n<p>Exposition du 27\u00a0mars au 11\u00a0avril 2025 aux horaires d\u2019ouvertures de la Maison de Quartier des Dervalli\u00e8res de 9h \u00e0 12h et de 14h \u00e0 18h.<br \/>Apr\u00e8s-midi jeux antiques et m\u00e9di\u00e9vaux le vendredi 11\u00a0avril 2025 de 14h \u00e0 17h30 (adultes et familles).<br \/>Entr\u00e9e gratuite.<\/p>\n<p>Des spectacles pour enfants<\/p>\n<p class=\" wall-content\">Dans le cadre de <a href=\"https:\/\/metropole.nantes.fr\/saison-vagabonde\" target=\"_blank\" rel=\"noopener\">la saison vagabonde<\/a>, propos\u00e9e par la Ville de Nantes,<strong> plusieurs spectacles de musique, th\u00e9\u00e2tre ou danse<\/strong> sont organis\u00e9s dans les quartiers nantais au cours des vacances de printemps\u2009:<\/p>\n<ul class=\" wall-content\">\n<li>10\u00a0avril, 16h30, square Dunant (Parc du Pin Sec) | Doulon-Botti\u00e8re. Th\u00e9\u00e2tre\/musique\u2009: Apprendre \u00e0 Danser, Compagnie La Frapp\u00e9e.<\/li>\n<li>12\u00a0avril, 11h, m\u00e9diath\u00e8que Luce-Courville, Nantes-Nord. Th\u00e9\u00e2tre\u2009: L\u2019Enfant et le Cacaoyer, Antoine Pataud.<\/li>\n<li>12\u00a0avril, 16h, m\u00e9diath\u00e8que Lisa-Bresner, Bellevue-Chantenay-Sainte Anne. Th\u00e9\u00e2tre\u2009: \u00ab\u2009L\u2019Enfant et le Cacaoyer\u2009\u00bb, Antoine Pataud<\/li>\n<li>15\u00a0avril \u00e0 partir de 15h30, place des Lauriers, Bellevue-Chantenay-Sainte-Anne. Th\u00e9\u00e2tre\/dessin participatif\u2009: \u201cLa Grosse Boule\u201d, Maison Fumetti. Dans le cadre du mardi aux Lauriers.<\/li>\n<\/ul>\n<p>Rendez-vous \u00e0 la ferme<\/p>\n<p class=\" wall-content\">Install\u00e9e au nord de Nantes, <strong>la ferme de la Chantrerie<\/strong> ouvre de nouveau ses portes. En famille, vous pourrez partir \u00e0 la rencontre de douze esp\u00e8ces d\u2019animaux et \u00e0 d\u00e9couvrir de nombreux (et parfois g\u00e9ants) l\u00e9gumes du potager chaque mercredi.<\/p>\n<p class=\" wall-content\"><strong>Des visites libres et gratuites<\/strong> sont organis\u00e9es les mercredis\u00a09 et 16\u00a0avril, de 14h \u00e0 18h, en pr\u00e9sence de l\u2019animateur-fermier.<\/p>\n<p>Ferme d\u2019\u00e9veil de la Chantrerie 93, route de Gachet, Nantes.<br \/>Acc\u00e8s par l\u2019entr\u00e9e principale du parc de la Chantrerie<br \/>Chronobus C6, arr\u00eat \u00ab\u2009Chantrerie Grandes \u00e9coles\u2009\u00bb.<\/p>\n<p>Carnaval de nuit<\/p>\n<p class=\" wall-content\"><strong>Apr\u00e8s le carnaval de jour<\/strong> du dimanche 30\u00a0mars, <a href=\"https:\/\/actu.fr\/pays-de-la-loire\/nantes_44109\/carnaval-de-nantes-2025-dates-parcours-du-defile-chars-voici-le-programme_62274950.html\" target=\"_blank\" rel=\"noopener\">les chars seront de retour dans les rues de la cit\u00e9 des ducs de Bretagne<\/a>. <strong>Le samedi 12\u00a0avril 2025<\/strong>, \u00e0 partir de 21\u2009h, cinq chars et un groupe de grosses t\u00eates accompagn\u00e9s de groupes de musique et de danse participeront aux festivit\u00e9s.<\/p>\n<p class=\" wall-content\">Le d\u00e9fil\u00e9 partira de la place Foch. L\u2019itin\u00e9raire passera par la rue Sully, Quai Ceineray, Port Communeau, place Len\u00f4tre, Cours des 50 Otages, rue de la Mairie, rue de l\u2019\u00c9v\u00each\u00e9, avant de revenir place Foch.<\/p>\n<p class=\" wall-content\">Suivez toute l\u2019actualit\u00e9 de vos villes et m\u00e9dias favoris en vous inscrivant \u00e0 <a href=\"https:\/\/moncompte.actu.fr\" title=\"D\u00e9couvez Mon Actu\" rel=\"nofollow noopener\" data-trk=\"{&quot;cta&quot;:{&quot;action&quot;:&quot;https:\\\/\\\/moncompte.actu.fr&quot;,&quot;category&quot;:&quot;mon compte&quot;,&quot;from&quot;:&quot;article footer&quot;,&quot;name&quot;:&quot;Mon actu&quot;,&quot;type&quot;:&quot;cta&quot;}}\" target=\"_blank\">Mon Actu<\/a>.<\/p>\n","protected":false},"excerpt":{"rendered":"Par Thomas Bernard Publi\u00e9 le 5 avr. 2025 \u00e0 15h15 Ce samedi 5\u00a0avril, c\u2019est le d\u00e9but des vacances&hellip;\n","protected":false},"author":2,"featured_media":5105,"comment_status":"","ping_status":"","sticky":false,"template":"","format":"standard","meta":{"footnotes":""},"categories":[2818],"tags":[1111,11,1777,674,1011,27,1652,766,12,2636,25,3176],"class_list":{"0":"post-5104","1":"post","2":"type-post","3":"status-publish","4":"format-standard","5":"has-post-thumbnail","7":"category-nantes","8":"tag-actu","9":"tag-actualites","10":"tag-eu","11":"tag-europe","12":"tag-fr","13":"tag-france","14":"tag-loisirs-culture","15":"tag-nantes","16":"tag-news","17":"tag-pays-de-la-loire","18":"tag-republique-francaise","19":"tag-vacances-scolaires"},"share_on_mastodon":{"url":"https:\/\/pubeurope.com\/@fr\/114290703991955904","error":""},"_links":{"self":[{"href":"https:\/\/www.europesays.com\/fr\/wp-json\/wp\/v2\/posts\/5104","targetHints":{"allow":["GET"]}}],"collection":[{"href":"https:\/\/www.europesays.com\/fr\/wp-json\/wp\/v2\/posts"}],"about":[{"href":"https:\/\/www.europesays.com\/fr\/wp-json\/wp\/v2\/types\/post"}],"author":[{"embeddable":true,"href":"https:\/\/www.europesays.com\/fr\/wp-json\/wp\/v2\/users\/2"}],"replies":[{"embeddable":true,"href":"https:\/\/www.europesays.com\/fr\/wp-json\/wp\/v2\/comments?post=5104"}],"version-history":[{"count":0,"href":"https:\/\/www.europesays.com\/fr\/wp-json\/wp\/v2\/posts\/5104\/revisions"}],"wp:featuredmedia":[{"embeddable":true,"href":"https:\/\/www.europesays.com\/fr\/wp-json\/wp\/v2\/media\/5105"}],"wp:attachment":[{"href":"https:\/\/www.europesays.com\/fr\/wp-json\/wp\/v2\/media?parent=5104"}],"wp:term":[{"taxonomy":"category","embeddable":true,"href":"https:\/\/www.europesays.com\/fr\/wp-json\/wp\/v2\/categories?post=5104"},{"taxonomy":"post_tag","embeddable":true,"href":"https:\/\/www.europesays.com\/fr\/wp-json\/wp\/v2\/tags?post=5104"}],"curies":[{"name":"wp","href":"https:\/\/api.w.org\/{rel}","templated":true}]}}