{"id":51041,"date":"2025-04-25T06:00:09","date_gmt":"2025-04-25T06:00:09","guid":{"rendered":"https:\/\/www.europesays.com\/fr\/51041\/"},"modified":"2025-04-25T06:00:09","modified_gmt":"2025-04-25T06:00:09","slug":"etats-unis-des-casquettes-et-t-shirts-trump-2028-deja-en-vente-en-ligne","status":"publish","type":"post","link":"https:\/\/www.europesays.com\/fr\/51041\/","title":{"rendered":"\u00c9tats-Unis : des casquettes et T-shirts \u00ab\u00a0Trump 2028\u00a0\u00bb d\u00e9j\u00e0 en vente en ligne"},"content":{"rendered":"<p>De nouveaux accessoires ont fait leur apparition sur la boutique en ligne de Donald Trump.Il est d\u00e9sormais possible d&rsquo;acheter des casquettes et des t-shirts \u00ab\u00a0Trump 2028\u00a0\u00bb, soit l&rsquo;ann\u00e9e de la prochaine \u00e9lection am\u00e9ricaine.Un scrutin auquel le milliardaire r\u00e9publicain ne peut normalement pas participer.<\/p>\n<p data-module=\"article-paragraph\" class=\"jsx-362436225 Paragraph Paragraph__End\">C&rsquo;est une nouveaut\u00e9 qui interpelle. La boutique en ligne de Donald Trump propose d\u00e9sormais des casquettes rouges et des T-shirts portant l&rsquo;inscription \u00ab\u00a0Trump 2028\u00a0\u00bb. Des accessoires surprenants <a href=\"https:\/\/www.tf1info.fr\/international\/je-ne-blague-pas-donald-trump-evoque-de-nouveau-l-hypothese-d-un-3-e-mandat-presidentiel-2362321.html\" rel=\"nofollow noopener\" target=\"_blank\">puisqu&rsquo;ils font r\u00e9f\u00e9rence \u00e0 l&rsquo;ann\u00e9e de la prochaine \u00e9lection am\u00e9ricaine<\/a>, un scrutin pour lequel l&rsquo;actuel pensionnaire de la Maison Blanche ne peut, selon la Constitution, pas se pr\u00e9senter.<\/p>\n<p><img decoding=\"async\" src=\"https:\/\/www.europesays.com\/fr\/wp-content\/uploads\/2025\/04\/nouveaux-produits-sur-la-boutique-trump-a67211-0@1x.jpeg\" alt=\"Nouveaux produits sur la boutique Trump\" loading=\"lazy\" importance=\"low\" fetchpriority=\"low\" class=\"\"\/>Nouveaux produits sur la boutique Trump &#8211; Capture d&rsquo;\u00e9cran Trump Store.<\/p>\n<p data-module=\"article-paragraph\" class=\"jsx-362436225 Paragraph Paragraph__End\">Pour acqu\u00e9rir ces v\u00eatements, il en co\u00fbtera 50 dollars pour une casquette et 35 dollars pour un t-shirt. \u00ab\u00a0Il faut r\u00e9\u00e9crire les r\u00e8gles\u00a0\u00bb, peut-on lire dans la description de chacun de ces produits.\u00a0<\/p>\n<p data-module=\"article-paragraph\" class=\"jsx-362436225 Paragraph\">Pour rappel, le 22e amendement de la Constitution am\u00e9ricaine pr\u00e9voit que \u00ab\u00a0personne ne peut \u00eatre \u00e9lu plus de deux fois au poste de pr\u00e9sident\u00a0\u00bb. Pourtant, cette disposition <a href=\"https:\/\/www.tf1info.fr\/international\/etats-unis-un-elu-veut-permettre-a-donald-trump-de-briguer-un-troisieme-mandat-de-president-2346854.html\" rel=\"nofollow noopener\" target=\"_blank\">ne semble pas freiner les ambitions du milliardaire r\u00e9publicain<\/a>, d\u00e9j\u00e0 aux affaires entre 2017 et 2021 et qui ne cesse de remettre sur le tapis un possible troisi\u00e8me mandat. \u00ab\u00a0Il y a des m\u00e9thodes pour faire \u00e7a\u00a0\u00bb, a-t-il r\u00e9cemment assur\u00e9.\u00a0<\/p>\n<p data-module=\"article-paragraph\" class=\"jsx-362436225 Paragraph Paragraph__End\">Dans les faits, lever ce frein institutionnel impliquerait d&rsquo;obtenir une majorit\u00e9 des deux tiers au Congr\u00e8s, un score sur le papier largement inaccessible pour les r\u00e9publicains. Il faudrait ensuite qu&rsquo;au moins 38 des 50 \u00c9tats am\u00e9ricains ratifient ce changement, ce qui appara\u00eet \u00e9galement improbable.\u00a0<\/p>\n<p>M.G avec AFP<\/p>\n","protected":false},"excerpt":{"rendered":"De nouveaux accessoires ont fait leur apparition sur la boutique en ligne de Donald Trump.Il est d\u00e9sormais possible&hellip;\n","protected":false},"author":2,"featured_media":51042,"comment_status":"","ping_status":"","sticky":false,"template":"","format":"standard","meta":{"footnotes":""},"categories":[1589],"tags":[1111,11,1921,75,73,1866,1922,2497,12,1864,1865,1863,308,133,1920],"class_list":{"0":"post-51041","1":"post","2":"type-post","3":"status-publish","4":"format-standard","5":"has-post-thumbnail","7":"category-etats-unis","8":"tag-actu","9":"tag-actualites","10":"tag-article-video","11":"tag-donald-trump","12":"tag-etats-unis","13":"tag-etats-unis-damerique","14":"tag-info","15":"tag-le-second-mandat-de-donald-trump","16":"tag-news","17":"tag-united-states","18":"tag-united-states-of-america","19":"tag-us","20":"tag-usa","21":"tag-video","22":"tag-video-international"},"share_on_mastodon":{"url":"https:\/\/pubeurope.com\/@fr\/114397080866808511","error":""},"_links":{"self":[{"href":"https:\/\/www.europesays.com\/fr\/wp-json\/wp\/v2\/posts\/51041","targetHints":{"allow":["GET"]}}],"collection":[{"href":"https:\/\/www.europesays.com\/fr\/wp-json\/wp\/v2\/posts"}],"about":[{"href":"https:\/\/www.europesays.com\/fr\/wp-json\/wp\/v2\/types\/post"}],"author":[{"embeddable":true,"href":"https:\/\/www.europesays.com\/fr\/wp-json\/wp\/v2\/users\/2"}],"replies":[{"embeddable":true,"href":"https:\/\/www.europesays.com\/fr\/wp-json\/wp\/v2\/comments?post=51041"}],"version-history":[{"count":0,"href":"https:\/\/www.europesays.com\/fr\/wp-json\/wp\/v2\/posts\/51041\/revisions"}],"wp:featuredmedia":[{"embeddable":true,"href":"https:\/\/www.europesays.com\/fr\/wp-json\/wp\/v2\/media\/51042"}],"wp:attachment":[{"href":"https:\/\/www.europesays.com\/fr\/wp-json\/wp\/v2\/media?parent=51041"}],"wp:term":[{"taxonomy":"category","embeddable":true,"href":"https:\/\/www.europesays.com\/fr\/wp-json\/wp\/v2\/categories?post=51041"},{"taxonomy":"post_tag","embeddable":true,"href":"https:\/\/www.europesays.com\/fr\/wp-json\/wp\/v2\/tags?post=51041"}],"curies":[{"name":"wp","href":"https:\/\/api.w.org\/{rel}","templated":true}]}}