{"id":510419,"date":"2025-11-04T05:26:19","date_gmt":"2025-11-04T05:26:19","guid":{"rendered":"https:\/\/www.europesays.com\/fr\/510419\/"},"modified":"2025-11-04T05:26:19","modified_gmt":"2025-11-04T05:26:19","slug":"trafic-de-drogue-dix-personnes-jugees-a-lille-apres-le-demantelement-dun-reseau-a-rouen","status":"publish","type":"post","link":"https:\/\/www.europesays.com\/fr\/510419\/","title":{"rendered":"Trafic de drogue\u00a0: dix personnes jug\u00e9es \u00e0 Lille apr\u00e8s le d\u00e9mant\u00e8lement d\u2019un r\u00e9seau \u00e0 Rouen"},"content":{"rendered":"<p>C\u2019est un proc\u00e8s d\u2019ampleur qui s\u2019est ouvert au tribunal correctionnel de Lille (Nord) ce lundi 3\u00a0novembre 2025.\u00a0Dix pr\u00e9venus (huit hommes et deux femmes) sont jug\u00e9s pour des faits\u00a0de<strong> \u00ab\u00a0transport, d\u00e9tention, offre ou cession, acquisition et importation non autoris\u00e9s de stup\u00e9fiants, participation \u00e0 une association de malfaiteurs en vue de la pr\u00e9paration d\u2019un d\u00e9lit puni de dix ans d\u2019emprisonnement, transport et d\u00e9tention de marchandise dangereuse pour la sant\u00e9 publique sans document justificatif\u00a0\u00bb. Des faits qui peuvent \u00eatre punis par une peine allant jusqu\u2019\u00e0 dix ans de prison et 7,5\u00a0millions d\u2019euros d\u2019amende. <\/strong><\/p>\n<p><strong>Lire aussi<\/strong>\u00a0: <a href=\"https:\/\/caen.maville.com\/actu\/actudet_-accusee-de-renseigner-des-trafiquants-de-drogue-une-avocate-normande-placee-en-detention-_53066-7015925_actu.Htm\" target=\"_self\" rel=\"nofollow noopener\">Accus\u00e9e de renseigner des trafiquants de drogue, une avocate normande plac\u00e9e en d\u00e9tention<\/a><\/p>\n<p>Un trafic entre l\u2019Espagne, la r\u00e9gion de Rouen et les Pays-Bas<\/p>\n<p>En effet, l\u2019enqu\u00eate men\u00e9e par la Juridiction interr\u00e9gionale sp\u00e9cialis\u00e9e de Lille aurait mis en \u00e9vidence un <a href=\"https:\/\/rennes.maville.com\/actu\/actudet_-ile-de-france-deux-tonnes-de-resine-de-cannabis-saisies-et-une-dizaine-d-interpellations-_54135-7045886_actu.Htm\" target=\"_self\" rel=\"nofollow noopener\">r\u00e9seau de trafic de drogue (cannabis, coca\u00efne et h\u00e9ro\u00efne)<\/a> dont le c\u0153ur se situe <a href=\"https:\/\/caen.maville.com\/actu\/actudet_-cannabis-coke-armes-quatre-personnes-arretees-dans-le-cadre-d-un-trafic-de-stupefiants-a-rouen-_53511-6970871_actu.Htm\" target=\"_self\" rel=\"nofollow noopener\">autour de Rouen<\/a> (Seine-Maritime). Selon les \u00e9l\u00e9ments communiqu\u00e9s par le parquet lillois, ils s\u2019approvisionnaient en Espagne et aux Pays-Bas avant d\u2019\u00e9couler leur marchandise dans la r\u00e9gion de Rouen.<\/p>\n<p>Sur les dix pr\u00e9venus, huit sont plac\u00e9s sous contr\u00f4le judiciaire, un est en d\u00e9tention provisoire et deux font l\u2019objet d\u2019un mandat d\u2019arr\u00eat, pr\u00e9cise le parquet. Les r\u00e9quisitions du parquet sont attendues pour mardi 4\u00a0novembre 2025. Le proc\u00e8s devrait se conclure le mercredi 5\u00a0novembre 2025.<\/p>\n<p>\u00a0<\/p>\n","protected":false},"excerpt":{"rendered":"C\u2019est un proc\u00e8s d\u2019ampleur qui s\u2019est ouvert au tribunal correctionnel de Lille (Nord) ce lundi 3\u00a0novembre 2025.\u00a0Dix pr\u00e9venus&hellip;\n","protected":false},"author":2,"featured_media":510420,"comment_status":"","ping_status":"","sticky":false,"template":"","format":"standard","meta":{"footnotes":""},"categories":[9587],"tags":[1111,11,14015,34016,1052,1777,674,1011,27,38473,1307,12,5161,3744,25,2421,9590,1097],"class_list":{"0":"post-510419","1":"post","2":"type-post","3":"status-publish","4":"format-standard","5":"has-post-thumbnail","7":"category-rouen","8":"tag-actu","9":"tag-actualites","10":"tag-alencon","11":"tag-demantelement","12":"tag-drogue","13":"tag-eu","14":"tag-europe","15":"tag-fr","16":"tag-france","17":"tag-jugees","18":"tag-lille","19":"tag-news","20":"tag-normandie","21":"tag-personnes","22":"tag-republique-francaise","23":"tag-reseau","24":"tag-rouen","25":"tag-trafic"},"share_on_mastodon":{"url":"https:\/\/pubeurope.com\/@fr\/115489773010539556","error":""},"_links":{"self":[{"href":"https:\/\/www.europesays.com\/fr\/wp-json\/wp\/v2\/posts\/510419","targetHints":{"allow":["GET"]}}],"collection":[{"href":"https:\/\/www.europesays.com\/fr\/wp-json\/wp\/v2\/posts"}],"about":[{"href":"https:\/\/www.europesays.com\/fr\/wp-json\/wp\/v2\/types\/post"}],"author":[{"embeddable":true,"href":"https:\/\/www.europesays.com\/fr\/wp-json\/wp\/v2\/users\/2"}],"replies":[{"embeddable":true,"href":"https:\/\/www.europesays.com\/fr\/wp-json\/wp\/v2\/comments?post=510419"}],"version-history":[{"count":0,"href":"https:\/\/www.europesays.com\/fr\/wp-json\/wp\/v2\/posts\/510419\/revisions"}],"wp:featuredmedia":[{"embeddable":true,"href":"https:\/\/www.europesays.com\/fr\/wp-json\/wp\/v2\/media\/510420"}],"wp:attachment":[{"href":"https:\/\/www.europesays.com\/fr\/wp-json\/wp\/v2\/media?parent=510419"}],"wp:term":[{"taxonomy":"category","embeddable":true,"href":"https:\/\/www.europesays.com\/fr\/wp-json\/wp\/v2\/categories?post=510419"},{"taxonomy":"post_tag","embeddable":true,"href":"https:\/\/www.europesays.com\/fr\/wp-json\/wp\/v2\/tags?post=510419"}],"curies":[{"name":"wp","href":"https:\/\/api.w.org\/{rel}","templated":true}]}}