{"id":510425,"date":"2025-11-04T05:29:13","date_gmt":"2025-11-04T05:29:13","guid":{"rendered":"https:\/\/www.europesays.com\/fr\/510425\/"},"modified":"2025-11-04T05:29:13","modified_gmt":"2025-11-04T05:29:13","slug":"nous-contestons-cinq-controles-effectues-dans-des-etablissements-prives-brestois-mentionne-le-secretaire-general-christophe-geffard","status":"publish","type":"post","link":"https:\/\/www.europesays.com\/fr\/510425\/","title":{"rendered":"\u00ab\u00a0Nous contestons cinq contr\u00f4les effectu\u00e9s dans des \u00e9tablissements priv\u00e9s brestois\u00a0\u00bb, mentionne le secr\u00e9taire g\u00e9n\u00e9ral Christophe Geffard"},"content":{"rendered":"<p>\u00ab\u00a0Nous ne sommes pas surpris par les contr\u00f4les effectu\u00e9s dans nos \u00e9tablissements priv\u00e9s bretons. Ils sont la suite logique de la commission d\u2019enqu\u00eate parlementaire <a href=\"https:\/\/www.letelegramme.fr\/bretagne\/nous-voulons-etre-reconnus-comme-victimes-68-nouveaux-temoignages-accusent-lenseignement-catholique-en-finistere-6905630.php\" target=\"_blank\" rel=\"nofollow noopener\">li\u00e9e \u00e0 l\u2019affaire B\u00e9tharram<\/a>. Nous avons, en revanche, \u00e9t\u00e9 surpris de certaines mises en demeure, que nous jugeons inappropri\u00e9es.\u00a0\u00bb<\/p>\n<p>Parmi les 98 contr\u00f4les d\u00e9j\u00e0 effectu\u00e9s au cours de l\u2019ann\u00e9e scolaire 2024-2025, le directeur dioc\u00e9sain du Finist\u00e8re, Christophe Geffard, \u00e9galement secr\u00e9taire g\u00e9n\u00e9ral du Comit\u00e9 acad\u00e9mique de l\u2019enseignement catholique (Caec) en Bretagne, mentionne cinq inspections qui font, actuellement, l\u2019objet d\u2019un recours des \u00e9tablissements concern\u00e9s aupr\u00e8s des pr\u00e9fets du Finist\u00e8re et des C\u00f4tes-d\u2019Armor. Deux ont eu lieu dans une \u00e9cole primaire et un coll\u00e8ge du r\u00e9seau priv\u00e9 de Brest, pour un contr\u00f4le \u00ab\u00a0sur place\u00a0\u00bb et l\u2019autre \u00ab\u00a0sur pi\u00e8ces\u00a0\u00bb. Les courriers de mise en demeure, adress\u00e9s par le rectorat plusieurs mois apr\u00e8s les inspections, porteraient essentiellement sur des non-respects d\u2019heures de cours par les enseignants et de grilles horaires non conformes.<\/p>\n<blockquote><p>Ces mises en demeure sont engageantes car elles peuvent aboutir \u00e0 la rupture du contrat d\u2019association de l\u2019\u00e9tablissement avec l\u2019\u00c9tat. Elles repr\u00e9sentent 25\u00a0% de retours du rectorat mais ne doivent pas occulter la grande majorit\u00e9 d\u2019\u00e9tablissements d\u00e9j\u00e0 jug\u00e9s en conformit\u00e9.<\/p><\/blockquote>\n<p>\u00ab\u00a0Attitude de cow-boys\u00a0\u00bb<\/p>\n<p>\u00ab\u00a0Ces mises en demeure sont engageantes car elles peuvent aboutir \u00e0 la rupture du contrat d\u2019association de l\u2019\u00c9tablissement avec l\u2019\u00c9tat, prolonge Christophe Geffard. Elles repr\u00e9sentent 25\u00a0% de retours du rectorat, avec les mises en conformit\u00e9 et les recommandations, mais ne doivent pas occulter <a href=\"https:\/\/www.letelegramme.fr\/france\/apres-betharram-lenseignement-catholique-veut-rassurer-6881833.php\" target=\"_blank\" rel=\"nofollow noopener\">la grande majorit\u00e9 d\u2019\u00e9tablissements d\u00e9j\u00e0 jug\u00e9s en conformit\u00e9<\/a>. L\u2019enseignement catholique utilise tr\u00e8s bien les moyens mis en \u0153uvre par l\u2019\u00c9tat\u00a0\u00bb, assure-t-il.<\/p>\n<p>Les premiers recours gracieux vont \u00eatre \u00e9tudi\u00e9s en commission de conciliation par les pr\u00e9fets concern\u00e9s, qui doivent trancher dans les deux mois. \u00ab\u00a0C\u2019est tout nouveau et on est en train de cr\u00e9er une jurisprudence. Il y en aura d\u2019autres\u00a0\u00bb, note encore le repr\u00e9sentant acad\u00e9mique, qui s\u2019interroge aussi sur certaines m\u00e9thodes. \u00ab\u00a0Comme dans cette \u00e9cole \u00e9l\u00e9mentaire de Brest, o\u00f9 les inspecteurs ont adopt\u00e9 une attitude de cow-boys, qui a traumatis\u00e9 les \u00e9quipes.\u00a0\u00bb Ou comme le contr\u00f4le inopin\u00e9, effectu\u00e9 en septembre, \u00e0 Saint-Vincent-Providence, \u00e0 Rennes. \u00ab\u00a0Le premier du genre, hors des proc\u00e9dures habituelles. Mais c\u2019est le droit du rectorat et nous ne nous y opposons pas.\u00a0\u00bb<\/p>\n","protected":false},"excerpt":{"rendered":"\u00ab\u00a0Nous ne sommes pas surpris par les contr\u00f4les effectu\u00e9s dans nos \u00e9tablissements priv\u00e9s bretons. Ils sont la suite&hellip;\n","protected":false},"author":2,"featured_media":510426,"comment_status":"","ping_status":"","sticky":false,"template":"","format":"standard","meta":{"footnotes":""},"categories":[2821],"tags":[1111,11,3450,829,9614,1777,674,1011,27,12,584,25],"class_list":{"0":"post-510425","1":"post","2":"type-post","3":"status-publish","4":"format-standard","5":"has-post-thumbnail","7":"category-rennes","8":"tag-actu","9":"tag-actualites","10":"tag-brest","11":"tag-bretagne","12":"tag-enseignement","13":"tag-eu","14":"tag-europe","15":"tag-fr","16":"tag-france","17":"tag-news","18":"tag-rennes","19":"tag-republique-francaise"},"share_on_mastodon":{"url":"https:\/\/pubeurope.com\/@fr\/115489784691278500","error":""},"_links":{"self":[{"href":"https:\/\/www.europesays.com\/fr\/wp-json\/wp\/v2\/posts\/510425","targetHints":{"allow":["GET"]}}],"collection":[{"href":"https:\/\/www.europesays.com\/fr\/wp-json\/wp\/v2\/posts"}],"about":[{"href":"https:\/\/www.europesays.com\/fr\/wp-json\/wp\/v2\/types\/post"}],"author":[{"embeddable":true,"href":"https:\/\/www.europesays.com\/fr\/wp-json\/wp\/v2\/users\/2"}],"replies":[{"embeddable":true,"href":"https:\/\/www.europesays.com\/fr\/wp-json\/wp\/v2\/comments?post=510425"}],"version-history":[{"count":0,"href":"https:\/\/www.europesays.com\/fr\/wp-json\/wp\/v2\/posts\/510425\/revisions"}],"wp:featuredmedia":[{"embeddable":true,"href":"https:\/\/www.europesays.com\/fr\/wp-json\/wp\/v2\/media\/510426"}],"wp:attachment":[{"href":"https:\/\/www.europesays.com\/fr\/wp-json\/wp\/v2\/media?parent=510425"}],"wp:term":[{"taxonomy":"category","embeddable":true,"href":"https:\/\/www.europesays.com\/fr\/wp-json\/wp\/v2\/categories?post=510425"},{"taxonomy":"post_tag","embeddable":true,"href":"https:\/\/www.europesays.com\/fr\/wp-json\/wp\/v2\/tags?post=510425"}],"curies":[{"name":"wp","href":"https:\/\/api.w.org\/{rel}","templated":true}]}}