{"id":51043,"date":"2025-04-25T06:01:11","date_gmt":"2025-04-25T06:01:11","guid":{"rendered":"https:\/\/www.europesays.com\/fr\/51043\/"},"modified":"2025-04-25T06:01:11","modified_gmt":"2025-04-25T06:01:11","slug":"le-royaume-uni-annonce-la-levee-de-sanctions-a-lencontre-de-la-syrie","status":"publish","type":"post","link":"https:\/\/www.europesays.com\/fr\/51043\/","title":{"rendered":"Le Royaume-Uni annonce la lev\u00e9e de sanctions \u00e0 l&rsquo;encontre de la Syrie"},"content":{"rendered":"<p><img decoding=\"async\" class=\"c-ad__placeholder__logo\" src=\"https:\/\/www.europesays.com\/fr\/wp-content\/uploads\/2025\/03\/logo-euronews-grey-6-180x22.svg.svg+xml\" width=\"180\" height=\"22\" alt=\"\" loading=\"lazy\"\/>PUBLICIT\u00c9<\/p>\n<p>Le gouvernement britannique a d\u00e9clar\u00e9 qu&rsquo;il levait les sanctions contre une douzaine d&rsquo;entit\u00e9s syriennes, y compris des minist\u00e8res et des m\u00e9dias, afin d&rsquo;aider le pays \u00e0 se reconstruire apr\u00e8s le renversement du pr\u00e9sident Bachar al-Assad lors d&rsquo;une offensive \u00e9clair des rebelles en d\u00e9cembre.<\/p>\n<p>Le Royaume-Uni avait mis en place des sanctions \u00e0 l&rsquo;encontre de ceux qui soutenaient le r\u00e9gime r\u00e9pressif d&rsquo;Assad, contribuaient \u00e0 la r\u00e9pression violente des civils et diffusaient des informations erron\u00e9es.<\/p>\n<p><img decoding=\"async\" src=\"https:\/\/www.europesays.com\/fr\/wp-content\/uploads\/2025\/03\/icon-cross-10x10-grey-6.svg.svg+xml\" width=\"10\" height=\"10\" alt=\"Close advertising\" fetchpriority=\"high\" loading=\"lazy\"\/><\/p>\n<p>\u00ab\u00a0Le peuple syrien m\u00e9rite de pouvoir reconstruire son pays et son \u00e9conomie, et la stabilit\u00e9 de la Syrie est dans l&rsquo;int\u00e9r\u00eat national du Royaume-Uni\u00a0\u00bb, a d\u00e9clar\u00e9 Hamish Falconer, ministre charg\u00e9 du Moyen-Orient.<\/p>\n<p>Les nouvelles autorit\u00e9s de Damas ont fait pression pour que les sanctions s\u00e9v\u00e8res impos\u00e9es par les pays occidentaux au gouvernement d&rsquo;Assad soient lev\u00e9es, pour reconstruire l&rsquo;\u00e9conomie et les infrastructures d\u00e9cim\u00e9es du pays apr\u00e8s pr\u00e8s de 14 ans de guerre civile.<\/p>\n<p>Les sanctions financi\u00e8res et le gel des avoirs ont \u00e9t\u00e9 lev\u00e9s pour plusieurs agences gouvernementales, notamment les minist\u00e8res de l&rsquo;Int\u00e9rieur et de la D\u00e9fense, a annonc\u00e9 le minist\u00e8re britannique des Affaires \u00e9trang\u00e8res.<\/p>\n<p>Les sanctions ont \u00e9galement \u00e9t\u00e9 lev\u00e9es \u00e0 l&rsquo;encontre de l&rsquo;Organisation g\u00e9n\u00e9rale de la radio et de la t\u00e9l\u00e9vision, une agence publique qui aurait diffus\u00e9 de la propagande en faveur d&rsquo;Assad et incit\u00e9 \u00e0 la violence contre les civils.<\/p>\n<p>Le Foreign Office a d\u00e9clar\u00e9 qu&rsquo;il avait \u00e9galement lev\u00e9 les sanctions contre le journal Al Watan, Cham Press TV et Sama TV, pour avoir diffus\u00e9 des informations erron\u00e9es.<\/p>\n<p>Les sanctions impos\u00e9es \u00e0 Bachar al-Assad et \u00e0 ses proches collaborateurs restent en vigueur et la l\u00e9gislation a \u00e9t\u00e9 modifi\u00e9e pour permettre \u00e0 l&rsquo;ancien dirigeant et \u00e0 d&rsquo;autres de r\u00e9pondre des atrocit\u00e9s commises contre les Syriens.<\/p>\n<p>En mars, le Royaume-Uni avait d\u00e9j\u00e0 lev\u00e9 des sanctions contre des dizaines d&rsquo;entreprises syriennes, principalement des banques et des soci\u00e9t\u00e9s p\u00e9troli\u00e8res.<\/p>\n<p>L&rsquo;administration Trump n&rsquo;a pas encore officiellement reconnu le nouveau gouvernement syrien dirig\u00e9 par le pr\u00e9sident int\u00e9rimaire Ahmed al-Charaa, un ancien insurg\u00e9 islamiste qui a men\u00e9 l&rsquo;offensive qui a renvers\u00e9 le r\u00e9gime Assad.<\/p>\n<p>Le groupe militant dirig\u00e9 par al-Charaa, Hayat Tahrir al-Cham (HTC), reste une organisation terroriste d\u00e9sign\u00e9e par les \u00c9tats-Unis et les sanctions impos\u00e9es \u00e0 Damas sous Assad restent en place.<\/p>\n<p>Toutefois, Washington a assoupli certaines restrictions.<\/p>\n<p>En janvier, le Tr\u00e9sor am\u00e9ricain a d\u00e9livr\u00e9 une licence g\u00e9n\u00e9rale, d&rsquo;une dur\u00e9e de six mois, qui autorise certaines transactions avec le gouvernement syrien, notamment certaines ventes d&rsquo;\u00e9nergie et des transactions accessoires.<\/p>\n<p>L&rsquo;Union europ\u00e9enne, quant \u00e0 elle, a commenc\u00e9 \u00e0 assouplir certaines sanctions relatives \u00e0 l&rsquo;\u00e9nergie et aux transports, ainsi que les restrictions bancaires impos\u00e9es \u00e0 la Syrie, en suspendant les mesures visant le p\u00e9trole, le gaz et l&rsquo;\u00e9lectricit\u00e9, ainsi que les transports, y compris le secteur de l&rsquo;aviation.<\/p>\n","protected":false},"excerpt":{"rendered":"PUBLICIT\u00c9 Le gouvernement britannique a d\u00e9clar\u00e9 qu&rsquo;il levait les sanctions contre une douzaine d&rsquo;entit\u00e9s syriennes, y compris des&hellip;\n","protected":false},"author":2,"featured_media":51044,"comment_status":"","ping_status":"","sticky":false,"template":"","format":"standard","meta":{"footnotes":""},"categories":[1588],"tags":[11,14393,1777,674,12,473,1853,7185,32,1851,1850,1852],"class_list":{"0":"post-51043","1":"post","2":"type-post","3":"status-publish","4":"format-standard","5":"has-post-thumbnail","7":"category-royaume-uni","8":"tag-actualites","9":"tag-bachar-al-assad","10":"tag-eu","11":"tag-europe","12":"tag-news","13":"tag-royaume-uni","14":"tag-royaume-uni-de-grande-bretagne-et-dirlande-du-nord","15":"tag-sanctions","16":"tag-syrie","17":"tag-uk","18":"tag-united-kingdom","19":"tag-united-kingdom-of-great-britain-and-northern-ireland"},"share_on_mastodon":{"url":"https:\/\/pubeurope.com\/@fr\/114397084766050427","error":""},"_links":{"self":[{"href":"https:\/\/www.europesays.com\/fr\/wp-json\/wp\/v2\/posts\/51043","targetHints":{"allow":["GET"]}}],"collection":[{"href":"https:\/\/www.europesays.com\/fr\/wp-json\/wp\/v2\/posts"}],"about":[{"href":"https:\/\/www.europesays.com\/fr\/wp-json\/wp\/v2\/types\/post"}],"author":[{"embeddable":true,"href":"https:\/\/www.europesays.com\/fr\/wp-json\/wp\/v2\/users\/2"}],"replies":[{"embeddable":true,"href":"https:\/\/www.europesays.com\/fr\/wp-json\/wp\/v2\/comments?post=51043"}],"version-history":[{"count":0,"href":"https:\/\/www.europesays.com\/fr\/wp-json\/wp\/v2\/posts\/51043\/revisions"}],"wp:featuredmedia":[{"embeddable":true,"href":"https:\/\/www.europesays.com\/fr\/wp-json\/wp\/v2\/media\/51044"}],"wp:attachment":[{"href":"https:\/\/www.europesays.com\/fr\/wp-json\/wp\/v2\/media?parent=51043"}],"wp:term":[{"taxonomy":"category","embeddable":true,"href":"https:\/\/www.europesays.com\/fr\/wp-json\/wp\/v2\/categories?post=51043"},{"taxonomy":"post_tag","embeddable":true,"href":"https:\/\/www.europesays.com\/fr\/wp-json\/wp\/v2\/tags?post=51043"}],"curies":[{"name":"wp","href":"https:\/\/api.w.org\/{rel}","templated":true}]}}