{"id":510458,"date":"2025-11-04T05:46:25","date_gmt":"2025-11-04T05:46:25","guid":{"rendered":"https:\/\/www.europesays.com\/fr\/510458\/"},"modified":"2025-11-04T05:46:25","modified_gmt":"2025-11-04T05:46:25","slug":"les-clients-volent-au-secours-de-sa-boulangerie-fermee-apres-un-controle","status":"publish","type":"post","link":"https:\/\/www.europesays.com\/fr\/510458\/","title":{"rendered":"les clients volent au secours de sa boulangerie, ferm\u00e9e apr\u00e8s un contr\u00f4le"},"content":{"rendered":"<p>\u00ab\u00a0Appel solidaire. Si vous avez quelques minutes pour m\u2019aider \u00e0 repeindre les murs de la boulangerie\u2026 Merci infiniment\u00a0\u00bb. Ces quelques mots \u00e9crits sur une affiche de papier jaune sommairement coll\u00e9e sur la vitrine de la boulangerie Le Croissant b\u00e9ni, rue de la R\u00e9publique \u00e0 Oullins-Pierre-B\u00e9nite, sont sign\u00e9s du boulanger, James Froquet.<\/p>\n<p>La feuille voisine une autre affiche, sur papier blanc au format A4 r\u00e9glementaire, sign\u00e9e par la pr\u00e9f\u00e8te du Rh\u00f4ne\u00a0: un arr\u00eat\u00e9 de la direction d\u00e9partementale de la protection des populations (DDPP), qui informe de la fermeture temporaire de la boulangerie \u00e0 la suite d\u2019un contr\u00f4le op\u00e9r\u00e9 par ses services le 16\u00a0octobre&#8230;<\/p>\n","protected":false},"excerpt":{"rendered":"\u00ab\u00a0Appel solidaire. Si vous avez quelques minutes pour m\u2019aider \u00e0 repeindre les murs de la boulangerie\u2026 Merci infiniment\u00a0\u00bb.&hellip;\n","protected":false},"author":2,"featured_media":510459,"comment_status":"","ping_status":"","sticky":false,"template":"","format":"standard","meta":{"footnotes":""},"categories":[1889],"tags":[1111,11,2430,4406,130,33,3154,1777,674,107,1011,27,1757,2428,12,15665,15666,25,2429,3151,17956],"class_list":{"0":"post-510458","1":"post","2":"type-post","3":"status-publish","4":"format-standard","5":"has-post-thumbnail","7":"category-lyon","8":"tag-actu","9":"tag-actualites","10":"tag-auvergne-rhone-alpes","11":"tag-commerce-et-services","12":"tag-consommation","13":"tag-economie","14":"tag-edition-sud-lyonnais","15":"tag-eu","16":"tag-europe","17":"tag-fil-info","18":"tag-fr","19":"tag-france","20":"tag-insolite","21":"tag-lyon","22":"tag-news","23":"tag-oullins-pierre-benite","24":"tag-oullins-ville","25":"tag-republique-francaise","26":"tag-rhone","27":"tag-selection-de-la-redaction-69","28":"tag-vaugneray"},"share_on_mastodon":{"url":"https:\/\/pubeurope.com\/@fr\/115489851490928908","error":""},"_links":{"self":[{"href":"https:\/\/www.europesays.com\/fr\/wp-json\/wp\/v2\/posts\/510458","targetHints":{"allow":["GET"]}}],"collection":[{"href":"https:\/\/www.europesays.com\/fr\/wp-json\/wp\/v2\/posts"}],"about":[{"href":"https:\/\/www.europesays.com\/fr\/wp-json\/wp\/v2\/types\/post"}],"author":[{"embeddable":true,"href":"https:\/\/www.europesays.com\/fr\/wp-json\/wp\/v2\/users\/2"}],"replies":[{"embeddable":true,"href":"https:\/\/www.europesays.com\/fr\/wp-json\/wp\/v2\/comments?post=510458"}],"version-history":[{"count":0,"href":"https:\/\/www.europesays.com\/fr\/wp-json\/wp\/v2\/posts\/510458\/revisions"}],"wp:featuredmedia":[{"embeddable":true,"href":"https:\/\/www.europesays.com\/fr\/wp-json\/wp\/v2\/media\/510459"}],"wp:attachment":[{"href":"https:\/\/www.europesays.com\/fr\/wp-json\/wp\/v2\/media?parent=510458"}],"wp:term":[{"taxonomy":"category","embeddable":true,"href":"https:\/\/www.europesays.com\/fr\/wp-json\/wp\/v2\/categories?post=510458"},{"taxonomy":"post_tag","embeddable":true,"href":"https:\/\/www.europesays.com\/fr\/wp-json\/wp\/v2\/tags?post=510458"}],"curies":[{"name":"wp","href":"https:\/\/api.w.org\/{rel}","templated":true}]}}