{"id":510460,"date":"2025-11-04T05:48:27","date_gmt":"2025-11-04T05:48:27","guid":{"rendered":"https:\/\/www.europesays.com\/fr\/510460\/"},"modified":"2025-11-04T05:48:27","modified_gmt":"2025-11-04T05:48:27","slug":"lile-de-france-region-tres-touchee-par-le-saturnisme","status":"publish","type":"post","link":"https:\/\/www.europesays.com\/fr\/510460\/","title":{"rendered":"L&rsquo;\u00cele-de-France, r\u00e9gion \u00ab\u00a0tr\u00e8s touch\u00e9e\u00a0\u00bb par le saturnisme"},"content":{"rendered":"\n<p lang=\"fr-FR\" style=\"margin-bottom: 0cm; font-style: normal; font-weight: normal;\">Ce terme d\u00e9signe l&rsquo;intoxication au plomb. L&rsquo;Agence r\u00e9gionale de sant\u00e9 (ARS) rappelle que le territoire regroupe de nombreux foyers d&rsquo;exposition. C&rsquo;est li\u00e9 \u00e0 la pr\u00e9sence importante d&rsquo;habitats \u00ab anciens et d\u00e9grad\u00e9s \u00bb, mais aussi \u00e0 des activit\u00e9s agricoles ou industrielles qui ont contamin\u00e9 les sols. M\u00eame si les cas de saturnisme ont fortement diminu\u00e9 les 20 derni\u00e8res ann\u00e9es, ce probl\u00e8me reste pr\u00e9occupant surtout pour les enfants et femmes enceintes. L&rsquo;ARS mise sur des d\u00e9pistages toujours plus nombreux, et la sensibilisation des habitants.<\/p>\n<p lang=\"fr-FR\" style=\"margin-bottom: 0cm; font-style: normal; font-weight: normal;\">\u00a0<\/p>\n<p lang=\"fr-FR\" style=\"margin-bottom: 0cm; font-weight: normal;\">Nicolas Chacun <\/p>\n<p>!function(f,b,e,v,n,t,s){if(f.fbq)return;n=f.fbq=function(){n.callMethod?<br \/>\nn.callMethod.apply(n,arguments):n.queue.push(arguments)};if(!f._fbq)f._fbq=n;<br \/>\nn.push=n;n.loaded=!0;n.version=&rsquo;2.0&prime;;n.queue=[];t=b.createElement(e);t.async=!0;<br \/>\nt.src=v;s=b.getElementsByTagName(e)[0];s.parentNode.insertBefore(t,s)}(window,<br \/>\ndocument,&rsquo;script&rsquo;,&rsquo;https:\/\/connect.facebook.net\/en_US\/fbevents.js&rsquo;);<br \/>\nfbq(&lsquo;init&rsquo;, &lsquo;278974969201861&rsquo;); \/\/ Insert your pixel ID here.<br \/>\nfbq(&lsquo;track&rsquo;, &lsquo;PageView&rsquo;);<\/p>\n","protected":false},"excerpt":{"rendered":"Ce terme d\u00e9signe l&rsquo;intoxication au plomb. L&rsquo;Agence r\u00e9gionale de sant\u00e9 (ARS) rappelle que le territoire regroupe de nombreux&hellip;\n","protected":false},"author":2,"featured_media":510461,"comment_status":"","ping_status":"","sticky":false,"template":"","format":"standard","meta":{"footnotes":""},"categories":[1592],"tags":[1111,11,1933,1936,1777,1939,674,1011,27,662,1934,12,1940,626,1935,25,1937,1941,1938],"class_list":{"0":"post-510460","1":"post","2":"type-post","3":"status-publish","4":"format-standard","5":"has-post-thumbnail","7":"category-ile-de-france","8":"tag-actu","9":"tag-actualites","10":"tag-actualites-locales","11":"tag-essonne","12":"tag-eu","13":"tag-eure-et-loir","14":"tag-europe","15":"tag-fr","16":"tag-france","17":"tag-ile-de-france","18":"tag-infos-locales","19":"tag-news","20":"tag-oise","21":"tag-paris","22":"tag-pres-de-chez-vous","23":"tag-republique-francaise","24":"tag-seine-et-marne","25":"tag-somme","26":"tag-yvelines"},"share_on_mastodon":{"url":"https:\/\/pubeurope.com\/@fr\/115489859579170847","error":""},"_links":{"self":[{"href":"https:\/\/www.europesays.com\/fr\/wp-json\/wp\/v2\/posts\/510460","targetHints":{"allow":["GET"]}}],"collection":[{"href":"https:\/\/www.europesays.com\/fr\/wp-json\/wp\/v2\/posts"}],"about":[{"href":"https:\/\/www.europesays.com\/fr\/wp-json\/wp\/v2\/types\/post"}],"author":[{"embeddable":true,"href":"https:\/\/www.europesays.com\/fr\/wp-json\/wp\/v2\/users\/2"}],"replies":[{"embeddable":true,"href":"https:\/\/www.europesays.com\/fr\/wp-json\/wp\/v2\/comments?post=510460"}],"version-history":[{"count":0,"href":"https:\/\/www.europesays.com\/fr\/wp-json\/wp\/v2\/posts\/510460\/revisions"}],"wp:featuredmedia":[{"embeddable":true,"href":"https:\/\/www.europesays.com\/fr\/wp-json\/wp\/v2\/media\/510461"}],"wp:attachment":[{"href":"https:\/\/www.europesays.com\/fr\/wp-json\/wp\/v2\/media?parent=510460"}],"wp:term":[{"taxonomy":"category","embeddable":true,"href":"https:\/\/www.europesays.com\/fr\/wp-json\/wp\/v2\/categories?post=510460"},{"taxonomy":"post_tag","embeddable":true,"href":"https:\/\/www.europesays.com\/fr\/wp-json\/wp\/v2\/tags?post=510460"}],"curies":[{"name":"wp","href":"https:\/\/api.w.org\/{rel}","templated":true}]}}