{"id":510464,"date":"2025-11-04T05:50:16","date_gmt":"2025-11-04T05:50:16","guid":{"rendered":"https:\/\/www.europesays.com\/fr\/510464\/"},"modified":"2025-11-04T05:50:16","modified_gmt":"2025-11-04T05:50:16","slug":"la-cour-dappel-de-paris-attendue-sur-laffaire-des-sondages-de-lelysee-sous-sarkozy","status":"publish","type":"post","link":"https:\/\/www.europesays.com\/fr\/510464\/","title":{"rendered":"La cour d\u2019appel de Paris attendue sur l\u2019affaire des sondages de l\u2019Elys\u00e9e sous Sarkozy"},"content":{"rendered":"<p class=\"mb-4 text-lg md:leading-8 break-words\"><strong>d\u00e9cision judiciaire &#8211; Couvert par son immunit\u00e9 pr\u00e9sidentielle, Nicolas Sarkozy n\u2019est que t\u00e9moin dans cette affaire des sondages de l\u2019Elys\u00e9e<\/strong><\/p>\n<p class=\"mb-4 text-lg md:leading-8 break-words\">C\u2019est un dossier dans lequel <a href=\"https:\/\/www.20minutes.fr\/politique\/4175939-20250929-proces-libyen-appels-sarkozy-gueant-hortefeux-deposes?at_medium=RSS%20feed&amp;at_campaign=ynews&amp;utm_source=yahoo&amp;utm_medium=rss&amp;utm_campaign=news_feed&amp;utm_content=in_article_link\" rel=\"nofollow noopener\" target=\"_blank\" data-ylk=\"slk:Claude Gu\u00e9ant;elm:context_link;itc:0;sec:content-canvas\" class=\"link \">Claude Gu\u00e9ant<\/a> risque une nouvelle peine de prison. La cour d\u2019appel de Paris va rendre ce mardi \u00e0 13h30 sa d\u00e9cision dans l\u2019affaire des sondages command\u00e9s par l\u2019Elys\u00e9e sous la pr\u00e9sidence de <a href=\"https:\/\/www.20minutes.fr\/politique\/4182884-20251031-nicolas-sarkozy-saura-10-novembre-autorise-etre-remis-liberte?at_medium=RSS%20feed&amp;at_campaign=ynews&amp;utm_source=yahoo&amp;utm_medium=rss&amp;utm_campaign=news_feed&amp;utm_content=in_article_link\" rel=\"nofollow noopener\" target=\"_blank\" data-ylk=\"slk:Nicolas Sarkozy;elm:context_link;itc:0;sec:content-canvas\" class=\"link \">Nicolas Sarkozy<\/a>, pour plusieurs millions d\u2019euros d\u2019argent public.<\/p>\n<p class=\"mb-4 text-lg md:leading-8 break-words\">Couvert par son immunit\u00e9 pr\u00e9sidentielle, Nicolas Sarkozy avait par contre comparu comme t\u00e9moin lors du proc\u00e8s en premi\u00e8re instance. Ce qui avait conduit Me Philippe Bouchez El Ghozi, l\u2019avocat de Claude Gu\u00e9ant \u00e0 \u00e9voquer lors de l\u2019audience en appel, le \u00ab\u00a0proc\u00e8s autour d\u2019un absent, du fait d\u2019un absent\u00a0\u00bb, dont son client, alors secr\u00e9taire g\u00e9n\u00e9ral de l\u2019Elys\u00e9e, n\u2019aurait fait que suivre les instructions.<\/p>\n<p>De la prison en premi\u00e8re instance<\/p>\n<p class=\"mb-4 text-lg md:leading-8 break-words\">Le parquet g\u00e9n\u00e9ral avait demand\u00e9 en mai <a href=\"https:\/\/www.20minutes.fr\/justice\/3221027-20220121-sondages-elysee-ex-ministre-interieur-claude-gueant-condamne-an-prison-dont-quatre-mois-sursis?at_medium=RSS%20feed&amp;at_campaign=ynews&amp;utm_source=yahoo&amp;utm_medium=rss&amp;utm_campaign=news_feed&amp;utm_content=in_article_link\" rel=\"nofollow noopener\" target=\"_blank\" data-ylk=\"slk:la confirmation de l\u2019ann\u00e9e de prison, dont huit mois ferme, prononc\u00e9e pour favoritisme;elm:context_link;itc:0;sec:content-canvas\" class=\"link \">la confirmation de l\u2019ann\u00e9e de prison, dont huit mois ferme, prononc\u00e9e pour favoritisme<\/a> en premi\u00e8re instance contre Claude Gu\u00e9ant, aujourd\u2019hui \u00e2g\u00e9 de 80 ans. Le minist\u00e8re public avait aussi requis la confirmation des six mois de prison avec sursis et 70.000 euros d\u2019amende contre l\u2019autre pr\u00e9venu, l\u2019ex-sondeur Pierre Giacometti, pour recel de favoritisme.<\/p>\n<p class=\"mb-4 text-lg md:leading-8 break-words\">En cause, des contrats avec l\u2019Elys\u00e9e sans respecter la proc\u00e9dure sur les march\u00e9s publics, pour la fourniture d\u2019enqu\u00eates d\u2019opinion et des prestations de conseil politique, factur\u00e9es par les soci\u00e9t\u00e9s de Patrick Buisson (d\u00e9c\u00e9d\u00e9 en\u00a02023) et Pierre Giacometti, ainsi que par l\u2019institut Ipsos. Le Parquet national financier estime \u00e0 4,7\u00a0millions d\u2019euros d\u2019argent public les d\u00e9penses de sonda(&#8230;)<\/p>\n<p class=\"mb-4 text-lg md:leading-8 break-words\"><a href=\"https:\/\/www.20minutes.fr\/justice\/4183385-20251104-cour-appel-paris-attendue-affaire-sondages-elysee-sous-sarkozy?at_medium=RSS%20feed&amp;at_campaign=ynews&amp;utm_source=yahoo&amp;utm_medium=rss&amp;utm_campaign=news_feed&amp;utm_content=read_more_link&quot;\" rel=\"nofollow noopener\" target=\"_blank\" data-ylk=\"slk:Lire la suite sur 20minutes;elm:context_link;itc:0;sec:content-canvas\" class=\"link \">Lire la suite sur 20minutes<\/a><\/p>\n<p>\u00c0 lire aussi :<br \/><a href=\"https:\/\/www.20minutes.fr\/faits_divers\/4183367-20251103-louis-sarkozy-sale-juif-homme-profere-propos-antisemites-permanence-campagne-menton?at_medium=RSS%20feed&amp;at_campaign=ynews&amp;utm_source=yahoo&amp;utm_medium=rss&amp;utm_campaign=news_feed&amp;utm_content=related_content_link\" rel=\"nofollow noopener\" target=\"_blank\" data-ylk=\"slk:Louis Sarkozy\u00a0: \u00ab\u00a0Sale juif\u00a0\u00bb\u2026 Un homme prof\u00e8re des propos antis\u00e9mites dans sa permanence de campagne \u00e0 Menton;elm:context_link;itc:0;sec:content-canvas\" class=\"link \">Louis Sarkozy\u00a0: \u00ab\u00a0Sale juif\u00a0\u00bb\u2026 Un homme prof\u00e8re des propos antis\u00e9mites dans sa permanence de campagne \u00e0 Menton<\/a><br \/><a href=\"https:\/\/www.20minutes.fr\/justice\/4182826-20251031-nicolas-sarkozy-incarcere-pourquoi-collectif-avocats-porte-plainte-contre-gerald-darmanin?at_medium=RSS%20feed&amp;at_campaign=ynews&amp;utm_source=yahoo&amp;utm_medium=rss&amp;utm_campaign=news_feed&amp;utm_content=related_content_link\" rel=\"nofollow noopener\" target=\"_blank\" data-ylk=\"slk:Nicolas Sarkozy incarc\u00e9r\u00e9\u00a0: Pourquoi un collectif d\u2019avocats a port\u00e9 plainte contre G\u00e9rald Darmanin\u00a0?;elm:context_link;itc:0;sec:content-canvas\" class=\"link \">Nicolas Sarkozy incarc\u00e9r\u00e9\u00a0: Pourquoi un collectif d\u2019avocats a port\u00e9 plainte contre G\u00e9rald Darmanin\u00a0?<\/a><\/p>\n","protected":false},"excerpt":{"rendered":"d\u00e9cision judiciaire &#8211; Couvert par son immunit\u00e9 pr\u00e9sidentielle, Nicolas Sarkozy n\u2019est que t\u00e9moin dans cette affaire des sondages&hellip;\n","protected":false},"author":2,"featured_media":510465,"comment_status":"","ping_status":"","sticky":false,"template":"","format":"standard","meta":{"footnotes":""},"categories":[1888],"tags":[1111,1928,11,1927,8166,63196,1777,674,1011,27,63194,12,1926,3091,626,1925,63195,25],"class_list":{"0":"post-510464","1":"post","2":"type-post","3":"status-publish","4":"format-standard","5":"has-post-thumbnail","7":"category-paris","8":"tag-actu","9":"tag-actu-paris","10":"tag-actualites","11":"tag-actualites-paris","12":"tag-claude-gueant","13":"tag-decision-judiciaire","14":"tag-eu","15":"tag-europe","16":"tag-fr","17":"tag-france","18":"tag-immunite-presidentielle","19":"tag-news","20":"tag-news-paris","21":"tag-nicolas-sarkozy","22":"tag-paris","23":"tag-paris-news","24":"tag-pierre-giacometti","25":"tag-republique-francaise"},"share_on_mastodon":{"url":"https:\/\/pubeurope.com\/@fr\/115489867383795503","error":""},"_links":{"self":[{"href":"https:\/\/www.europesays.com\/fr\/wp-json\/wp\/v2\/posts\/510464","targetHints":{"allow":["GET"]}}],"collection":[{"href":"https:\/\/www.europesays.com\/fr\/wp-json\/wp\/v2\/posts"}],"about":[{"href":"https:\/\/www.europesays.com\/fr\/wp-json\/wp\/v2\/types\/post"}],"author":[{"embeddable":true,"href":"https:\/\/www.europesays.com\/fr\/wp-json\/wp\/v2\/users\/2"}],"replies":[{"embeddable":true,"href":"https:\/\/www.europesays.com\/fr\/wp-json\/wp\/v2\/comments?post=510464"}],"version-history":[{"count":0,"href":"https:\/\/www.europesays.com\/fr\/wp-json\/wp\/v2\/posts\/510464\/revisions"}],"wp:featuredmedia":[{"embeddable":true,"href":"https:\/\/www.europesays.com\/fr\/wp-json\/wp\/v2\/media\/510465"}],"wp:attachment":[{"href":"https:\/\/www.europesays.com\/fr\/wp-json\/wp\/v2\/media?parent=510464"}],"wp:term":[{"taxonomy":"category","embeddable":true,"href":"https:\/\/www.europesays.com\/fr\/wp-json\/wp\/v2\/categories?post=510464"},{"taxonomy":"post_tag","embeddable":true,"href":"https:\/\/www.europesays.com\/fr\/wp-json\/wp\/v2\/tags?post=510464"}],"curies":[{"name":"wp","href":"https:\/\/api.w.org\/{rel}","templated":true}]}}