{"id":510468,"date":"2025-11-04T05:52:24","date_gmt":"2025-11-04T05:52:24","guid":{"rendered":"https:\/\/www.europesays.com\/fr\/510468\/"},"modified":"2025-11-04T05:52:24","modified_gmt":"2025-11-04T05:52:24","slug":"la-cour-dappel-de-paris-attendue-sur-laffaire-des-sondages-de-lelysee-sous-sarkozy-2","status":"publish","type":"post","link":"https:\/\/www.europesays.com\/fr\/510468\/","title":{"rendered":"La cour d\u2019appel de Paris attendue sur l\u2019affaire des sondages de l\u2019Elys\u00e9e sous Sarkozy"},"content":{"rendered":"<p>C\u2019est un dossier dans lequel <a href=\"https:\/\/www.20minutes.fr\/politique\/4175939-20250929-proces-libyen-appels-sarkozy-gueant-hortefeux-deposes\" target=\"_blank\" class=\"c-link c-link--is-underlined\" rel=\"noopener\">Claude Gu\u00e9ant<\/a> risque une nouvelle peine de prison. La cour d\u2019appel de Paris va rendre ce mardi \u00e0 13h30 sa d\u00e9cision dans l\u2019affaire des sondages command\u00e9s par l\u2019Elys\u00e9e sous la pr\u00e9sidence de <a href=\"https:\/\/www.20minutes.fr\/politique\/4182884-20251031-nicolas-sarkozy-saura-10-novembre-autorise-etre-remis-liberte\" target=\"_blank\" class=\"c-link c-link--is-underlined\" rel=\"noopener\">Nicolas Sarkozy<\/a>, pour plusieurs millions d\u2019euros d\u2019argent public.<\/p>\n<p>Couvert par son immunit\u00e9 pr\u00e9sidentielle, Nicolas Sarkozy avait par contre comparu comme t\u00e9moin lors du proc\u00e8s en premi\u00e8re instance. Ce qui avait conduit Me Philippe Bouchez El Ghozi, l\u2019avocat de Claude Gu\u00e9ant \u00e0 \u00e9voquer lors de l\u2019audience en appel, le \u00ab\u00a0proc\u00e8s autour d\u2019un absent, du fait d\u2019un absent\u00a0\u00bb, dont son client, alors secr\u00e9taire g\u00e9n\u00e9ral de l\u2019Elys\u00e9e, n\u2019aurait fait que suivre les instructions.<\/p>\n<p>De la prison en premi\u00e8re instance<\/p>\n<p>Le parquet g\u00e9n\u00e9ral avait demand\u00e9 en mai <a href=\"https:\/\/www.20minutes.fr\/justice\/3221027-20220121-sondages-elysee-ex-ministre-interieur-claude-gueant-condamne-an-prison-dont-quatre-mois-sursis\" target=\"_blank\" class=\"c-link c-link--is-underlined\" rel=\"noopener\">la confirmation de l\u2019ann\u00e9e de prison, dont huit mois ferme, prononc\u00e9e pour favoritisme<\/a> en premi\u00e8re instance contre Claude Gu\u00e9ant, aujourd\u2019hui \u00e2g\u00e9 de 80 ans. Le minist\u00e8re public avait aussi requis la confirmation des six mois de prison avec sursis et 70.000 euros d\u2019amende contre l\u2019autre pr\u00e9venu, l\u2019ex-sondeur Pierre Giacometti, pour recel de favoritisme.<\/p>\n<\/p>\n<p>En cause, des contrats avec l\u2019Elys\u00e9e sans respecter la proc\u00e9dure sur les march\u00e9s publics, pour la fourniture d\u2019enqu\u00eates d\u2019opinion et des prestations de conseil politique, factur\u00e9es par les soci\u00e9t\u00e9s de Patrick Buisson (d\u00e9c\u00e9d\u00e9 en\u00a02023) et Pierre Giacometti, ainsi que par l\u2019institut Ipsos. Le Parquet national financier estime \u00e0 4,7\u00a0millions d\u2019euros d\u2019argent public les d\u00e9penses de sondages sans appel d\u2019offres effectu\u00e9es par l\u2019Elys\u00e9e de\u00a02007 \u00e0\u00a02012, et \u00e0 2,7\u00a0millions d\u2019euros les d\u00e9penses de conseils.<\/p>\n<p>Les nombreux d\u00e9boires judiciaires de Gu\u00e9ant<\/p>\n<p>Depuis la d\u00e9faite de Nicolas Sarkozy \u00e0 la pr\u00e9sidentielle de\u00a02012, Claude Gu\u00e9ant a multipli\u00e9 les d\u00e9boires judiciaires. Dans le dossier libyen, l\u2019ancien ministre de l\u2019Int\u00e9rieur a fait appel de sa condamnation le 25\u00a0septembre \u00e0 six ans de prison pour corruption, trafic d\u2019influence et faux et usage de faux. Des sept personnes condamn\u00e9es, il avait \u00e9t\u00e9 avec l\u2019interm\u00e9diaire Alexandre Djouhri le plus lourdement sanctionn\u00e9. A l\u2019inverse de Nicolas Sarkozy, le tribunal correctionnel de Paris n\u2019avait toutefois pas ordonn\u00e9 son incarc\u00e9ration, en raison de sa sant\u00e9 d\u00e9grad\u00e9e.<\/p>\n<p><a href=\"https:\/\/www.20minutes.fr\/justice\/\" target=\"_blank\" class=\"c-link c-btn c-btn--primary\" rel=\"noopener\">Notre dossier Justice<\/a><\/p>\n<p>Claude Gu\u00e9ant avait \u00e9t\u00e9 incarc\u00e9r\u00e9 deux mois fin\u00a02021-d\u00e9but\u00a02022 dans l\u2019affaire des primes en liquide du minist\u00e8re de l\u2019Int\u00e9rieur ind\u00fbment per\u00e7ues et qui lui ont valu deux ans de prison, dont un avec sursis, une condamnation d\u00e9finitive. Il a en revanche \u00e9t\u00e9 relax\u00e9 en appel dans un proc\u00e8s sur ses frais de campagne lors des l\u00e9gislatives de\u00a02012. Une d\u00e9cision que Me Bouchez El Ghozi avait demand\u00e9 \u00e0 la cour d\u2019appel de prononcer \u00e9galement dans cette affaire des sondages\u00a0: \u00ab\u00a0Comme on ne peut pas juger\u00a0\u00bb Nicolas Sarkozy, couvert par son immunit\u00e9 pr\u00e9sidentielle, \u00ab\u00a0on juge son plus proche collaborateur\u00a0\u00bb.<\/p>\n<p>L\u2019affaire des sondages de l\u2019Elys\u00e9e avait d\u00e9but\u00e9 en\u00a02009 avec la publication d\u2019un rapport de la Cour des comptes sur le budget 2008 du palais de l\u2019Elys\u00e9e.<\/p>\n","protected":false},"excerpt":{"rendered":"C\u2019est un dossier dans lequel Claude Gu\u00e9ant risque une nouvelle peine de prison. La cour d\u2019appel de Paris&hellip;\n","protected":false},"author":2,"featured_media":510469,"comment_status":"","ping_status":"","sticky":false,"template":"","format":"standard","meta":{"footnotes":""},"categories":[1888],"tags":[47,11,8166,49043,1777,674,1011,27,303,12,3091,626,25,13947,133],"class_list":{"0":"post-510468","1":"post","2":"type-post","3":"status-publish","4":"format-standard","5":"has-post-thumbnail","7":"category-paris","8":"tag-actualite","9":"tag-actualites","10":"tag-claude-gueant","11":"tag-cour-d-appel","12":"tag-eu","13":"tag-europe","14":"tag-fr","15":"tag-france","16":"tag-justice","17":"tag-news","18":"tag-nicolas-sarkozy","19":"tag-paris","20":"tag-republique-francaise","21":"tag-sondage","22":"tag-video"},"share_on_mastodon":{"url":"https:\/\/pubeurope.com\/@fr\/115489875168480677","error":""},"_links":{"self":[{"href":"https:\/\/www.europesays.com\/fr\/wp-json\/wp\/v2\/posts\/510468","targetHints":{"allow":["GET"]}}],"collection":[{"href":"https:\/\/www.europesays.com\/fr\/wp-json\/wp\/v2\/posts"}],"about":[{"href":"https:\/\/www.europesays.com\/fr\/wp-json\/wp\/v2\/types\/post"}],"author":[{"embeddable":true,"href":"https:\/\/www.europesays.com\/fr\/wp-json\/wp\/v2\/users\/2"}],"replies":[{"embeddable":true,"href":"https:\/\/www.europesays.com\/fr\/wp-json\/wp\/v2\/comments?post=510468"}],"version-history":[{"count":0,"href":"https:\/\/www.europesays.com\/fr\/wp-json\/wp\/v2\/posts\/510468\/revisions"}],"wp:featuredmedia":[{"embeddable":true,"href":"https:\/\/www.europesays.com\/fr\/wp-json\/wp\/v2\/media\/510469"}],"wp:attachment":[{"href":"https:\/\/www.europesays.com\/fr\/wp-json\/wp\/v2\/media?parent=510468"}],"wp:term":[{"taxonomy":"category","embeddable":true,"href":"https:\/\/www.europesays.com\/fr\/wp-json\/wp\/v2\/categories?post=510468"},{"taxonomy":"post_tag","embeddable":true,"href":"https:\/\/www.europesays.com\/fr\/wp-json\/wp\/v2\/tags?post=510468"}],"curies":[{"name":"wp","href":"https:\/\/api.w.org\/{rel}","templated":true}]}}