{"id":51047,"date":"2025-04-25T06:03:17","date_gmt":"2025-04-25T06:03:17","guid":{"rendered":"https:\/\/www.europesays.com\/fr\/51047\/"},"modified":"2025-04-25T06:03:17","modified_gmt":"2025-04-25T06:03:17","slug":"leurope-de-lest-orpheline-apres-la-derobade-de-trump","status":"publish","type":"post","link":"https:\/\/www.europesays.com\/fr\/51047\/","title":{"rendered":"\u00abL\u2019Europe de l\u2019Est orpheline apr\u00e8s la d\u00e9robade de Trump\u00bb"},"content":{"rendered":"<p><strong>ANALYSE &#8211;<\/strong> L\u2019Europe centrale et orientale a connu une transformation presque miraculeuse apr\u00e8s la fin du communisme. Mais elle est rattrap\u00e9e par le cauchemar r\u00e9current de la rechute imp\u00e9riale russe et par la tentation am\u00e9ricaine de larguer les amarres de la relation transatlantique.<\/p>\n<p class=\"fig-paragraph\">Ils ont connu \u00ab\u00a0la plus impressionnante transformation\u00a0\u00bb apr\u00e8s 1989, comme le rappelle le politologue\u00a0<a href=\"https:\/\/www.lefigaro.fr\/vox\/societe\/jacques-rupnik-a-l-est-comme-a-l-ouest-de-l-europe-il-y-a-une-deception-reciproque-20210722\" target=\"_blank\" data-fig-type=\"Article\" rel=\"noopener\" data-gtm-custom-categorie=\"navigation\" data-gtm-custom-action=\"crossclick\" data-gtm-custom-label=\"Contextuel\" data-gtm-event=\"customEventSPE\" data-fig-domain=\"LEFIGARO\">Jacques Rupnik<\/a>, grand observateur de l\u2019Europe centrale et orientale. Un succ\u00e8s fulgurant qui a transform\u00e9 Varsovie, Prague, Vilnius ou Bucarest, jadis fig\u00e9es dans la grisaille de r\u00e9gimes communistes implacables et d\u00e9bilitants, en m\u00e9gapoles europ\u00e9ennes prosp\u00e8res, bourdonnantes de vie et, surtout, libres.<\/p>\n<p class=\"fig-paragraph\">Mais soudain, voil\u00e0 que les Europ\u00e9ens de l\u2019Est ont la t\u00eate qui tourne\u00a0: le danger imp\u00e9rial russe, ce cauchemar historique r\u00e9current qu\u2019ils avaient vu revenir de loin est \u00e0 nouveau \u00e0 leurs portes, Poutine redoublant d\u2019efforts dans son\u00a0<a href=\"http:\/\/www.lefigaro.fr\/international\/guerre-en-ukraine-a-kiev-la-russie-frappe-les-zones-residentielles-20250424\" target=\"_blank\" data-fig-type=\"Article\" rel=\"noopener\" data-gtm-custom-categorie=\"navigation\" data-gtm-custom-action=\"crossclick\" data-gtm-custom-label=\"Contextuel\" data-gtm-event=\"customEventSPE\" data-fig-domain=\"LEFIGARO\">bombardement de l\u2019Ukraine<\/a>\u00a0voisine et orchestrant une guerre hybride de plus en plus d\u00e9complex\u00e9e \u00e0 travers l\u2019Union europ\u00e9enne. Surtout, \u00e0 l\u2019ouest, l\u2019Am\u00e9rique, alli\u00e9 majeur, qui apparaissait comme la seule garantie de s\u00e9curit\u00e9 valable, menace de se d\u00e9tourner de ses responsabilit\u00e9s. Apr\u00e8s avoir pris sous Biden la t\u00eate d\u2019une coalition visant \u00e0 contrer les\u2026<\/p>\n<p class=\"fig-premium-paywall__infos\">\n        Cet article est r\u00e9serv\u00e9 aux abonn\u00e9s.        Il vous reste 69% \u00e0 d\u00e9couvrir.\n    <\/p>\n<p>                <img  data- alt=\"Le Figaro\" class=\"fig-img--complete fig-img\"\/><\/p>\n<p class=\"fig-premium-paywall__title\">Vous avez envie de lire la suite ?<\/p>\n<p class=\"fig-premium-paywall__subtitle\">D\u00e9bloquez tous les articles imm\u00e9diatement.<\/p>\n<p class=\"fig-premium-paywall__connect\">\n                D\u00e9j\u00e0 abonn\u00e9\u00a0?                <a class=\"fig-premium-paywall__connect-link\" href=\"https:\/\/connect.lefigaro.fr\/login?client=horizon_web&amp;type=main&amp;redirect_uri=https%3A%2F%2Fwww.lefigaro.fr%2Fvox%2Fmonde%2Flaure-mandeville-l-europe-de-l-est-orpheline-apres-la-derobade-de-trump-20250425\" data-js-gtm=\"{&quot;customCategorie&quot;: &quot;conversion&quot;, &quot;customAction&quot;: &quot;before_Landing_Connexion_paywall_auto&quot;, &quot;customLabel&quot;: &quot;bGVmaWdhcm8uZnJfXzFmMDIwZWZmLTk0NzEtNmUxMi05ZDUyLWNmYjdlODQyODMyMl9fQXJ0aWNsZQ==_Laure Mandeville\u00a0: \u00abL\u2019Europe de l\u2019Est orpheline apr\u00e8s la d\u00e9robade de Trump\u00bb_589&quot;, &quot;customIDSPE&quot;: &quot;bGVmaWdhcm8uZnJfXzFmMDIwZWZmLTk0NzEtNmUxMi05ZDUyLWNmYjdlODQyODMyMl9fQXJ0aWNsZQ==&quot;, &quot;event&quot;: &quot;customEventSPE&quot;}\" target=\"_blank\" rel=\"noopener\"><br \/>\n                    Connectez-vous<br \/>\n                <\/a>\n            <\/p>\n","protected":false},"excerpt":{"rendered":"ANALYSE &#8211; L\u2019Europe centrale et orientale a connu une transformation presque miraculeuse apr\u00e8s la fin du communisme. Mais&hellip;\n","protected":false},"author":2,"featured_media":51048,"comment_status":"","ping_status":"","sticky":false,"template":"","format":"standard","meta":{"footnotes":""},"categories":[1586],"tags":[11,1428,1292,2198,2197,75,1777,674,1429,1011,27,14,12,1427,1426,25,132,7247],"class_list":{"0":"post-51047","1":"post","2":"type-post","3":"status-publish","4":"format-standard","5":"has-post-thumbnail","7":"category-europe","8":"tag-actualites","9":"tag-chroniqueurs","10":"tag-debat","11":"tag-debat-monde","12":"tag-debats-international","13":"tag-donald-trump","14":"tag-eu","15":"tag-europe","16":"tag-figarovox","17":"tag-fr","18":"tag-france","19":"tag-international","20":"tag-news","21":"tag-opinions","22":"tag-questions","23":"tag-republique-francaise","24":"tag-russie","25":"tag-viktor-orban"},"share_on_mastodon":{"url":"https:\/\/pubeurope.com\/@fr\/114397092540933092","error":""},"_links":{"self":[{"href":"https:\/\/www.europesays.com\/fr\/wp-json\/wp\/v2\/posts\/51047","targetHints":{"allow":["GET"]}}],"collection":[{"href":"https:\/\/www.europesays.com\/fr\/wp-json\/wp\/v2\/posts"}],"about":[{"href":"https:\/\/www.europesays.com\/fr\/wp-json\/wp\/v2\/types\/post"}],"author":[{"embeddable":true,"href":"https:\/\/www.europesays.com\/fr\/wp-json\/wp\/v2\/users\/2"}],"replies":[{"embeddable":true,"href":"https:\/\/www.europesays.com\/fr\/wp-json\/wp\/v2\/comments?post=51047"}],"version-history":[{"count":0,"href":"https:\/\/www.europesays.com\/fr\/wp-json\/wp\/v2\/posts\/51047\/revisions"}],"wp:featuredmedia":[{"embeddable":true,"href":"https:\/\/www.europesays.com\/fr\/wp-json\/wp\/v2\/media\/51048"}],"wp:attachment":[{"href":"https:\/\/www.europesays.com\/fr\/wp-json\/wp\/v2\/media?parent=51047"}],"wp:term":[{"taxonomy":"category","embeddable":true,"href":"https:\/\/www.europesays.com\/fr\/wp-json\/wp\/v2\/categories?post=51047"},{"taxonomy":"post_tag","embeddable":true,"href":"https:\/\/www.europesays.com\/fr\/wp-json\/wp\/v2\/tags?post=51047"}],"curies":[{"name":"wp","href":"https:\/\/api.w.org\/{rel}","templated":true}]}}