{"id":510472,"date":"2025-11-04T05:55:13","date_gmt":"2025-11-04T05:55:13","guid":{"rendered":"https:\/\/www.europesays.com\/fr\/510472\/"},"modified":"2025-11-04T05:55:13","modified_gmt":"2025-11-04T05:55:13","slug":"alliee-de-moscou-la-bielorussie-ciblee-a-lonu-pour-sa-repression-systemique","status":"publish","type":"post","link":"https:\/\/www.europesays.com\/fr\/510472\/","title":{"rendered":"Alli\u00e9e de Moscou, la Bi\u00e9lorussie cibl\u00e9e \u00e0 l\u2019ONU pour sa \u00ab\u00a0r\u00e9pression syst\u00e9mique\u00a0\u00bb\u2026"},"content":{"rendered":"<p>Alli\u00e9e de Moscou, la Bi\u00e9lorussie cibl\u00e9e \u00e0 l\u2019ONU pour sa \u00ab\u00a0r\u00e9pression syst\u00e9mique\u00a0\u00bb<\/p>\n<p>La Bi\u00e9lorussie a essuy\u00e9 lundi de vives critiques devant l\u2019ONU de la part de nombreux pays d\u00e9plorant son bilan en mati\u00e8re de droits humains et l\u2019accusant de r\u00e9pression syst\u00e9mique, de poursuites \u00e0 caract\u00e8re politique et de tortures g\u00e9n\u00e9ralis\u00e9es.<\/p>\n<p>Les organisations de d\u00e9fense des droits humains \u00e9valuent toujours \u00e0 environ 1.000 le nombre des prisonniers politiques dans ce pays dirig\u00e9 depuis\u00a01994 par Alexandre Loukachenko, un proche alli\u00e9 du pr\u00e9sident russe Vladimir Poutine.<\/p>\n<p>L\u2019avanc\u00e9e russe constante en octobre<\/p>\n<p>L\u2019avanc\u00e9e des troupes russes en Ukraine est rest\u00e9e constante en octobre et la r\u00e9gion orientale de Donetsk reste la plus menac\u00e9e, selon l\u2019analyse des donn\u00e9es fournies par l\u2019Institut am\u00e9ricain pour l\u2019\u00e9tude de la guerre (ISW), qui travaille avec le Critical Threats Project (CTP). C\u2019est dans cette r\u00e9gion, o\u00f9 se concentre l\u2019essentiel des combats, qu\u2019est notamment situ\u00e9e la ville de Pokrovsk, un important n\u0153ud logistique pour les forces ukrainiennes qui pourrait tomber dans les jours prochains.<\/p>\n<p>En un mois, la Russie a pris 461 kilom\u00e8tres carr\u00e9s aux Ukrainiens, un chiffre l\u00e9g\u00e8rement sup\u00e9rieur aux 447\u00a0km2 de territoire conquis en septembre. Ce chiffre est proche de la moyenne mensuelle pour l\u2019ann\u00e9e\u00a02025, apr\u00e8s un pic en juillet (634\u00a0km2). Fin octobre, l\u2019arm\u00e9e russe contr\u00f4lait totalement ou partiellement 19,2\u00a0% du territoire ukrainien. Quelque 7\u00a0%, la Crim\u00e9e et des zones du Donbass, \u00e9taient d\u00e9j\u00e0 contr\u00f4l\u00e9s avant le d\u00e9but de l\u2019invasion russe de f\u00e9vrier\u00a02022.<\/p>\n<p>Bienvenue dans ce nouveau Live<\/p>\n<p>Bonjour \u00e0 toutes et \u00e0 tous. Comme chaque jour, la r\u00e9daction de 20 Minutes est mobilis\u00e9e pour vous donner l\u2019ensemble des informations sur le conflit entre Kiev et Moscou.<\/p>\n<p>Actuellement, c\u2019est dans la r\u00e9gion de Donetsk que se concentre l\u2019essentiel des combats. Dans celle-ci est notamment situ\u00e9e la ville de Pokrovsk, un important n\u0153ud logistique pour les forces ukrainiennes qui pourrait tomber dans les jours prochains.<\/p>\n","protected":false},"excerpt":{"rendered":"Alli\u00e9e de Moscou, la Bi\u00e9lorussie cibl\u00e9e \u00e0 l\u2019ONU pour sa \u00ab\u00a0r\u00e9pression syst\u00e9mique\u00a0\u00bb La Bi\u00e9lorussie a essuy\u00e9 lundi de&hellip;\n","protected":false},"author":2,"featured_media":510473,"comment_status":"","ping_status":"","sticky":false,"template":"","format":"standard","meta":{"footnotes":""},"categories":[1590],"tags":[47,11,75,73,1777,674,131,74,12,132,220,555,133,135,134],"class_list":{"0":"post-510472","1":"post","2":"type-post","3":"status-publish","4":"format-standard","5":"has-post-thumbnail","7":"category-ukraine","8":"tag-actualite","9":"tag-actualites","10":"tag-donald-trump","11":"tag-etats-unis","12":"tag-eu","13":"tag-europe","14":"tag-guerre-en-ukraine","15":"tag-monde","16":"tag-news","17":"tag-russie","18":"tag-ukraine","19":"tag-union-europeenne-ue","20":"tag-video","21":"tag-vladimir-poutine","22":"tag-volodymyr-zelensky"},"share_on_mastodon":{"url":"https:\/\/pubeurope.com\/@fr\/115489887009639487","error":""},"_links":{"self":[{"href":"https:\/\/www.europesays.com\/fr\/wp-json\/wp\/v2\/posts\/510472","targetHints":{"allow":["GET"]}}],"collection":[{"href":"https:\/\/www.europesays.com\/fr\/wp-json\/wp\/v2\/posts"}],"about":[{"href":"https:\/\/www.europesays.com\/fr\/wp-json\/wp\/v2\/types\/post"}],"author":[{"embeddable":true,"href":"https:\/\/www.europesays.com\/fr\/wp-json\/wp\/v2\/users\/2"}],"replies":[{"embeddable":true,"href":"https:\/\/www.europesays.com\/fr\/wp-json\/wp\/v2\/comments?post=510472"}],"version-history":[{"count":0,"href":"https:\/\/www.europesays.com\/fr\/wp-json\/wp\/v2\/posts\/510472\/revisions"}],"wp:featuredmedia":[{"embeddable":true,"href":"https:\/\/www.europesays.com\/fr\/wp-json\/wp\/v2\/media\/510473"}],"wp:attachment":[{"href":"https:\/\/www.europesays.com\/fr\/wp-json\/wp\/v2\/media?parent=510472"}],"wp:term":[{"taxonomy":"category","embeddable":true,"href":"https:\/\/www.europesays.com\/fr\/wp-json\/wp\/v2\/categories?post=510472"},{"taxonomy":"post_tag","embeddable":true,"href":"https:\/\/www.europesays.com\/fr\/wp-json\/wp\/v2\/tags?post=510472"}],"curies":[{"name":"wp","href":"https:\/\/api.w.org\/{rel}","templated":true}]}}