{"id":51049,"date":"2025-04-25T06:04:08","date_gmt":"2025-04-25T06:04:08","guid":{"rendered":"https:\/\/www.europesays.com\/fr\/51049\/"},"modified":"2025-04-25T06:04:08","modified_gmt":"2025-04-25T06:04:08","slug":"lassociation-culturelle-et-creative-de-touffreville-sur-eu-sexpose-a-criel-sur-mer-jusquau-4-mai","status":"publish","type":"post","link":"https:\/\/www.europesays.com\/fr\/51049\/","title":{"rendered":"L&rsquo;association Culturelle et Cr\u00e9ative de Touffreville-sur-Eu, s&rsquo;expose \u00e0 Criel-sur-Mer jusqu&rsquo;au 4 mai"},"content":{"rendered":"<p>            Par<br \/>\n        <strong><br \/>\n            <a href=\"https:\/\/actu.fr\/auteur\/augustin-thibouw\" title=\"Consulter tous les articles de Augustin Thibouw\" rel=\"nofollow noopener\" target=\"_blank\">Augustin Thibouw<\/a><br \/>\n        <\/strong><\/p>\n<p>        Publi\u00e9 le<\/p>\n<p>            25 avr. 2025 \u00e0 7h30        <\/p>\n<p>Quoi de mieux que de f\u00eater ses 20 bougies avec une belle et grande exposition. C\u2019est ce que va faire l\u2019Association Culturelle et Cr\u00e9ative de <a href=\"https:\/\/actu.fr\/normandie\/touffreville-sur-eu_76703\" rel=\"nofollow noopener\" target=\"_blank\">Touffreville-sur-Eu<\/a> (ACCT) \u00e0 partir du 26\u00a0avril. L\u2019association, qui f\u00eate ses 20\u00a0ans cette ann\u00e9e, investie le magnifique manoir de <b>Brian\u00e7on \u00e0 Criel-sur-Mer<\/b> pour une exposition in\u00e9dite, du 26\u00a0avril au 4\u00a0mai.<\/p>\n<p class=\" wall-content\">Apr\u00e8s le succ\u00e8s de leur pr\u00e9c\u00e9dente exposition en 2022, intitul\u00e9e \u00ab Brodeuses en chantier \u00bb, les membres de l\u2019ACCT reviennent avec un nouveau th\u00e8me original : \u00ab <b>365\u00a0jours, brodeuses au fil du temps <\/b>\u00bb. Pendant neuf jours, les visiteurs pourront d\u00e9couvrir les \u0153uvres r\u00e9alis\u00e9es par les douze membres de l\u2019association au cours des trois derni\u00e8res ann\u00e9es.<\/p>\n<p class=\" wall-content\">\u00ab Nous avons des centaines d\u2019ouvrages \u00e0 pr\u00e9senter, nous allons remplir le manoir \u00bb, se r\u00e9jouissait <b>Doriane Osinski<\/b>, pr\u00e9sidente de l\u2019ACCT lors de la derni\u00e8re assembl\u00e9e g\u00e9n\u00e9rale de l\u2019association, lors de laquelle l\u2019exposition a \u00e9t\u00e9 annonc\u00e9e.<\/p>\n<p class=\" wall-content\">Chaque jour de l\u2019ann\u00e9e sera repr\u00e9sent\u00e9 par un <b>dicton <\/b>ou une <b>citation<\/b>, \u00e0 lire au fil des cr\u00e9ations brod\u00e9es. Et pour ajouter une touche ludique, les visiteurs seront invit\u00e9s \u00e0 rep\u00e9rer les petites erreurs, traits d\u2019humour et citations invent\u00e9es gliss\u00e9es malicieusement parmi les textes.<\/p>\n<p class=\" wall-content\">L\u2019exposition sera ouverte tous les jours de 10 h \u00e0 17 h 30, avec une entr\u00e9e libre pour permettre \u00e0 chacun de venir admirer ce travail aussi minutieux qu\u2019imaginatif.<\/p>\n<p>Vid\u00e9os : en ce moment sur Actu<\/p>\n<p class=\" wall-content\">Un rendez-vous \u00e0 ne pas manquer pour les amoureux de la broderie et de la cr\u00e9ativit\u00e9, d\u2019autant plus que ce sera la derni\u00e8re exposition sous ce format de l\u2019association.<\/p>\n<p class=\" wall-content\">Suivez toute l\u2019actualit\u00e9 de vos villes et m\u00e9dias favoris en vous inscrivant \u00e0 <a href=\"https:\/\/moncompte.actu.fr\" title=\"D\u00e9couvez Mon Actu\" rel=\"nofollow noopener\" data-trk=\"{&quot;cta&quot;:{&quot;action&quot;:&quot;https:\\\/\\\/moncompte.actu.fr&quot;,&quot;category&quot;:&quot;mon compte&quot;,&quot;from&quot;:&quot;article footer&quot;,&quot;name&quot;:&quot;Mon actu&quot;,&quot;type&quot;:&quot;cta&quot;}}\" target=\"_blank\">Mon Actu<\/a>.<\/p>\n","protected":false},"excerpt":{"rendered":"Par Augustin Thibouw Publi\u00e9 le 25 avr. 2025 \u00e0 7h30 Quoi de mieux que de f\u00eater ses 20&hellip;\n","protected":false},"author":2,"featured_media":51050,"comment_status":"","ping_status":"","sticky":false,"template":"","format":"standard","meta":{"footnotes":""},"categories":[1586],"tags":[11,1777,674,1779,1011,27,1652,12,25,1778,364,14394],"class_list":{"0":"post-51049","1":"post","2":"type-post","3":"status-publish","4":"format-standard","5":"has-post-thumbnail","7":"category-europe","8":"tag-actualites","9":"tag-eu","10":"tag-europe","11":"tag-european-union","12":"tag-fr","13":"tag-france","14":"tag-loisirs-culture","15":"tag-news","16":"tag-republique-francaise","17":"tag-ue","18":"tag-union-europeenne","19":"tag-vallee-de-lyeres"},"share_on_mastodon":{"url":"https:\/\/pubeurope.com\/@fr\/114397096448001838","error":""},"_links":{"self":[{"href":"https:\/\/www.europesays.com\/fr\/wp-json\/wp\/v2\/posts\/51049","targetHints":{"allow":["GET"]}}],"collection":[{"href":"https:\/\/www.europesays.com\/fr\/wp-json\/wp\/v2\/posts"}],"about":[{"href":"https:\/\/www.europesays.com\/fr\/wp-json\/wp\/v2\/types\/post"}],"author":[{"embeddable":true,"href":"https:\/\/www.europesays.com\/fr\/wp-json\/wp\/v2\/users\/2"}],"replies":[{"embeddable":true,"href":"https:\/\/www.europesays.com\/fr\/wp-json\/wp\/v2\/comments?post=51049"}],"version-history":[{"count":0,"href":"https:\/\/www.europesays.com\/fr\/wp-json\/wp\/v2\/posts\/51049\/revisions"}],"wp:featuredmedia":[{"embeddable":true,"href":"https:\/\/www.europesays.com\/fr\/wp-json\/wp\/v2\/media\/51050"}],"wp:attachment":[{"href":"https:\/\/www.europesays.com\/fr\/wp-json\/wp\/v2\/media?parent=51049"}],"wp:term":[{"taxonomy":"category","embeddable":true,"href":"https:\/\/www.europesays.com\/fr\/wp-json\/wp\/v2\/categories?post=51049"},{"taxonomy":"post_tag","embeddable":true,"href":"https:\/\/www.europesays.com\/fr\/wp-json\/wp\/v2\/tags?post=51049"}],"curies":[{"name":"wp","href":"https:\/\/api.w.org\/{rel}","templated":true}]}}