{"id":510494,"date":"2025-11-04T06:11:16","date_gmt":"2025-11-04T06:11:16","guid":{"rendered":"https:\/\/www.europesays.com\/fr\/510494\/"},"modified":"2025-11-04T06:11:16","modified_gmt":"2025-11-04T06:11:16","slug":"cyclisme-route-geraint-thomas-avec-mon-velo-de-2018-tadej-pogacar-naurait-pas-gagne","status":"publish","type":"post","link":"https:\/\/www.europesays.com\/fr\/510494\/","title":{"rendered":"Cyclisme. Route &#8211; Geraint Thomas : \u00abAvec mon v\u00e9lo de 2018, Tadej Pogacar n&rsquo;aurait pas gagn\u00e9\u00bb"},"content":{"rendered":"<p>Dans son podcast Watts Occurring, qu\u2019il anime avec son ami et ancien co\u00e9quipier <strong>Luke Rowe<\/strong>, le tout jeune retrait\u00e9 <strong>Geraint Thomas <\/strong>s\u2019est pench\u00e9 sur les \u00e9volutions constantes du mat\u00e9riel, et notamment des v\u00e9los, dans le peloton professionnel. Selon lui, <strong><a href=\"https:\/\/www.cyclismactu.net\/..\/news-tour-down-under-route-tadej-pogacar-sur-tour-down-under-en-janvier-prochain-90819.html\" target=\"_blank\" rel=\"noopener\">Tadej Pogacar<\/a><\/strong>\u00a0(UAE Team Emirates XRG) ne ferait pas le poids face \u00e0<strong> Jonas Vingegaard<\/strong>\u00a0(Visma | Lease a Bike) s\u2019il devait disputer le<strong> Tour de France <\/strong>avec le m\u00eame v\u00e9lo que celui qui lui avait permis de triompher en 2018.<\/p>\n<p>Vid\u00e9o &#8211; Le Tour of Britain, la derni\u00e8re course de Geraint Thomas Lire la suite de l&rsquo;article&#13;<\/p>\n<p>\u00a0<\/p>\n<p>&#13;<br \/>\nUne \u00e9norme \u00e9volution en 7 ans&#8230;&#13;<\/p>\n<p>Le cyclisme, plus que beaucoup d\u2019autres disciplines, est profond\u00e9ment marqu\u00e9 par les avanc\u00e9es technologiques. Les v\u00e9los, aujourd\u2019hui de v\u00e9ritables chefs-d\u2019\u0153uvre d\u2019a\u00e9rodynamisme, flirtent avec les limites de poids impos\u00e9es par l\u2019<strong>UCI<\/strong>. Leur r\u00f4le dans la performance des coureurs est devenu central, parfois au point d\u2019\u00e9clipser l\u2019aspect purement humain de la comp\u00e9tition. C\u2019est justement ce sujet qu\u2019ont abord\u00e9 <strong>Thomas <\/strong>et <strong>Rowe <\/strong>dans leur \u00e9mission.<\/p>\n<p>&#13;<\/p>\n<p>Le Gallois a donn\u00e9 son avis :\u00a0\u00ab\u00a0Tadej Pogacar ne gagnerait pas le Tour de France contre Jonas (Vingegaard) avec mon v\u00e9lo\u00a0\u00bb, a-t-il lanc\u00e9, en r\u00e9f\u00e9rence \u00e0 la machine qui l\u2019avait conduit sur les Champs-\u00c9lys\u00e9es en 2018.\u00a0<a href=\"https:\/\/www.cyclismactu.net\/..\/news-dopage-route-luke-rowe-les-dopes-seule-categorie-de-coureurs-qui-90822.html\" target=\"_blank\" rel=\"noopener\"><strong>Luke Rowe<\/strong><\/a>, aujourd\u2019hui directeur sportif chez <strong>Decathlon AG2R La Mondiale<\/strong>, partage globalement ce constat, tout en nuan\u00e7ant l\u00e9g\u00e8rement : \u00ab\u00a0Peut-\u00eatre qu\u2019en bas d\u2019une mont\u00e9e, d\u2019homme \u00e0 homme, Pogacar pourrait encore s\u2019imposer. Mais sur trois semaines, avec la fatigue accumul\u00e9e jour apr\u00e8s jour, ce serait impossible \u00e0 tenir.\u00a0\u00bb<\/p>\n","protected":false},"excerpt":{"rendered":"Dans son podcast Watts Occurring, qu\u2019il anime avec son ami et ancien co\u00e9quipier Luke Rowe, le tout jeune&hellip;\n","protected":false},"author":2,"featured_media":510495,"comment_status":"","ping_status":"","sticky":false,"template":"","format":"standard","meta":{"footnotes":""},"categories":[1411],"tags":[1154,207,211,1011,27,209,60,210,212,208,213],"class_list":{"0":"post-510494","1":"post","2":"type-post","3":"status-publish","4":"format-standard","5":"has-post-thumbnail","7":"category-cyclisme","8":"tag-cycling","9":"tag-cyclisme","10":"tag-ffc","11":"tag-fr","12":"tag-france","13":"tag-route","14":"tag-sports","15":"tag-tour-de-france","16":"tag-uci","17":"tag-velo","18":"tag-world-tour"},"share_on_mastodon":{"url":"https:\/\/pubeurope.com\/@fr\/115489949911248253","error":""},"_links":{"self":[{"href":"https:\/\/www.europesays.com\/fr\/wp-json\/wp\/v2\/posts\/510494","targetHints":{"allow":["GET"]}}],"collection":[{"href":"https:\/\/www.europesays.com\/fr\/wp-json\/wp\/v2\/posts"}],"about":[{"href":"https:\/\/www.europesays.com\/fr\/wp-json\/wp\/v2\/types\/post"}],"author":[{"embeddable":true,"href":"https:\/\/www.europesays.com\/fr\/wp-json\/wp\/v2\/users\/2"}],"replies":[{"embeddable":true,"href":"https:\/\/www.europesays.com\/fr\/wp-json\/wp\/v2\/comments?post=510494"}],"version-history":[{"count":0,"href":"https:\/\/www.europesays.com\/fr\/wp-json\/wp\/v2\/posts\/510494\/revisions"}],"wp:featuredmedia":[{"embeddable":true,"href":"https:\/\/www.europesays.com\/fr\/wp-json\/wp\/v2\/media\/510495"}],"wp:attachment":[{"href":"https:\/\/www.europesays.com\/fr\/wp-json\/wp\/v2\/media?parent=510494"}],"wp:term":[{"taxonomy":"category","embeddable":true,"href":"https:\/\/www.europesays.com\/fr\/wp-json\/wp\/v2\/categories?post=510494"},{"taxonomy":"post_tag","embeddable":true,"href":"https:\/\/www.europesays.com\/fr\/wp-json\/wp\/v2\/tags?post=510494"}],"curies":[{"name":"wp","href":"https:\/\/api.w.org\/{rel}","templated":true}]}}