{"id":510504,"date":"2025-11-04T06:17:18","date_gmt":"2025-11-04T06:17:18","guid":{"rendered":"https:\/\/www.europesays.com\/fr\/510504\/"},"modified":"2025-11-04T06:17:18","modified_gmt":"2025-11-04T06:17:18","slug":"le-compte-instagram-de-britney-spears-a-ete-supprime-en-plein-conflit-mediatique-avec-son-ex-mari","status":"publish","type":"post","link":"https:\/\/www.europesays.com\/fr\/510504\/","title":{"rendered":"Le compte Instagram de Britney Spears a \u00e9t\u00e9 supprim\u00e9 en plein conflit m\u00e9diatique avec son ex-mari"},"content":{"rendered":"<p class=\"paragraph text_align_left lp-f-body-02\">L\u2019inqui\u00e9tude grandit dans les rangs des fans de <a href=\"https:\/\/www.leparisien.fr\/culture-loisirs\/musique\/je-viens-davoir-5-ans-le-message-enigmatique-de-britney-spears-publie-pour-son-anniversaire-inquiete-ses-fans-05-12-2024-WDHF24YHRFBYRNAGSJF2SXQJCU.php\" target=\"_self\" rel=\"nofollow noopener\">Britney Spears<\/a>. Le compte Instagram de la chanteuse am\u00e9ricaine n\u2019est plus accessible depuis ce dimanche soir, en plein conflit ouvert avec <a href=\"https:\/\/www.leparisien.fr\/culture-loisirs\/musique\/britney-spears-demande-la-fin-de-la-tutelle-paternelle-pour-se-marier-23-09-2021-P3YYVGE7ARAKLA5UI473TZJDGQ.php\" target=\"_self\" rel=\"nofollow noopener\">son ex-mari Kevin Federline<\/a>.<\/p>\n<p class=\"paragraph text_align_left lp-f-body-02\">Le profil de Britney Spears, qui compte 42 000 utilisateurs sur Instagram, semble avoir \u00e9t\u00e9 supprim\u00e9 du r\u00e9seau. \u00ab Le profil n\u2019est pas disponible. Le lien est peut-\u00eatre bris\u00e9, ou le profil peut avoir \u00e9t\u00e9 supprim\u00e9 \u00bb, est-il indiqu\u00e9 dans un message.<\/p>\n<p class=\"paragraph text_align_left lp-f-body-02\">Cette d\u00e9cision &#8211; on ne sait pas si elle a \u00e9t\u00e9 prise par Britney Spears ou par Instagram &#8211; intervient dans un contexte tr\u00e8s tendu pour la chanteuse, <a href=\"https:\/\/www.leparisien.fr\/culture-loisirs\/musique\/manque-de-respect-britney-spears-repond-aux-accusations-de-son-ex-mari-kevin-federline-dans-son-autobiographie-16-10-2025-LXLJQ73EN5CJFHGQ3TEOW3KF4E.php\" target=\"_self\" rel=\"nofollow noopener\">en pleine bataille m\u00e9diatique<\/a> avec Kevin Federline, qu\u2019elle avait \u00e9pous\u00e9 en 2004 avant de divorcer trois ans plus tard.<\/p>\n<p>Menaces physiques<\/p>\n<p class=\"paragraph text_align_left lp-f-body-02\">Dans son autobiographie \u00ab You thought you knew \u00bb, publi\u00e9e fin octobre, Kevin Federline met en cause son ex-femme, l\u2019accusant d\u2019avoir physiquement menac\u00e9 leurs deux fils Sean Preston et Jayden James, aujourd\u2019hui \u00e2g\u00e9s de 19 et 20 ans, qui ne souhaiteraient plus la revoir. Il lui reprochait aussi d\u2019avoir \u00e9t\u00e9 infid\u00e8le et de s\u2019\u00eatre drogu\u00e9e alors qu\u2019elle allaitait.<\/p>\n<p class=\"paragraph text_align_left lp-f-body-02\">Des accusations cat\u00e9goriquement ni\u00e9es par l\u2019interpr\u00e8te de \u00ab Gimme More \u00bb, <a href=\"https:\/\/www.leparisien.fr\/culture-loisirs\/musique\/manque-de-respect-britney-spears-repond-aux-accusations-de-son-ex-mari-kevin-federline-dans-son-autobiographie-16-10-2025-LXLJQ73EN5CJFHGQ3TEOW3KF4E.php\" target=\"_self\" rel=\"nofollow noopener\">qui s\u2019\u00e9tait d\u00e9fendue<\/a> dans une s\u00e9rie de messages sur X. \u00ab Les manipulations constantes de mon ex-mari sont extr\u00eamement blessantes et \u00e9puisantes (\u2026) J\u2019ai toujours suppli\u00e9 et insist\u00e9 pour pouvoir vivre avec mes fils. Malheureusement, ils ont toujours \u00e9t\u00e9 t\u00e9moins du manque de respect que leur p\u00e8re me t\u00e9moignait \u00bb, avait-elle notamment assur\u00e9.<\/p>\n<p class=\"paragraph text_align_left lp-f-body-02\">En 2007, Britney Spears avait \u00e9t\u00e9 contrainte de laisser la garde de ses deux fils \u00e0 son ex-conjoint \u00e0 cause de ses troubles d\u00e9pressifs, ce qui a contribu\u00e9 \u00e0 <a href=\"https:\/\/www.leparisien.fr\/culture-loisirs\/musique\/la-revanche-de-britney-spears-de-sa-descente-aux-enfers-a-la-fin-de-sa-tutelle-15-10-2021-CQQOONSKQZGVVPMWUKANRIRXC4.php\" target=\"_self\" rel=\"nofollow noopener\">sa descente aux enfers<\/a> avec plusieurs passages en centres de d\u00e9sintoxication. Elle avait \u00e9galement \u00e9t\u00e9 plac\u00e9e sous la tutelle de son p\u00e8re, <a href=\"https:\/\/www.leparisien.fr\/culture-loisirs\/le-pere-de-britney-spears-renonce-a-etre-son-tuteur-13-08-2021-U6YKZZELJFBOTLBV3XDKWFPL2M.php\" target=\"_self\" rel=\"nofollow noopener\">dont elle s\u2019est finalement affranchie<\/a> en 2021.<\/p>\n<p>Pension alimentaire<\/p>\n<p class=\"paragraph text_align_left lp-f-body-02\">La pop star versait jusqu\u2019en 2023 une pension alimentaire de 20 000 dollars par enfant \u00e0 Kevin Federline. Le versement a pris fin en 2023, lorsque le plus jeune des deux gar\u00e7ons a eu 18 ans. Depuis, les fans de la chanteuse accusent son ex-conjoint de vouloir profiter de son argent.<\/p>\n<p class=\"paragraph text_align_left lp-f-body-02\">\u00ab Avec la sortie du livre de Kevin (Federline), lui et d\u2019autres profitent une fois encore de (Britney Spears), et malheureusement, cela survient apr\u00e8s la fin de la pension alimentaire vers\u00e9e \u00e0 Kevin \u00bb, a notamment d\u00e9clar\u00e9 le porte-parole de Britney Spears. \u00ab L\u2019argent n\u2019est pas \u00e0 l\u2019origine de cette histoire \u00bb, a balay\u00e9 Kevin Federline aupr\u00e8s d\u2019<a href=\"https:\/\/www.instagram.com\/reel\/DPzicWNj-tD\/?igsh=X2Z5dWtTbmZl\" target=\"_self\" rel=\"nofollow noopener\">Entertainement Tonight<\/a>.<\/p>\n<p class=\"paragraph text_align_left lp-f-body-02\">Lors de la publication de <a href=\"https:\/\/www.leparisien.fr\/culture-loisirs\/musique\/il-ne-voulait-pas-etre-pere-britney-spears-revele-avoir-avorte-a-la-demande-de-justin-timberlake-18-10-2023-BKNEPQVG7ZED3ASG6QSLRQUUTA.php\" target=\"_self\" rel=\"nofollow noopener\">sa propre autobiographie<\/a> \u00ab The Woman in Me \u00bb (\u00ab La femme en moi \u00bb), en 2023, Britney Spears avait d\u00e9j\u00e0 affirm\u00e9 que Kevin Federline \u00ab avait tent\u00e9 de convaincre tout le monde \u00bb qu\u2019elle n\u2019\u00e9tait pas stable en marge de leur divorce, lorsque les ex-\u00e9poux s\u2019\u00e9taient disput\u00e9s la garde de leurs enfants.<\/p>\n<p class=\"paragraph text_align_left lp-f-body-02\">Quelques jours avant la suppression de son compte, Britney Spears avait post\u00e9 plus vid\u00e9os erratiques, rappelle le <a href=\"https:\/\/www.dailymail.co.uk\/tvshowbiz\/article-15251705\/Britney-Spears-deletes-Instagram-Kevin-Federline.html\" target=\"_self\" rel=\"nofollow noopener\">Daily Mail<\/a>. Dans l\u2019une d\u2019elles, elle apparaissant d\u00e9sorient\u00e9e et les larmes aux yeux, avec de gros h\u00e9matomes sur le bras, qu\u2019elle attribuait \u00e0 une chute dans les escaliers.<\/p>\n<p><script async src=\"\/\/www.instagram.com\/embed.js\"><\/script><\/p>\n","protected":false},"excerpt":{"rendered":"L\u2019inqui\u00e9tude grandit dans les rangs des fans de Britney Spears. Le compte Instagram de la chanteuse am\u00e9ricaine n\u2019est&hellip;\n","protected":false},"author":2,"featured_media":510505,"comment_status":"","ping_status":"","sticky":false,"template":"","format":"standard","meta":{"footnotes":""},"categories":[1355],"tags":[872,58,59,1011,27,1361,873],"class_list":{"0":"post-510504","1":"post","2":"type-post","3":"status-publish","4":"format-standard","5":"has-post-thumbnail","7":"category-musique","8":"tag-culture-et-loisirs","9":"tag-divertissement","10":"tag-entertainment","11":"tag-fr","12":"tag-france","13":"tag-music","14":"tag-musique"},"share_on_mastodon":{"url":"https:\/\/pubeurope.com\/@fr\/115489973477821731","error":""},"_links":{"self":[{"href":"https:\/\/www.europesays.com\/fr\/wp-json\/wp\/v2\/posts\/510504","targetHints":{"allow":["GET"]}}],"collection":[{"href":"https:\/\/www.europesays.com\/fr\/wp-json\/wp\/v2\/posts"}],"about":[{"href":"https:\/\/www.europesays.com\/fr\/wp-json\/wp\/v2\/types\/post"}],"author":[{"embeddable":true,"href":"https:\/\/www.europesays.com\/fr\/wp-json\/wp\/v2\/users\/2"}],"replies":[{"embeddable":true,"href":"https:\/\/www.europesays.com\/fr\/wp-json\/wp\/v2\/comments?post=510504"}],"version-history":[{"count":0,"href":"https:\/\/www.europesays.com\/fr\/wp-json\/wp\/v2\/posts\/510504\/revisions"}],"wp:featuredmedia":[{"embeddable":true,"href":"https:\/\/www.europesays.com\/fr\/wp-json\/wp\/v2\/media\/510505"}],"wp:attachment":[{"href":"https:\/\/www.europesays.com\/fr\/wp-json\/wp\/v2\/media?parent=510504"}],"wp:term":[{"taxonomy":"category","embeddable":true,"href":"https:\/\/www.europesays.com\/fr\/wp-json\/wp\/v2\/categories?post=510504"},{"taxonomy":"post_tag","embeddable":true,"href":"https:\/\/www.europesays.com\/fr\/wp-json\/wp\/v2\/tags?post=510504"}],"curies":[{"name":"wp","href":"https:\/\/api.w.org\/{rel}","templated":true}]}}