{"id":510519,"date":"2025-11-04T06:25:12","date_gmt":"2025-11-04T06:25:12","guid":{"rendered":"https:\/\/www.europesays.com\/fr\/510519\/"},"modified":"2025-11-04T06:25:12","modified_gmt":"2025-11-04T06:25:12","slug":"la-bretagne-veut-tripler-la-taxe-de-sejour-les-acteurs-du-tourisme-setranglent","status":"publish","type":"post","link":"https:\/\/www.europesays.com\/fr\/510519\/","title":{"rendered":"La Bretagne veut tripler la taxe de s\u00e9jour, les acteurs du tourisme s\u2019\u00e9tranglent"},"content":{"rendered":"<p> \u00abOn a sorti <a href=\"https:\/\/www.20minutes.fr\/societe\/bonnets_rouges\/\" class=\"c-link c-link--is-underlined\" target=\"_blank\" rel=\"noopener\">les bonnets rouges<\/a> pour moins que \u00e7a.\u00a0\u00bb La phrase est lanc\u00e9e sur le ton de la boutade par Nicolas Dayot, pr\u00e9sident de l\u2019Union bretonne de l\u2019h\u00f4tellerie de plein air. Elle t\u00e9moigne pourtant de la col\u00e8re qui anime actuellement les professionnels du tourisme breton. En cause, un projet de taxe de s\u00e9jour additionnelle que la r\u00e9gion aimerait bien instaurer pour financer ses transports en lieu et place du versement mobilit\u00e9 r\u00e9gional et rural, auquel devront s\u2019acquitter les entreprises bretonnes de plus de onze salari\u00e9s \u00e0 partir du 1er\u00a0janvier.<\/p>\n<p>Autrement dit, faire payer les touristes plut\u00f4t que les entreprises locales et \u00ab\u00a0fiscaliser les loisirs plut\u00f4t que le travail\u00a0\u00bb, comme l\u2019annonce le pr\u00e9sident de r\u00e9gion Lo\u00efg Chesnais-Girard <a href=\"https:\/\/agence-api.ouest-france.fr\/bretagne\/info-api-news-loig-chesnais-girard-region-bretagne-je-prefere-fiscaliser-les-loisirs-que-le-travail-9f20c2fe-b88b-4acc-90ad-b23607302bcc\" rel=\"nofollow noopener\" target=\"_blank\" class=\"c-link c-link--is-underlined\">dans une interview accord\u00e9e \u00e0 l\u2019agence Api News<\/a>. Dans le cadre <a href=\"https:\/\/www.20minutes.fr\/politique\/assemblee_nationale\/4183156-20251103-direct-budget-2026-assemblee-va-terminer-retard-debats-partie-recettes\" class=\"c-link c-link--is-underlined\" target=\"_blank\" rel=\"noopener\">du projet de budget 2026<\/a>, la r\u00e9gion souhaite en effet pouvoir relever la taxe de s\u00e9jour qu\u2019elle pr\u00e9l\u00e8ve sur chaque nuit\u00e9e touristique jusqu\u2019\u00e0 200\u00a0%, soit le triple de la taxe actuelle. \u00ab\u00a0Cela conduirait \u00e0 une taxe moyenne d\u2019environ 2 euros par nuit\u00e9e et par personne, avec un impact variable selon le type d\u2019h\u00e9bergement\u00a0\u00bb, indique la r\u00e9gion, arguant <a href=\"https:\/\/www.20minutes.fr\/paris\/4055545-20230930-ile-france-hoteliers-insurgent-contre-triplement-taxe-sejour\" class=\"c-link c-link--is-underlined\" target=\"_blank\" rel=\"noopener\">que l\u2019\u00cele-de-France b\u00e9n\u00e9ficie de cette taxe de s\u00e9jour additionnelle<\/a> depuis l\u2019an dernier.<\/p>\n<p>Un s\u00e9jour qui co\u00fbtera plus cher pour les touristes<\/p>\n<p>Rien n\u2019est pour l\u2019heure act\u00e9 et un premier amendement en ce sens a d\u00e9j\u00e0 \u00e9t\u00e9 rejet\u00e9 par la commission des finances il y a quelques jours. Mais d\u2019autres pourraient suivre prochainement \u00e0 l\u2019Assembl\u00e9e nationale. De quoi faire bondir les acteurs <a href=\"https:\/\/www.20minutes.fr\/dossier\/tourisme\" class=\"c-link c-link--is-underlined\" target=\"_blank\" rel=\"noopener\">du tourisme<\/a> breton qui mettent d\u00e9j\u00e0 en garde contre \u00ab\u00a0cette taxe exorbitante et qui n\u2019a pas lieu d\u2019\u00eatre\u00a0\u00bb. Si elle venait \u00e0 \u00eatre instaur\u00e9e, cette taxe viendrait \u00ab\u00a0d\u00e9stabiliser tout un secteur qui p\u00e8se plus de 80.000 emplois et environ 8\u00a0% du PIB r\u00e9gional\u00a0\u00bb, assure Jean-Luc Eveno, pr\u00e9sident de l\u2019association des g\u00eetes de France du Morbihan.<\/p>\n<\/p>\n<p>Avec une hausse pouvant aller jusqu\u2019\u00e0 2 euros par personne et par jour, cela viendrait surtout alourdir le co\u00fbt du s\u00e9jour des touristes se rendant en Bretagne. \u00ab\u00a0Et pour des familles modestes qui vont en camping, cette hausse n\u2019est pas neutre\u00a0\u00bb, souligne Nicolas Dayot, craignant que cette mesure \u00ab\u00a0affaiblisse l\u2019attractivit\u00e9 <a href=\"https:\/\/www.20minutes.fr\/dossier\/bretagne\" class=\"c-link c-link--is-underlined\" target=\"_blank\" rel=\"noopener\">de la Bretagne<\/a>\u00a0\u00bb face \u00e0 d\u2019autres destinations, proches ou lointaines.<\/p>\n<p>Pas aux touristes de \u00ab\u00a0financer la mobilit\u00e9 r\u00e9gionale\u00a0\u00bb<\/p>\n<p>\u00ab\u00a0On tient \u00e0 pr\u00e9server cette image de tourisme accessible et familial en Bretagne donc cette nouvelle taxe est incompr\u00e9hensible\u00a0\u00bb, abonde Anthony Rambaud, pr\u00e9sident de l\u2019Union des m\u00e9tiers et des industries de l\u2019h\u00f4tellerie (Umih) en Bretagne, estimant que \u00ab\u00a0les touristes ne doivent pas financer la mobilit\u00e9 r\u00e9gionale\u00a0\u00bb.<\/p>\n<p><a href=\"https:\/\/www.20minutes.fr\/dossier\/tourisme\" class=\"c-link c-btn c-btn--primary\" target=\"_blank\" rel=\"noopener\">Notre dossier sur le tourisme<\/a><\/p>\n<p>D\u2019autant, selon lui, que ce seront les locaux qui paieront en majorit\u00e9 la facture puisque pr\u00e8s de 40\u00a0% des touristes fr\u00e9quentant la Bretagne viennent du Grand Ouest. \u00ab\u00a0On aimerait mieux que la r\u00e9gion s\u2019attache <a href=\"https:\/\/www.20minutes.fr\/politique\/4182229-20251029-budget-2026-taxe-gafam-deputes-veulent-multiplier-deux\" class=\"c-link c-link--is-underlined\" target=\"_blank\" rel=\"noopener\">\u00e0 taxer les GAFAM<\/a> comme Airbnb ou Booking plut\u00f4t que de nous faire les poches et celles des touristes\u00a0\u00bb, d\u00e9nonce le g\u00e9rant de la cr\u00eaperie La Duchesse Anne \u00e0 Saint-Malo.<\/p>\n<p>Sollicit\u00e9 par plusieurs m\u00e9dias dont 20 Minutes, le pr\u00e9sident de r\u00e9gion indique \u00ab\u00a0comprendre l\u2019inqui\u00e9tude qui peut na\u00eetre autour de ce sujet\u00a0\u00bb mais il assure que \u00ab\u00a0rien n\u2019est d\u00e9cid\u00e9\u00a0\u00bb pour l\u2019heure. \u00ab\u00a0Il ne s\u2019agit pas d\u2019une d\u00e9cision prise, mais d\u2019un d\u00e9bat sur un possible outil, qui ne pourrait exister qu\u2019apr\u00e8s un feu vert du l\u00e9gislateur dans l\u2019actuel projet de loi de Finances de notre pays\u00a0\u00bb, souligne Lo\u00efg Chesnais-Girard, promettant \u00ab\u00a0une discussion collective\u00a0\u00bb si \u00ab\u00a0la Bretagne obtenait ce droit\u00a0\u00bb.<\/p>\n","protected":false},"excerpt":{"rendered":"\u00abOn a sorti les bonnets rouges pour moins que \u00e7a.\u00a0\u00bb La phrase est lanc\u00e9e sur le ton de&hellip;\n","protected":false},"author":2,"featured_media":510520,"comment_status":"","ping_status":"","sticky":false,"template":"","format":"standard","meta":{"footnotes":""},"categories":[4],"tags":[47,11,829,1003,24692,1011,27,2519,848,342,1393,12,584,25,104,2549,602,2216],"class_list":{"0":"post-510519","1":"post","2":"type-post","3":"status-publish","4":"format-standard","5":"has-post-thumbnail","7":"category-france","8":"tag-actualite","9":"tag-actualites","10":"tag-bretagne","11":"tag-budget","12":"tag-camping","13":"tag-fr","14":"tag-france","15":"tag-hotellerie","16":"tag-ille-et-vilaine","17":"tag-impots","18":"tag-loisirs","19":"tag-news","20":"tag-rennes","21":"tag-republique-francaise","22":"tag-societe","23":"tag-taxe","24":"tag-tourisme","25":"tag-transports-en-commun"},"share_on_mastodon":{"url":"https:\/\/pubeurope.com\/@fr\/115490005062547898","error":""},"_links":{"self":[{"href":"https:\/\/www.europesays.com\/fr\/wp-json\/wp\/v2\/posts\/510519","targetHints":{"allow":["GET"]}}],"collection":[{"href":"https:\/\/www.europesays.com\/fr\/wp-json\/wp\/v2\/posts"}],"about":[{"href":"https:\/\/www.europesays.com\/fr\/wp-json\/wp\/v2\/types\/post"}],"author":[{"embeddable":true,"href":"https:\/\/www.europesays.com\/fr\/wp-json\/wp\/v2\/users\/2"}],"replies":[{"embeddable":true,"href":"https:\/\/www.europesays.com\/fr\/wp-json\/wp\/v2\/comments?post=510519"}],"version-history":[{"count":0,"href":"https:\/\/www.europesays.com\/fr\/wp-json\/wp\/v2\/posts\/510519\/revisions"}],"wp:featuredmedia":[{"embeddable":true,"href":"https:\/\/www.europesays.com\/fr\/wp-json\/wp\/v2\/media\/510520"}],"wp:attachment":[{"href":"https:\/\/www.europesays.com\/fr\/wp-json\/wp\/v2\/media?parent=510519"}],"wp:term":[{"taxonomy":"category","embeddable":true,"href":"https:\/\/www.europesays.com\/fr\/wp-json\/wp\/v2\/categories?post=510519"},{"taxonomy":"post_tag","embeddable":true,"href":"https:\/\/www.europesays.com\/fr\/wp-json\/wp\/v2\/tags?post=510519"}],"curies":[{"name":"wp","href":"https:\/\/api.w.org\/{rel}","templated":true}]}}