{"id":510521,"date":"2025-11-04T06:26:15","date_gmt":"2025-11-04T06:26:15","guid":{"rendered":"https:\/\/www.europesays.com\/fr\/510521\/"},"modified":"2025-11-04T06:26:15","modified_gmt":"2025-11-04T06:26:15","slug":"louvrier-pris-au-piege-des-decombres-de-la-tour-medievale-effondree-a-rome-est-mort","status":"publish","type":"post","link":"https:\/\/www.europesays.com\/fr\/510521\/","title":{"rendered":"L\u2019ouvrier pris au pi\u00e8ge des d\u00e9combres de la tour m\u00e9di\u00e9vale effondr\u00e9e \u00e0 Rome est mort"},"content":{"rendered":"<p>A Rome, <a href=\"https:\/\/www.20minutes.fr\/faits_divers\/4183264-20251103-italie-tour-medievale-effondre-rome-trois-blesses-ouvrier-enseveli-sous-decombres\" target=\"_blank\" class=\"c-link c-link--is-underlined\" rel=\"noopener\">l\u2019effondrement partiel d\u2019une tour m\u00e9di\u00e9vale<\/a> vire au tragique. L\u2019ouvrier qui avait \u00e9t\u00e9 extrait des d\u00e9combres est d\u00e9c\u00e9d\u00e9 dans la nuit de lundi \u00e0 ce mardi, peu apr\u00e8s son arriv\u00e9e \u00e0 l\u2019h\u00f4pital.<\/p>\n<p>Une portion de la fa\u00e7ade de la Torre dei Conti, dans <a href=\"https:\/\/www.20minutes.fr\/faits_divers\/4181575-20251025-italie-touriste-japonais-tombe-pantheon-rome-meurt\" target=\"_blank\" class=\"c-link c-link--is-underlined\" rel=\"noopener\">le quartier tr\u00e8s touristique des forums imp\u00e9riaux et du Colis\u00e9e<\/a>, s\u2019\u00e9tait effondr\u00e9e en fin de matin\u00e9e, en projetant des gravats dans la rue et une colonne de poussi\u00e8re dans les airs.<\/p>\n<p>Plus de 11 heures dans les d\u00e9combres<\/p>\n<p>Trois ouvriers avaient pu \u00eatre \u00e9vacu\u00e9s, dont un avec un trauma cr\u00e2nien, selon les m\u00e9dias locaux. Un dernier ouvrier \u00e9tait encore bloqu\u00e9 quand une autre partie de la tour s\u2019est effondr\u00e9e deux heures plus tard, plongeant les secours dans un nuage de poussi\u00e8re et de d\u00e9bris. Octay Stroici, 66 ans, de nationalit\u00e9 roumaine, est rest\u00e9 \u00ab\u00a0conscient\u00a0\u00bb pendant le sauvetage, avait indiqu\u00e9 le minist\u00e8re roumain des Affaires \u00e9trang\u00e8res.<\/p>\n<\/p>\n<p>Les pompiers romains ont r\u00e9ussi \u00e0 l\u2019extraire en fin de soir\u00e9e, apr\u00e8s plus de 11 heures dans les d\u00e9combres. Il a \u00e9t\u00e9 plac\u00e9 sous assistance respiratoire avant de partir en ambulance. Il est arriv\u00e9 \u00e0 l\u2019h\u00f4pital en arr\u00eat cardiorespiratoire, a indiqu\u00e9 l\u2019h\u00f4pital Umberto I \u00e0 l\u2019agence Ansa. Et son pouls n\u2019a pas repris malgr\u00e9 des tentatives de r\u00e9animation. Le pr\u00e9sident de la R\u00e9gion Latium, <a href=\"https:\/\/www.20minutes.fr\/monde\/4042486-20230622-francesco-rocca-president-controverse-federation-internationale-croix-rouge-demissionne\" target=\"_blank\" class=\"c-link c-link--is-underlined\" rel=\"noopener\">Francesco Rocca<\/a>, a exprim\u00e9 sur Facebook ses condol\u00e9ances. \u00ab\u00a0Octay Stroici n\u2019a pas surv\u00e9cu, malgr\u00e9 l\u2019effort extraordinaire des secouristes [\u2026] On ne peut pas et on ne doit pas mourir au travail\u00a0\u00bb.<\/p>\n<p>La s\u00e9curit\u00e9 test\u00e9e avant les travaux<\/p>\n<p>Alors que la poussi\u00e8re \u00e9tait encore en suspension dans l\u2019air, les pompiers avaient utilis\u00e9 des grues pour atteindre les fen\u00eatres de la tour, tandis qu\u2019un drone entrait par une autre fen\u00eatre pour une inspection. Un ouvrier pr\u00e9sent dans le b\u00e2timent au moment o\u00f9 il s\u2019est effondr\u00e9, Ottaviano, 67 ans, a expliqu\u00e9 qu\u2019il s\u2019\u00e9tait \u00e9chapp\u00e9 par un balcon. \u00ab\u00a0Ce n\u2019\u00e9tait pas s\u00fbr. Je veux juste rentrer chez moi\u00a0\u00bb, a-t-il confi\u00e9, ses v\u00eatements encore couverts de poussi\u00e8re.<\/p>\n<p><a href=\"https:\/\/www.20minutes.fr\/dossier\/italie\" target=\"_blank\" class=\"c-link c-btn c-btn--primary\" rel=\"noopener\">Notre dossier sur l&rsquo;Italie<\/a><\/p>\n<p>Les effondrements de lundi ont touch\u00e9 un contrefort et une partie de la base de la tour, puis une partie de la cage d\u2019escalier, a indiqu\u00e9 la direction des biens culturels de Rome. La phase de travaux lanc\u00e9e en juin\u00a02025, qui comprenait notamment le d\u00e9samiantage, \u00e9tait pratiquement achev\u00e9e. Des analyses effectu\u00e9es avant le d\u00e9but des travaux avaient \u00ab\u00a0confirm\u00e9 les conditions de s\u00e9curit\u00e9 n\u00e9cessaires pour proc\u00e9der aux interventions sur les plafonds\u00a0\u00bb, selon la direction des biens culturels.<\/p>\n<p>La Torre dei Conti a \u00e9t\u00e9 construite au IXe\u00a0si\u00e8cle puis agrandie au XIIIe par le pape Innocent III pour sa famille. Ferm\u00e9e depuis\u00a02007, elle b\u00e9n\u00e9ficie pour sa restauration d\u2019une enveloppe importante du plan de relance europ\u00e9en et doit \u00eatre transform\u00e9e en centre culturel.<\/p>\n","protected":false},"excerpt":{"rendered":"A Rome, l\u2019effondrement partiel d\u2019une tour m\u00e9di\u00e9vale vire au tragique. L\u2019ouvrier qui avait \u00e9t\u00e9 extrait des d\u00e9combres est&hellip;\n","protected":false},"author":2,"featured_media":510522,"comment_status":"","ping_status":"","sticky":false,"template":"","format":"standard","meta":{"footnotes":""},"categories":[2],"tags":[47,11,7122,1011,27,452,74,12,3499,133],"class_list":{"0":"post-510521","1":"post","2":"type-post","3":"status-publish","4":"format-standard","5":"has-post-thumbnail","7":"category-actualites","8":"tag-actualite","9":"tag-actualites","10":"tag-effondrement","11":"tag-fr","12":"tag-france","13":"tag-italie","14":"tag-monde","15":"tag-news","16":"tag-rome","17":"tag-video"},"share_on_mastodon":{"url":"https:\/\/pubeurope.com\/@fr\/115490008820965918","error":""},"_links":{"self":[{"href":"https:\/\/www.europesays.com\/fr\/wp-json\/wp\/v2\/posts\/510521","targetHints":{"allow":["GET"]}}],"collection":[{"href":"https:\/\/www.europesays.com\/fr\/wp-json\/wp\/v2\/posts"}],"about":[{"href":"https:\/\/www.europesays.com\/fr\/wp-json\/wp\/v2\/types\/post"}],"author":[{"embeddable":true,"href":"https:\/\/www.europesays.com\/fr\/wp-json\/wp\/v2\/users\/2"}],"replies":[{"embeddable":true,"href":"https:\/\/www.europesays.com\/fr\/wp-json\/wp\/v2\/comments?post=510521"}],"version-history":[{"count":0,"href":"https:\/\/www.europesays.com\/fr\/wp-json\/wp\/v2\/posts\/510521\/revisions"}],"wp:featuredmedia":[{"embeddable":true,"href":"https:\/\/www.europesays.com\/fr\/wp-json\/wp\/v2\/media\/510522"}],"wp:attachment":[{"href":"https:\/\/www.europesays.com\/fr\/wp-json\/wp\/v2\/media?parent=510521"}],"wp:term":[{"taxonomy":"category","embeddable":true,"href":"https:\/\/www.europesays.com\/fr\/wp-json\/wp\/v2\/categories?post=510521"},{"taxonomy":"post_tag","embeddable":true,"href":"https:\/\/www.europesays.com\/fr\/wp-json\/wp\/v2\/tags?post=510521"}],"curies":[{"name":"wp","href":"https:\/\/api.w.org\/{rel}","templated":true}]}}