{"id":510530,"date":"2025-11-04T06:34:19","date_gmt":"2025-11-04T06:34:19","guid":{"rendered":"https:\/\/www.europesays.com\/fr\/510530\/"},"modified":"2025-11-04T06:34:19","modified_gmt":"2025-11-04T06:34:19","slug":"le-dessin-de-chaunu-limpot-sur-la-fortune-improductive","status":"publish","type":"post","link":"https:\/\/www.europesays.com\/fr\/510530\/","title":{"rendered":"Le dessin de Chaunu\u00a0: l\u2019imp\u00f4t sur la fortune improductive"},"content":{"rendered":"<tr wp_automatic_readability=\"1.936170212766\">\n<td valign=\"middle\" align=\"center\" class=\"col-logo\">\n    <img decoding=\"async\" src=\"https:\/\/www.europesays.com\/fr\/wp-content\/uploads\/2025\/05\/ouest-france.gif\" alt=\"logo Ouest-France\" height=\"66\"\/><\/p>\n<\/td>\n<td class=\"col-titre\">\n\t\t\tMardi 04 novembre 2025 05:45<br \/>\n\t\t\t<a class=\"icon-bulle sizeL count\" href=\"#ancreAvis\"><br \/>\n\t&#8230;<br \/>\n<\/a><\/td>\n<\/tr>\n<p>\t\t<a class=\"mavillebox2 elmt-photo\" href=\"https:\/\/maville.com\/photosmvi\/2025\/11\/04\/P35561130D7048905G.jpg\" title=\" L\u2019amendement adopt\u00e9 par les d\u00e9put\u00e9s qui transforme l\u2019imp\u00f4t sur la fortune immobili\u00e8re en \u00ab\u00a0imp\u00f4t sur la fortune improductive\u00a0\u00bb inspire Chaunu.  \u00a9  Chaunu  \" rel=\"galerie_actu noopener\" target=\"_blank\"><br \/>\n\t<img decoding=\"async\" src=\"https:\/\/www.europesays.com\/fr\/wp-content\/uploads\/2025\/11\/P35561130D7048905G_crop_640-330_.jpg\" alt=\"photo  l\u2019amendement adopt\u00e9 par les d\u00e9put\u00e9s qui transforme l\u2019imp\u00f4t sur la fortune immobili\u00e8re en \u00ab\u00a0imp\u00f4t sur la fortune improductive\u00a0\u00bb inspire chaunu.  \u00a9  chaunu \"\/><br \/>\n\t1<br \/>\n<\/a><\/p>\n<p class=\"elmt-legende\"> L\u2019amendement adopt\u00e9 par les d\u00e9put\u00e9s qui transforme l\u2019imp\u00f4t sur la fortune immobili\u00e8re en \u00ab\u00a0imp\u00f4t sur la fortune improductive\u00a0\u00bb inspire Chaunu.  \u00a9  Chaunu  <\/p>\n<p>\t\tLe dessinateur et caricaturiste Chaunu croque au quotidien l\u2019actualit\u00e9 fran\u00e7aise et internationale pour \u00ab\u00a0Ouest-France\u00a0\u00bb. Aujourd\u2019hui, l\u2019amendement au projet de loi de finances pour 2026 adopt\u00e9 vendredi soir par les d\u00e9put\u00e9s.<\/p>\n<p>\t\tOuest-France\u00a0\u00a0<\/p>\n<p>\t\t&#13;<\/p>\n","protected":false},"excerpt":{"rendered":"Mardi 04 novembre 2025 05:45 &#8230; 1 L\u2019amendement adopt\u00e9 par les d\u00e9put\u00e9s qui transforme l\u2019imp\u00f4t sur la fortune&hellip;\n","protected":false},"author":2,"featured_media":510531,"comment_status":"","ping_status":"","sticky":false,"template":"","format":"standard","meta":{"footnotes":""},"categories":[9619],"tags":[1111,11,51729,5804,1777,674,28068,1011,27,4709,62871,12,882,25,2310],"class_list":{"0":"post-510530","1":"post","2":"type-post","3":"status-publish","4":"format-standard","5":"has-post-thumbnail","7":"category-toulon","8":"tag-actu","9":"tag-actualites","10":"tag-chaunu","11":"tag-dessin","12":"tag-eu","13":"tag-europe","14":"tag-fortune","15":"tag-fr","16":"tag-france","17":"tag-impot","18":"tag-improductive","19":"tag-news","20":"tag-provence-alpes-cote-dazur","21":"tag-republique-francaise","22":"tag-toulon"},"share_on_mastodon":{"url":"https:\/\/pubeurope.com\/@fr\/115490040490045060","error":""},"_links":{"self":[{"href":"https:\/\/www.europesays.com\/fr\/wp-json\/wp\/v2\/posts\/510530","targetHints":{"allow":["GET"]}}],"collection":[{"href":"https:\/\/www.europesays.com\/fr\/wp-json\/wp\/v2\/posts"}],"about":[{"href":"https:\/\/www.europesays.com\/fr\/wp-json\/wp\/v2\/types\/post"}],"author":[{"embeddable":true,"href":"https:\/\/www.europesays.com\/fr\/wp-json\/wp\/v2\/users\/2"}],"replies":[{"embeddable":true,"href":"https:\/\/www.europesays.com\/fr\/wp-json\/wp\/v2\/comments?post=510530"}],"version-history":[{"count":0,"href":"https:\/\/www.europesays.com\/fr\/wp-json\/wp\/v2\/posts\/510530\/revisions"}],"wp:featuredmedia":[{"embeddable":true,"href":"https:\/\/www.europesays.com\/fr\/wp-json\/wp\/v2\/media\/510531"}],"wp:attachment":[{"href":"https:\/\/www.europesays.com\/fr\/wp-json\/wp\/v2\/media?parent=510530"}],"wp:term":[{"taxonomy":"category","embeddable":true,"href":"https:\/\/www.europesays.com\/fr\/wp-json\/wp\/v2\/categories?post=510530"},{"taxonomy":"post_tag","embeddable":true,"href":"https:\/\/www.europesays.com\/fr\/wp-json\/wp\/v2\/tags?post=510530"}],"curies":[{"name":"wp","href":"https:\/\/api.w.org\/{rel}","templated":true}]}}