{"id":510536,"date":"2025-11-04T06:37:10","date_gmt":"2025-11-04T06:37:10","guid":{"rendered":"https:\/\/www.europesays.com\/fr\/510536\/"},"modified":"2025-11-04T06:37:10","modified_gmt":"2025-11-04T06:37:10","slug":"pres-de-rouen-un-feu-de-combles-menace-de-se-propager-aux-maisons-voisines","status":"publish","type":"post","link":"https:\/\/www.europesays.com\/fr\/510536\/","title":{"rendered":"Pr\u00e8s de Rouen, un feu de combles menace de se propager aux maisons voisines"},"content":{"rendered":"<p>            Par<br \/>\n        <strong><br \/>\n            <a href=\"https:\/\/actu.fr\/auteur\/vanessa-leroy\" title=\"Consulter tous les articles de Vanessa Leroy\" rel=\"nofollow noopener\" target=\"_blank\">Vanessa Leroy<\/a><br \/>\n        <\/strong><\/p>\n<p>        Publi\u00e9 le<\/p>\n<p>            4 nov. 2025 \u00e0 7h24        <\/p>\n<p>Un violent incendie s\u2019est d\u00e9clar\u00e9 lundi 3 novembre 2025, dans la soir\u00e9e, \u00e0 <a href=\"https:\/\/actu.fr\/76actu\/\" rel=\"nofollow noopener\" target=\"_blank\">Montville (Seine-Maritime)<\/a>. Il est aux alentours de 23h30 quand les sapeurs-pompiers sont appel\u00e9s pour <strong>un feu de toiture<\/strong> rue Andr\u00e9-Martin.<\/p>\n<p class=\" wall-content\">A leur arriv\u00e9e, les 25 soldats du feu (dont un chef de groupe et un chef de colonne) constatent que l\u2019incendie parti des combles d\u2019une maison de ville <strong>se propage rapidement<\/strong>, mena\u00e7ant les pavillons voisins.<\/p>\n<p>Deux habitations touch\u00e9es, cinq personnes relog\u00e9es<\/p>\n<p class=\" wall-content\">Les pompiers sont parvenus \u00e0 \u00e9teindre le feu au moyen de trois lances. \u00ab\u00a0L\u2019action des sapeurs pompiers a permis d\u2019\u00e9viter la propagation du sinistre \u00e0 trois habitations sur les cinq concern\u00e9es\u00a0\u00bb, indique le Service d\u00e9partemental d\u2019incendie et de secours.<\/p>\n<p class=\" wall-content\"><strong>L\u2019incendie n\u2019a pas fait de victime<\/strong> mais cinq personnes ont d\u00fb \u00eatre relog\u00e9es.<\/p>\n<p>Suivez l\u2019actualit\u00e9 de Rouen <a href=\"https:\/\/www.whatsapp.com\/channel\/0029VaKfnf99hXF2ddApFB1D\" rel=\"nofollow noopener\" target=\"_blank\">sur notre cha\u00eene WhatsApp<\/a> et <a href=\"https:\/\/www.tiktok.com\/@76actu.fr?lang=fr\" rel=\"nofollow noopener\" target=\"_blank\">sur notre compte TikTok<\/a><\/p>\n<p class=\" wall-content\">Personnalisez votre actualit\u00e9 en ajoutant vos villes et m\u00e9dias en favori avec <a href=\"https:\/\/moncompte.actu.fr\" title=\"D\u00e9couvez Mon Actu\" rel=\"nofollow noopener\" data-trk=\"{&quot;cta&quot;:{&quot;action&quot;:&quot;https:\\\/\\\/moncompte.actu.fr&quot;,&quot;category&quot;:&quot;mon compte&quot;,&quot;from&quot;:&quot;article footer&quot;,&quot;name&quot;:&quot;Mon actu&quot;,&quot;type&quot;:&quot;cta&quot;}}\" target=\"_blank\">Mon Actu<\/a>.<\/p>\n<p>                    <script async src=\"\/\/www.tiktok.com\/embed.js\"><\/script><\/p>\n","protected":false},"excerpt":{"rendered":"Par Vanessa Leroy Publi\u00e9 le 4 nov. 2025 \u00e0 7h24 Un violent incendie s\u2019est d\u00e9clar\u00e9 lundi 3 novembre&hellip;\n","protected":false},"author":2,"featured_media":510537,"comment_status":"","ping_status":"","sticky":false,"template":"","format":"standard","meta":{"footnotes":""},"categories":[9587],"tags":[1111,11,1777,674,118,1011,27,1310,12,5161,1311,25,9590],"class_list":{"0":"post-510536","1":"post","2":"type-post","3":"status-publish","4":"format-standard","5":"has-post-thumbnail","7":"category-rouen","8":"tag-actu","9":"tag-actualites","10":"tag-eu","11":"tag-europe","12":"tag-faits-divers","13":"tag-fr","14":"tag-france","15":"tag-incendie","16":"tag-news","17":"tag-normandie","18":"tag-pompiers","19":"tag-republique-francaise","20":"tag-rouen"},"share_on_mastodon":{"url":"https:\/\/pubeurope.com\/@fr\/115490052091513467","error":""},"_links":{"self":[{"href":"https:\/\/www.europesays.com\/fr\/wp-json\/wp\/v2\/posts\/510536","targetHints":{"allow":["GET"]}}],"collection":[{"href":"https:\/\/www.europesays.com\/fr\/wp-json\/wp\/v2\/posts"}],"about":[{"href":"https:\/\/www.europesays.com\/fr\/wp-json\/wp\/v2\/types\/post"}],"author":[{"embeddable":true,"href":"https:\/\/www.europesays.com\/fr\/wp-json\/wp\/v2\/users\/2"}],"replies":[{"embeddable":true,"href":"https:\/\/www.europesays.com\/fr\/wp-json\/wp\/v2\/comments?post=510536"}],"version-history":[{"count":0,"href":"https:\/\/www.europesays.com\/fr\/wp-json\/wp\/v2\/posts\/510536\/revisions"}],"wp:featuredmedia":[{"embeddable":true,"href":"https:\/\/www.europesays.com\/fr\/wp-json\/wp\/v2\/media\/510537"}],"wp:attachment":[{"href":"https:\/\/www.europesays.com\/fr\/wp-json\/wp\/v2\/media?parent=510536"}],"wp:term":[{"taxonomy":"category","embeddable":true,"href":"https:\/\/www.europesays.com\/fr\/wp-json\/wp\/v2\/categories?post=510536"},{"taxonomy":"post_tag","embeddable":true,"href":"https:\/\/www.europesays.com\/fr\/wp-json\/wp\/v2\/tags?post=510536"}],"curies":[{"name":"wp","href":"https:\/\/api.w.org\/{rel}","templated":true}]}}