{"id":51054,"date":"2025-04-25T06:07:08","date_gmt":"2025-04-25T06:07:08","guid":{"rendered":"https:\/\/www.europesays.com\/fr\/51054\/"},"modified":"2025-04-25T06:07:08","modified_gmt":"2025-04-25T06:07:08","slug":"premiere-selection-en-equipe-de-france-juniors-pour-alex-doltaire","status":"publish","type":"post","link":"https:\/\/www.europesays.com\/fr\/51054\/","title":{"rendered":"Premi\u00e8re s\u00e9lection en \u00e9quipe de France juniors pour Alex Doltaire"},"content":{"rendered":"<p>Troisi\u00e8me du classement g\u00e9n\u00e9ral de la<a href=\"https:\/\/www.letelegramme.fr\/sports\/cyclisme\/grand-espoir-du-cyclisme-breton-luc-royer-remporte-le-classement-general-de-la-penn-ar-bed-6802458.php\" target=\"_blank\" rel=\"noopener\"> Penn ar Bed juniors,<\/a> dimanche dernier, le Morbihannais Alex Doltaire (V\u00e9loce Vannetais) est s\u00e9lectionn\u00e9 en \u00e9quipe de France juniors pour la Course de la Paix U19 qui aura lieu du 8 au 11 mai en Tch\u00e9quie.<\/p>\n<p>Gustave Blanc (Jegg Skil-DJR Academy Junioren)<\/p>\n<p>Alex Doltaire (V\u00e9loce Vannetais)<\/p>\n<p>Jan Hernandez Rheile (SC Serres Castet)<\/p>\n<p>Valentin Martinet (La Motte Servolex Cyclisme Junior)<\/p>\n<p>Th\u00e9ophile Vassal (Jura Cyclisme Pays du Revermont)<\/p>\n","protected":false},"excerpt":{"rendered":"Troisi\u00e8me du classement g\u00e9n\u00e9ral de la Penn ar Bed juniors, dimanche dernier, le Morbihannais Alex Doltaire (V\u00e9loce Vannetais)&hellip;\n","protected":false},"author":2,"featured_media":51055,"comment_status":"","ping_status":"","sticky":false,"template":"","format":"standard","meta":{"footnotes":""},"categories":[4],"tags":[11,207,6159,3166,1011,27,12,25,60,3165],"class_list":{"0":"post-51054","1":"post","2":"type-post","3":"status-publish","4":"format-standard","5":"has-post-thumbnail","7":"category-france","8":"tag-actualites","9":"tag-cyclisme","10":"tag-cyclisme-amateurs","11":"tag-en-continu-sports","12":"tag-fr","13":"tag-france","14":"tag-news","15":"tag-republique-francaise","16":"tag-sports","17":"tag-vannes"},"share_on_mastodon":{"url":"https:\/\/pubeurope.com\/@fr\/114397108154673457","error":""},"_links":{"self":[{"href":"https:\/\/www.europesays.com\/fr\/wp-json\/wp\/v2\/posts\/51054","targetHints":{"allow":["GET"]}}],"collection":[{"href":"https:\/\/www.europesays.com\/fr\/wp-json\/wp\/v2\/posts"}],"about":[{"href":"https:\/\/www.europesays.com\/fr\/wp-json\/wp\/v2\/types\/post"}],"author":[{"embeddable":true,"href":"https:\/\/www.europesays.com\/fr\/wp-json\/wp\/v2\/users\/2"}],"replies":[{"embeddable":true,"href":"https:\/\/www.europesays.com\/fr\/wp-json\/wp\/v2\/comments?post=51054"}],"version-history":[{"count":0,"href":"https:\/\/www.europesays.com\/fr\/wp-json\/wp\/v2\/posts\/51054\/revisions"}],"wp:featuredmedia":[{"embeddable":true,"href":"https:\/\/www.europesays.com\/fr\/wp-json\/wp\/v2\/media\/51055"}],"wp:attachment":[{"href":"https:\/\/www.europesays.com\/fr\/wp-json\/wp\/v2\/media?parent=51054"}],"wp:term":[{"taxonomy":"category","embeddable":true,"href":"https:\/\/www.europesays.com\/fr\/wp-json\/wp\/v2\/categories?post=51054"},{"taxonomy":"post_tag","embeddable":true,"href":"https:\/\/www.europesays.com\/fr\/wp-json\/wp\/v2\/tags?post=51054"}],"curies":[{"name":"wp","href":"https:\/\/api.w.org\/{rel}","templated":true}]}}