{"id":510544,"date":"2025-11-04T06:41:13","date_gmt":"2025-11-04T06:41:13","guid":{"rendered":"https:\/\/www.europesays.com\/fr\/510544\/"},"modified":"2025-11-04T06:41:13","modified_gmt":"2025-11-04T06:41:13","slug":"vague-de-greves-au-nouveau-centre-chirurgical-du-chu-de-rennes","status":"publish","type":"post","link":"https:\/\/www.europesays.com\/fr\/510544\/","title":{"rendered":"vague de gr\u00e8ves au nouveau centre chirurgical du CHU de Rennes"},"content":{"rendered":"<p>            Par<br \/>\n        <strong><br \/>\n            <a href=\"https:\/\/actu.fr\/auteur\/laurene-fertin\" title=\"Consulter tous les articles de Laur\u00e8ne Fertin\" target=\"_blank\" rel=\"noopener\">Laur\u00e8ne Fertin<\/a><br \/>\n        <\/strong><\/p>\n<p>        Publi\u00e9 le<\/p>\n<p>            4 nov. 2025 \u00e0 6h32        <\/p>\n<p><a href=\"https:\/\/actu.fr\/bretagne\/rennes_35238\/photos-au-chu-de-rennes-le-nouveau-cci-premier-batiment-de-la-future-cite-de-la-sante-ouvre-ses-portes_62374506.html\" target=\"_blank\" rel=\"noopener\">Le b\u00e2timent est flambant <strong>neuf<\/strong><\/a> et a accueilli <strong>ses premiers patients lundi 17\u00a0mars 2025<\/strong>. Le nouveau centre chirurgical et interventionnel (<strong>CCI<\/strong>) du <a href=\"https:\/\/actu.fr\/tag\/chu-de-rennes\" target=\"_blank\" rel=\"noopener\">CHU de Rennes<\/a> regroupe <strong>plusieurs disciplines, m\u00e9decins<\/strong> et <strong>personnel param\u00e9dical<\/strong> sur <strong>huit niveaux <\/strong>\u2013 auparavant r\u00e9partis de fa\u00e7on diff\u00e9renci\u00e9e sur le site de Pontchaillou*. Depuis son ouverture, diff\u00e9rents services sont d\u00e9j\u00e0 <strong>en gr\u00e8ve, et ce<\/strong>, depuis plusieurs mois.<\/p>\n<p>\u00ab\u2009\u00catre performants rapidement\u2009\u00bb<\/p>\n<p class=\" wall-content\">\u00ab\u2009Les premi\u00e8res gr\u00e8ves ont d\u00e9marr\u00e9 au mois de juin\/juillet\u2009\u00bb, indique un(e) infirmier(\u00e8re)** du CCI, aupr\u00e8s de la r\u00e9daction d\u2019<a href=\"https:\/\/actu.fr\/rennes\/\" target=\"_blank\" rel=\"noopener\">actu Rennes<\/a>. \u00ab\u2009D\u00e9sormais, c\u2019est au tour <strong>des services de chirurgie, d\u2019urologie et d\u2019ORL<\/strong>, situ\u00e9s au <strong>6\u1d49 \u00e9tage<\/strong>, de faire gr\u00e8ve.\u2009\u00bb Celui de la r\u00e9animation chirurgicale, situ\u00e9 en dessous, n\u2019est pas en reste non plus. \u00ab\u2009Les difficult\u00e9s sont en r\u00e9alit\u00e9 \u00e0 tous les \u00e9tages\u2009\u00bb, r\u00e9sume ce personnel.<\/p>\n<p class=\" wall-content\"><strong>Le constat<\/strong> est clair\u2009: <strong>un manque d\u2019effectifs,<\/strong> du personnel param\u00e9dical \u00ab\u2009de plus en plus <strong>fatigu\u00e9\u2009\u00bb<\/strong> et de nouvelles pathologies \u00e0 savoir soigner, <strong>\u00ab\u2009rapidement\u2009\u00bb.<\/strong><\/p>\n<blockquote class=\"ac-article-quote wall-content\">\n<p>Les infirmiers ou les aides-soignants doivent d\u00e9sormais s&rsquo;occuper, par exemple, de nouvelles pathologies dans le service de chirurgie digestive. Or ces personnels para-m\u00e9dicaux \u00e9taient situ\u00e9s auparavant sur le secteur de la r\u00e9animation.<\/p>\n<p>    <strong>Un(e) infirmier(\u00e8re) du CCI<\/strong>\n            <\/p><\/blockquote>\n<p class=\" wall-content\"><strong>Les pathologies<\/strong> sont <strong>lourdes<\/strong> et les patients, \u00ab\u2009tr\u00e8s demandeurs et parfois instables\u2009\u00bb\u2009: \u00ab\u2009ce sont <strong>de grosses difficult\u00e9s de soins<\/strong> auxquelles nous devons r\u00e9pondre vite et o\u00f9 nous devons \u00eatre performants tout aussi vite\u2009\u00bb, r\u00e9sume cet(te) infirmier(\u00e8re).<\/p>\n<p>Peu de formations<\/p>\n<p class=\" wall-content\">En bref, les personnels ont \u00e9t\u00e9 mobilis\u00e9s \u00ab\u2009de fa\u00e7on lin\u00e9aire\u2009\u00bb dans les diff\u00e9rents services, \u00ab\u2009sans tenir compte des sp\u00e9cialit\u00e9s\u2009\u00bb.<\/p>\n<p>Votre r\u00e9gion, votre actu !<\/p>\n<p>Recevez chaque jour les infos qui comptent pour vous.<\/p>\n<p>\t<a href=\"https:\/\/actu.fr\/newsletter\" class=\"ac-btn ac-btn--corner ac-btn--medium ac-btn--blue800\" target=\"_blank\" rel=\"noopener\">S&rsquo;incrire<\/a><\/p>\n<p class=\" wall-content\">C\u2019est d\u2019ailleurs l\u2019un des points soulev\u00e9s par FO, l\u2019un des partenaires sociaux engag\u00e9s aupr\u00e8s du personnel \u2013 CGT en t\u00eate. \u00ab\u2009Il n\u2019y a <strong>pas eu de formations<\/strong> au pr\u00e9alable avant d\u2019ouvrir le CCI\u2009\u00bb, indiquent de concert Sabrina Marotin et Christophe Duval, repr\u00e9sentants du personnel chez FO.<\/p>\n<blockquote class=\"ac-article-quote wall-content\">\n<p>Nous avions partag\u00e9 nos craintes aupr\u00e8s de la direction mais celle-ci souhaitait attendre un premier retour d&rsquo;exp\u00e9rience une fois le CCI ouvert et fonctionnel. On nous disait que tout irait bien.<\/p>\n<p>    <strong>Sabrina Marotin et Christophe Duval<\/strong><br \/>\n        Repr\u00e9sentants du personnel    <\/p><\/blockquote>\n<p class=\" wall-content\">C\u2019est sans compter le b\u00e2timent, en lui-m\u00eame, qui apporte son lot de nouveaut\u00e9s. Il faut savoir <strong>s\u2019y rep\u00e9rer,<\/strong> \u00ab\u2009c\u2019est une m\u00e9canique psychologique pour se mettre en pratique, pour s\u2019orienter et s\u2019adapter dans un nouvel environnement\u2009\u00bb, pr\u00e9cise l\u2019infirmier(\u00e8re).<\/p>\n<p>Le centre chirurgical et interventionnel (CCI) en chiffres<\/p>\n<p>Le CCI regroupe l&rsquo;ensemble des activit\u00e9s de m\u00e9decine, de chirurgie et d&rsquo;obst\u00e9trique, avec :<br \/>&#8211; 50 000 m\u00e8tres carr\u00e9s r\u00e9partis sur 8 niveaux dont 6 \u00e9tages ;<br \/>&#8211; Un bloc de 55 salles : 36 salles op\u00e9ratoires, 14 salles interventionnelles dont 2 hybrides et 5 salles d&rsquo;endoscopie ;<br \/>&#8211; 1 centre de chirurgie ambulatoire et interventionnelle de 60 places ;<br \/>&#8211; 240 lits d&rsquo;hospitalisation de chirurgie ;<br \/>&#8211; 108 lits de soins critiques ;<br \/>&#8211; 1 h\u00e9listation sur le toit ;<br \/>&#8211; 1 forum m\u00e9dico-soignant d\u00e9di\u00e9 aux professionnels.<\/p>\n<p>\u00ab\u2009Une infirmi\u00e8re pour 15 patients la nuit\u2009\u00bb<\/p>\n<p class=\" wall-content\">Ces difficult\u00e9s s\u2019ajoutent <strong>au\u00a0manque d\u2019effectifs,<\/strong> qui impacte la prise en charge des soins, en particulier <strong>la nuit.<\/strong> Selon cet(te) salari\u00e9(e) en gr\u00e8ve, \u00ab\u2009les agents de nuit peuvent parfois se retrouver avec 15 patients\u2009\u00bb\u2009: un nombre bien trop \u00e9lev\u00e9 au regard des missions \u00e0 remplir.<\/p>\n<blockquote class=\"ac-article-quote wall-content\">\n<p>C&rsquo;est sans doute na\u00eff, mais nous pensions que ces locaux tout beaux tout neufs allaient pouvoir nous rendre le travail plus facile. Pourtant, dans les diff\u00e9rents services, les effectifs ont toujours \u00e9t\u00e9 remis en question&#8230; Nous savions que nous allions rencontrer encore et toujours le m\u00eame probl\u00e8me.<\/p>\n<p>    <strong>Un(e) infirmier(\u00e8re) du CCI<\/strong>\n            <\/p><\/blockquote>\n<p class=\" wall-content\">Selon FO, avant la cr\u00e9ation du CCI, <strong>un bin\u00f4me<\/strong> (compos\u00e9 d\u2019un infirmier et d\u2019un aide-soignant) devait s\u2019occuper de huit patients en service de <strong>chirurgie digestive.<\/strong> \u00ab\u2009Avec le CCI, ce nombre est mont\u00e9 \u00e0 dix patients\u2009\u00bb, illustre Sabrina Marotin. \u00ab\u2009Qui plus est, la direction estime que ce ne sont pas les comp\u00e9tences qui pr\u00e9valent dans la prise en charge des malades, mais <strong>la s\u00e9curit\u00e9<\/strong> de ces derniers\u2009: si un bin\u00f4me peut \u00eatre compos\u00e9, alors c\u2019est suffisant.\u2009\u00bb<\/p>\n<p>\u00ab\u2009On doit encore bidouiller\u2009\u00bb<\/p>\n<p class=\" wall-content\">Si de son c\u00f4t\u00e9 le CHU parle de<strong> \u00ab\u2009plein-emploi\u2009\u00bb<\/strong> aupr\u00e8s des salari\u00e9s \u2013 c\u2019est-\u00e0-dire qu\u2019aucun poste n\u2019est \u00e0 pourvoir -, \u00ab\u2009les arr\u00eats sont fr\u00e9quents dans plusieurs services\u2009\u00bb, rel\u00e8ve notre t\u00e9moin.<\/p>\n<blockquote class=\"ac-article-quote wall-content\">\n<p>Il est difficile de trouver du monde pour remplacer les absents. On fait alors venir des agents sur les journ\u00e9es de repos, parfois les nuits alors qu\u2019ils ont travaill\u00e9 de jour\u2026 Bref, on doit encore bidouiller, on tire encore une fois sur la corde des soignants.\u2009<\/p>\n<p>    <strong>Un(e) infirmier(\u00e8re) du CCI<\/strong>\n            <\/p><\/blockquote>\n<p class=\" wall-content\">R\u00e9sultat, \u00ab\u2009beaucoup de <strong>turn-over\u2009\u00bb, <\/strong>indique FO, et des nouvelles recrues \u00ab\u2009qui sont de jeunes professionnels, venant d\u2019\u00eatre dipl\u00f4m\u00e9s\u2009\u00bb, compl\u00e8te Christophe Duval.<\/p>\n<p>\u00ab\u2009D\u00e9sabus\u00e9\u2009\u00bb<\/p>\n<p class=\" wall-content\">Apr\u00e8s plusieurs mois de mobilisation, <strong>quelle sera la suite<\/strong> de ces mouvements de gr\u00e8ve\u2009? Sabrina Marotin \u00e9voque un personnel <strong>\u00ab\u2009d\u00e9sabus\u00e9\u2009\u00bb <\/strong>qui \u00ab\u2009ne se met plus forc\u00e9ment en gr\u00e8ve\u2009\u00bb. \u00ab\u2009Je les ai rencontr\u00e9s il y a plus d\u2019une semaine, les salari\u00e9s sont tous et toutes fatigu\u00e9s. Ils sont d\u00e9j\u00e0 \u00e0 flux tendu\u2026\u2009\u00bb<\/p>\n<p class=\" wall-content\"><strong>Un bilan global<\/strong> est par ailleurs attendu par le personnel param\u00e9dical, \u00ab\u2009un bilan qui devait arriver dans les six mois apr\u00e8s l\u2019ouverture du CCI\u2009\u00bb, souligne Sabrina Marotin, \u00ab\u2009et qui n\u2019est pas l\u00e0\u2009\u00bb.<\/p>\n<p class=\" wall-content\"><strong>La direction<\/strong> du CHU de Rennes, contact\u00e9e par la r\u00e9daction, n\u2019a <strong>pas r\u00e9pondu<\/strong> \u00e0 nos sollicitations.<\/p>\n<p>*Neuf sites chirurgicaux et trois sites interventionnels, neuf plateaux d\u2019imagerie et onze unit\u00e9s de soins critiques.<\/p>\n<p>**L\u2019anonymat a \u00e9t\u00e9 demand\u00e9.<\/p>\n<p class=\" wall-content\">Personnalisez votre actualit\u00e9 en ajoutant vos villes et m\u00e9dias en favori avec <a href=\"https:\/\/moncompte.actu.fr\" title=\"D\u00e9couvez Mon Actu\" rel=\"nofollow noopener\" data-trk=\"{&quot;cta&quot;:{&quot;action&quot;:&quot;https:\\\/\\\/moncompte.actu.fr&quot;,&quot;category&quot;:&quot;mon compte&quot;,&quot;from&quot;:&quot;article footer&quot;,&quot;name&quot;:&quot;Mon actu&quot;,&quot;type&quot;:&quot;cta&quot;}}\" target=\"_blank\">Mon Actu<\/a>.<\/p>\n","protected":false},"excerpt":{"rendered":"Par Laur\u00e8ne Fertin Publi\u00e9 le 4 nov. 2025 \u00e0 6h32 Le b\u00e2timent est flambant neuf et a accueilli&hellip;\n","protected":false},"author":2,"featured_media":510545,"comment_status":"","ping_status":"","sticky":false,"template":"","format":"standard","meta":{"footnotes":""},"categories":[2821],"tags":[1111,11,829,7513,1777,674,1011,27,6151,12,584,25,104],"class_list":{"0":"post-510544","1":"post","2":"type-post","3":"status-publish","4":"format-standard","5":"has-post-thumbnail","7":"category-rennes","8":"tag-actu","9":"tag-actualites","10":"tag-bretagne","11":"tag-chu-de-rennes","12":"tag-eu","13":"tag-europe","14":"tag-fr","15":"tag-france","16":"tag-greve","17":"tag-news","18":"tag-rennes","19":"tag-republique-francaise","20":"tag-societe"},"share_on_mastodon":{"url":"https:\/\/pubeurope.com\/@fr\/115490067899196299","error":""},"_links":{"self":[{"href":"https:\/\/www.europesays.com\/fr\/wp-json\/wp\/v2\/posts\/510544","targetHints":{"allow":["GET"]}}],"collection":[{"href":"https:\/\/www.europesays.com\/fr\/wp-json\/wp\/v2\/posts"}],"about":[{"href":"https:\/\/www.europesays.com\/fr\/wp-json\/wp\/v2\/types\/post"}],"author":[{"embeddable":true,"href":"https:\/\/www.europesays.com\/fr\/wp-json\/wp\/v2\/users\/2"}],"replies":[{"embeddable":true,"href":"https:\/\/www.europesays.com\/fr\/wp-json\/wp\/v2\/comments?post=510544"}],"version-history":[{"count":0,"href":"https:\/\/www.europesays.com\/fr\/wp-json\/wp\/v2\/posts\/510544\/revisions"}],"wp:featuredmedia":[{"embeddable":true,"href":"https:\/\/www.europesays.com\/fr\/wp-json\/wp\/v2\/media\/510545"}],"wp:attachment":[{"href":"https:\/\/www.europesays.com\/fr\/wp-json\/wp\/v2\/media?parent=510544"}],"wp:term":[{"taxonomy":"category","embeddable":true,"href":"https:\/\/www.europesays.com\/fr\/wp-json\/wp\/v2\/categories?post=510544"},{"taxonomy":"post_tag","embeddable":true,"href":"https:\/\/www.europesays.com\/fr\/wp-json\/wp\/v2\/tags?post=510544"}],"curies":[{"name":"wp","href":"https:\/\/api.w.org\/{rel}","templated":true}]}}