{"id":510546,"date":"2025-11-04T06:42:22","date_gmt":"2025-11-04T06:42:22","guid":{"rendered":"https:\/\/www.europesays.com\/fr\/510546\/"},"modified":"2025-11-04T06:42:22","modified_gmt":"2025-11-04T06:42:22","slug":"un-sanglier-provoque-un-accident-entre-rennes-et-saint-malo","status":"publish","type":"post","link":"https:\/\/www.europesays.com\/fr\/510546\/","title":{"rendered":"un sanglier provoque un accident entre Rennes et Saint-Malo"},"content":{"rendered":"<p>            Par<br \/>\n        <strong><br \/>\n            <a href=\"https:\/\/actu.fr\/auteur\/thomassavalle-2\" title=\"Consulter tous les articles de Thomas Savalle\" rel=\"nofollow noopener\" target=\"_blank\">Thomas Savalle<\/a><br \/>\n        <\/strong><\/p>\n<p>        Publi\u00e9 le<\/p>\n<p>            3 nov. 2025 \u00e0 17h51        <\/p>\n<p>Un sanglier a travers\u00e9 la 4-voies entre Rennes et <a href=\"https:\/\/actu.fr\/bretagne\/saint-malo_35288\" rel=\"nofollow noopener\" target=\"_blank\">Saint-Malo<\/a> \u00e0 Tint\u00e9niac (Ille-et-Vilaine) dans la nuit de samedi 1er au dimanche 2 novembre 2025. \u00ab\u00a0L\u2019animal a \u00e9t\u00e9 percut\u00e9 par cinq voitures\u00a0\u00bb, soulignent nos coll\u00e8gues de <a href=\"https:\/\/www.ouest-france.fr\/societe\/faits-divers\/le-sanglier-traverse-la-route-entre-rennes-et-saint-malo-il-est-percute-par-5-voitures-2-blesses-d9e6518a-b7be-11f0-9097-68e77b575996\" rel=\"nofollow noopener\" target=\"_blank\">Ouest-France<\/a>. Deux personnes ont \u00e9t\u00e9 bless\u00e9es.\u00a0<\/p>\n<p>Une trentaine d\u2019accidents par an<\/p>\n<p class=\" wall-content\">Des sangliers causent une trentaine d\u2019accidents par an sur la RD137, principalement durant la p\u00e9riode d\u2019octobre \u00e0 f\u00e9vrier. Le sujet est pris tr\u00e8s au s\u00e9rieux par le d\u00e9partement d\u2019Ille-et-Vilaine.<\/p>\n<p class=\" wall-content\">En mars 2025 une partie de la 4-voies avait \u00e9t\u00e9 coup\u00e9e de mani\u00e8re <a href=\"https:\/\/actu.fr\/bretagne\/tinteniac_35337\/battue-exceptionnelle-en-ille-et-vilaine-des-dizaines-de-sangliers-tues_62384167.html\" rel=\"nofollow noopener\" target=\"_blank\">\u00ab\u00a0exceptionnelle<\/a>\u00a0\u00bb pour une battue entre l\u2019\u00e9changeur de Cap Malo (La M\u00e9zi\u00e8re) et celui de <a href=\"https:\/\/actu.fr\/bretagne\/tinteniac_35337\" rel=\"nofollow noopener\" target=\"_blank\">Tint\u00e9niac<\/a>, soit environ sur <b>16 kilom\u00e8tres.<\/b><\/p>\n<p>Un danger important pour la s\u00e9curit\u00e9<\/p>\n<p class=\" wall-content\">54 sangliers avaient \u00e9t\u00e9 tu\u00e9s durant cette battue qui visait \u00e0 r\u00e9duire le nombre de sangliers dans le nord du d\u00e9partement de l\u2019Ille-et-Vilaine.<\/p>\n<p>Vid\u00e9os : en ce moment sur Actu<\/p>\n<p class=\" wall-content\">Ces animaux causent d\u2019importants d\u00e9g\u00e2ts sur les parcelles agricoles. De plus, leur pr\u00e9sence sur les routes, \u00ab\u00a0\u2009repr\u00e9sente un danger important pour la s\u00e9curit\u00e9 routi\u00e8re, pouvant cr\u00e9er des <a href=\"https:\/\/actu.fr\/tag\/accident\" rel=\"nofollow noopener\" target=\"_blank\">accidents<\/a>, parfois graves, pour les usagers de ces itin\u00e9raires\u2009\u00a0\u00bb, assurait le D\u00e9partement d\u2019Ille-et-Vilaine.<\/p>\n<p class=\" wall-content\">Personnalisez votre actualit\u00e9 en ajoutant vos villes et m\u00e9dias en favori avec <a href=\"https:\/\/moncompte.actu.fr\" title=\"D\u00e9couvez Mon Actu\" rel=\"nofollow noopener\" data-trk=\"{&quot;cta&quot;:{&quot;action&quot;:&quot;https:\\\/\\\/moncompte.actu.fr&quot;,&quot;category&quot;:&quot;mon compte&quot;,&quot;from&quot;:&quot;article footer&quot;,&quot;name&quot;:&quot;Mon actu&quot;,&quot;type&quot;:&quot;cta&quot;}}\" target=\"_blank\">Mon Actu<\/a>.<\/p>\n","protected":false},"excerpt":{"rendered":"Par Thomas Savalle Publi\u00e9 le 3 nov. 2025 \u00e0 17h51 Un sanglier a travers\u00e9 la 4-voies entre Rennes&hellip;\n","protected":false},"author":2,"featured_media":510547,"comment_status":"","ping_status":"","sticky":false,"template":"","format":"standard","meta":{"footnotes":""},"categories":[2821],"tags":[119,1111,11,829,1777,674,118,1011,27,12,584,25],"class_list":{"0":"post-510546","1":"post","2":"type-post","3":"status-publish","4":"format-standard","5":"has-post-thumbnail","7":"category-rennes","8":"tag-accident","9":"tag-actu","10":"tag-actualites","11":"tag-bretagne","12":"tag-eu","13":"tag-europe","14":"tag-faits-divers","15":"tag-fr","16":"tag-france","17":"tag-news","18":"tag-rennes","19":"tag-republique-francaise"},"share_on_mastodon":{"url":"https:\/\/pubeurope.com\/@fr\/115490071758286595","error":""},"_links":{"self":[{"href":"https:\/\/www.europesays.com\/fr\/wp-json\/wp\/v2\/posts\/510546","targetHints":{"allow":["GET"]}}],"collection":[{"href":"https:\/\/www.europesays.com\/fr\/wp-json\/wp\/v2\/posts"}],"about":[{"href":"https:\/\/www.europesays.com\/fr\/wp-json\/wp\/v2\/types\/post"}],"author":[{"embeddable":true,"href":"https:\/\/www.europesays.com\/fr\/wp-json\/wp\/v2\/users\/2"}],"replies":[{"embeddable":true,"href":"https:\/\/www.europesays.com\/fr\/wp-json\/wp\/v2\/comments?post=510546"}],"version-history":[{"count":0,"href":"https:\/\/www.europesays.com\/fr\/wp-json\/wp\/v2\/posts\/510546\/revisions"}],"wp:featuredmedia":[{"embeddable":true,"href":"https:\/\/www.europesays.com\/fr\/wp-json\/wp\/v2\/media\/510547"}],"wp:attachment":[{"href":"https:\/\/www.europesays.com\/fr\/wp-json\/wp\/v2\/media?parent=510546"}],"wp:term":[{"taxonomy":"category","embeddable":true,"href":"https:\/\/www.europesays.com\/fr\/wp-json\/wp\/v2\/categories?post=510546"},{"taxonomy":"post_tag","embeddable":true,"href":"https:\/\/www.europesays.com\/fr\/wp-json\/wp\/v2\/tags?post=510546"}],"curies":[{"name":"wp","href":"https:\/\/api.w.org\/{rel}","templated":true}]}}