{"id":510548,"date":"2025-11-04T06:43:13","date_gmt":"2025-11-04T06:43:13","guid":{"rendered":"https:\/\/www.europesays.com\/fr\/510548\/"},"modified":"2025-11-04T06:43:13","modified_gmt":"2025-11-04T06:43:13","slug":"strasbourg-celebration-de-la-saint-hubert-patron-des-chasseurs-vendredi-a-la-cathedrale","status":"publish","type":"post","link":"https:\/\/www.europesays.com\/fr\/510548\/","title":{"rendered":"Strasbourg. C\u00e9l\u00e9bration de la Saint-Hubert, patron des chasseurs, vendredi \u00e0 la cath\u00e9drale"},"content":{"rendered":"<p>La grand-messe en l\u2019honneur de saint Hubert, patron des chasseurs, sera c\u00e9l\u00e9br\u00e9e ce vendredi 7 novembre \u00e0 18 h, \u00e0 la cath\u00e9drale de Strasbourg. Organis\u00e9e par le Groupement d\u00e9partemental des officiers de louveterie du Bas-Rhin, en collaboration avec l\u2019Association bas-rhinoise des chasseurs de grand gibier (ACGG) et la F\u00e9d\u00e9ration des chasseurs du Bas-Rhin, la messe sera pr\u00e9sid\u00e9e par le chanoine Didier Muntzinger, archipr\u00eatre de la cath\u00e9drale. La c\u00e9r\u00e9monie, ouverte \u00e0 tous, sera rythm\u00e9e par les sonneurs de trompe de chasse et les cornistes de l\u2019ACGG. Elle s\u2019ach\u00e8vera par la b\u00e9n\u00e9diction des chiens sur le parvis de la cath\u00e9drale.<\/p>\n","protected":false},"excerpt":{"rendered":"La grand-messe en l\u2019honneur de saint Hubert, patron des chasseurs, sera c\u00e9l\u00e9br\u00e9e ce vendredi 7 novembre \u00e0 18&hellip;\n","protected":false},"author":2,"featured_media":510549,"comment_status":"","ping_status":"","sticky":false,"template":"","format":"standard","meta":{"footnotes":""},"categories":[2820],"tags":[1111,11,2389,4183,1687,2880,1777,674,107,1011,27,775,12,5889,25,104,640,2879],"class_list":{"0":"post-510548","1":"post","2":"type-post","3":"status-publish","4":"format-standard","5":"has-post-thumbnail","7":"category-strasbourg","8":"tag-actu","9":"tag-actualites","10":"tag-alsace","11":"tag-chasse","12":"tag-culture-loisirs","13":"tag-edition-strasbourg","14":"tag-eu","15":"tag-europe","16":"tag-fil-info","17":"tag-fr","18":"tag-france","19":"tag-grand-est","20":"tag-news","21":"tag-religion-croyance","22":"tag-republique-francaise","23":"tag-societe","24":"tag-strasbourg","25":"tag-strasbourg-ville"},"share_on_mastodon":{"url":"https:\/\/pubeurope.com\/@fr\/115490075814832425","error":""},"_links":{"self":[{"href":"https:\/\/www.europesays.com\/fr\/wp-json\/wp\/v2\/posts\/510548","targetHints":{"allow":["GET"]}}],"collection":[{"href":"https:\/\/www.europesays.com\/fr\/wp-json\/wp\/v2\/posts"}],"about":[{"href":"https:\/\/www.europesays.com\/fr\/wp-json\/wp\/v2\/types\/post"}],"author":[{"embeddable":true,"href":"https:\/\/www.europesays.com\/fr\/wp-json\/wp\/v2\/users\/2"}],"replies":[{"embeddable":true,"href":"https:\/\/www.europesays.com\/fr\/wp-json\/wp\/v2\/comments?post=510548"}],"version-history":[{"count":0,"href":"https:\/\/www.europesays.com\/fr\/wp-json\/wp\/v2\/posts\/510548\/revisions"}],"wp:featuredmedia":[{"embeddable":true,"href":"https:\/\/www.europesays.com\/fr\/wp-json\/wp\/v2\/media\/510549"}],"wp:attachment":[{"href":"https:\/\/www.europesays.com\/fr\/wp-json\/wp\/v2\/media?parent=510548"}],"wp:term":[{"taxonomy":"category","embeddable":true,"href":"https:\/\/www.europesays.com\/fr\/wp-json\/wp\/v2\/categories?post=510548"},{"taxonomy":"post_tag","embeddable":true,"href":"https:\/\/www.europesays.com\/fr\/wp-json\/wp\/v2\/tags?post=510548"}],"curies":[{"name":"wp","href":"https:\/\/api.w.org\/{rel}","templated":true}]}}