{"id":51056,"date":"2025-04-25T06:10:09","date_gmt":"2025-04-25T06:10:09","guid":{"rendered":"https:\/\/www.europesays.com\/fr\/51056\/"},"modified":"2025-04-25T06:10:09","modified_gmt":"2025-04-25T06:10:09","slug":"rugby-pro-d2-du-sang-des-combats-apres-et-une-revanche-fcg-oyonnax-des-retrouvailles-sous-tension-le-dauphine-libere","status":"publish","type":"post","link":"https:\/\/www.europesays.com\/fr\/51056\/","title":{"rendered":"Rugby &#8211; Pro D2. Du sang, des combats \u00e2pres et une revanche : FCG &#8211; Oyonnax, des retrouvailles sous tension &#8211; Le Dauphin\u00e9 Lib\u00e9r\u00e9"},"content":{"rendered":"<ol>\n<li><a href=\"https:\/\/news.google.com\/rss\/articles\/CBMixwFBVV95cUxOaEExYkFRUGV3SUJqNGlvcmktNlJ2Um50MmpSVmVqU2NxS1d3cm50OHJFeE5vUmtXZUlZWGxqUkcwSVVmdEZQOXNBNTRhMU1MMG9tU1hPelVPRjgxSDgzUFl5Z1lrVl9JZnhoRFItY182WG9oMlpuQzdKSkhWZWpGeG9KenlnSUcwQm5HVGtpYWQwZERxbzNoTERzdDQ4cnZQNE9EalpQc1hwNV9nNjhnbGpBdlI4M2NHb2V6UldveG16d0xwRVRJ?oc=5\" target=\"_blank\" rel=\"noopener\">Rugby &#8211; Pro D2. Du sang, des combats \u00e2pres et une revanche : FCG &#8211; Oyonnax, des retrouvailles sous tension<\/a>&nbsp;&nbsp;Le Dauphin\u00e9 Lib\u00e9r\u00e9<\/li>\n<li><a href=\"https:\/\/news.google.com\/rss\/articles\/CBMi4AFBVV95cUxPS2k1SVAxVFVXbGEycGIzZzM2eUN4a2ZBc0ZaTUxMTEtCajJ2eTA3V2FaYzA3OVBJU3FJdWJLUDRuanJiNVAxVjZRWjlYUTdkZkd0bkZvbEM0TVNPYXRtakdhNlZwanFUT19qdVpXVnR4R3poSlg2bl9uVnBCYUJOOEtXS0tZRTR4SmRBUnBidkswbVJqR1lQdVJ2QmRRcGJBRkdVcVRXbzBmakdPNkhsRUwyY3dkVlhKRlJWT254YUNfZDllWnFQSkhkaC1jQzVDamdpZzdwRDhtN1lTeC01WA?oc=5\" target=\"_blank\" rel=\"noopener\">\u00ab\u00a0Aller chercher des points\u00a0\u00bb, Hugo Hermet ne veut pas faire le voyage \u00e0 Grenoble \u00e0 vide<\/a>&nbsp;&nbsp;Rugbyrama<\/li>\n<li><a href=\"https:\/\/news.google.com\/rss\/articles\/CBMijwFBVV95cUxPd3Y5SjBHV1lvcTkyOWlKNmJQTm1PaDViZjI3QVVzTV9TZndBR21hSXpxOGdpanNxYXpYSnM2UGNNRFVjQzZwSFl5eXU1c0ZrVVJKbW4yVUp6eGZSeVdsQTBjZkhpeTdEeWMwRFpMdTg5aXRKWEtNYlduT3g0a1RIT0dYQjh0SVAyejJVRWtKNA?oc=5\" target=\"_blank\" rel=\"noopener\">Grenoble &#8211; Oyonnax \u00e0 suivre en direct, Retour de Pro D2 2024-2025 (25\/04\/2025)<\/a>&nbsp;&nbsp;L&rsquo;\u00c9quipe<\/li>\n<li><a href=\"https:\/\/news.google.com\/rss\/articles\/CBMiekFVX3lxTE5KcE1hVjNyXy14NWx4QjRvRUQwNXpDTkxuUjhFdlBUSzl2YVpqSFV5MHd1UEpEQnNnWXVHeUZZYVVzOGpwVmZKZWtQck5zcGZSM3pzMjNQd2VuUG1OeWE4b2dNQmh1SmJWSkxDV2lEbGYxZGlSdGZJdTl3?oc=5\" target=\"_blank\" rel=\"noopener\">\u00ab Nous ne sommes pas sauv\u00e9s \u00bb, en qu\u00eate de points, Oyonnax va jouer gros contre le FCG<\/a>&nbsp;&nbsp;Le Dauphin\u00e9 Lib\u00e9r\u00e9<\/li>\n<li><a href=\"https:\/\/news.google.com\/rss\/articles\/CBMisAFBVV95cUxOREtLWFNydVBUUHQzQ29vUy1pU2hidkxSSk1mN0t5bTlfMktfQW8zRnBxblpFYmtTX19jMjR2Z2lLMjhLVXdON1BWTGJaLW96THEzZkxPb0JiVzJ5dVdoM3JRZEtNSEJULUl5Y0R4cVgtN1lPMUpLS0UyT0ZNaXhuc1hUWnhkTEdPSGVNeGJjOEdGbElrS1FYMHZfbUkzRHc1RUhxNUhmdk5rWVE4b01qQw?oc=5\" target=\"_blank\" rel=\"noopener\">Rugby &#8211; Pro D2. Pour assurer son maintien, Oyonnax doit r\u00e9aliser un exploit \u00e0 Grenoble<\/a>&nbsp;&nbsp;Le Progr\u00e8s<\/li>\n<\/ol>\n","protected":false},"excerpt":{"rendered":"Rugby &#8211; Pro D2. Du sang, des combats \u00e2pres et une revanche : FCG &#8211; Oyonnax, des retrouvailles&hellip;\n","protected":false},"author":2,"featured_media":51057,"comment_status":"","ping_status":"","sticky":false,"template":"","format":"standard","meta":{"footnotes":""},"categories":[1416],"tags":[2738,112,113,114,2727,1701,1011,27,2731,2732,108,2729,2308,479,1468,517,1947,60],"class_list":{"0":"post-51056","1":"post","2":"type-post","3":"status-publish","4":"format-standard","5":"has-post-thumbnail","7":"category-rugby","8":"tag-ain","9":"tag-edition-grenoble-agglomeration","10":"tag-edition-gresivaudan-oisans","11":"tag-edition-voiron-saint-marcellin","12":"tag-fcg-fc-grenoble-rugby","13":"tag-fil-info-sport","14":"tag-fr","15":"tag-france","16":"tag-grenoble","17":"tag-grenoble-bassin","18":"tag-isere","19":"tag-oyonnax","20":"tag-pro-d2","21":"tag-rugby","22":"tag-rugby-football","23":"tag-sport","24":"tag-sport-national","25":"tag-sports"},"share_on_mastodon":{"url":"https:\/\/pubeurope.com\/@fr\/114397119999751977","error":""},"_links":{"self":[{"href":"https:\/\/www.europesays.com\/fr\/wp-json\/wp\/v2\/posts\/51056","targetHints":{"allow":["GET"]}}],"collection":[{"href":"https:\/\/www.europesays.com\/fr\/wp-json\/wp\/v2\/posts"}],"about":[{"href":"https:\/\/www.europesays.com\/fr\/wp-json\/wp\/v2\/types\/post"}],"author":[{"embeddable":true,"href":"https:\/\/www.europesays.com\/fr\/wp-json\/wp\/v2\/users\/2"}],"replies":[{"embeddable":true,"href":"https:\/\/www.europesays.com\/fr\/wp-json\/wp\/v2\/comments?post=51056"}],"version-history":[{"count":0,"href":"https:\/\/www.europesays.com\/fr\/wp-json\/wp\/v2\/posts\/51056\/revisions"}],"wp:featuredmedia":[{"embeddable":true,"href":"https:\/\/www.europesays.com\/fr\/wp-json\/wp\/v2\/media\/51057"}],"wp:attachment":[{"href":"https:\/\/www.europesays.com\/fr\/wp-json\/wp\/v2\/media?parent=51056"}],"wp:term":[{"taxonomy":"category","embeddable":true,"href":"https:\/\/www.europesays.com\/fr\/wp-json\/wp\/v2\/categories?post=51056"},{"taxonomy":"post_tag","embeddable":true,"href":"https:\/\/www.europesays.com\/fr\/wp-json\/wp\/v2\/tags?post=51056"}],"curies":[{"name":"wp","href":"https:\/\/api.w.org\/{rel}","templated":true}]}}