{"id":510567,"date":"2025-11-04T06:53:13","date_gmt":"2025-11-04T06:53:13","guid":{"rendered":"https:\/\/www.europesays.com\/fr\/510567\/"},"modified":"2025-11-04T06:53:13","modified_gmt":"2025-11-04T06:53:13","slug":"laeroport-de-lille-recrute-rendez-vous-lors-du-forum-de-lemploi","status":"publish","type":"post","link":"https:\/\/www.europesays.com\/fr\/510567\/","title":{"rendered":"L\u2019A\u00e9roport de Lille recrute ! Rendez-vous lors du Forum de l\u2019emploi"},"content":{"rendered":"<p>Organis\u00e9 en partenariat avec France Travail et notre dispositif Proch\u2019emploi, le Forum de l\u2019Emploi de l\u2019a\u00e9roport de Lille vous permettra de d\u00e9couvrir les m\u00e9tiers de l\u2019a\u00e9roport et de postuler pour l\u2019un des 50 postes propos\u00e9s pour 2025.\n<\/p>\n<p>L\u2019\u00e9v\u00e9nement vise \u00e0 recruter plus de 50 personnes sur des postes tr\u00e8s vari\u00e9s, pour la saison 2025. Le <a href=\"https:\/\/www.lille.aeroport.fr\/forumemploi\" target=\"_blank\" rel=\"noopener\">Forum de l\u2019Emploi 2025<\/a> se tiendra ainsi le 20 novembre prochain, dans l\u2019enceinte de l\u2019a\u00e9roport, au c\u0153ur m\u00eame de l\u2019a\u00e9rogare, de 9h30 \u00e0 17h.<\/p>\n<p><strong>Quels sont les postes concern\u00e9s\u00a0?<\/strong><\/p>\n<p>Plus de <a href=\"https:\/\/www.lille.aeroport.fr\/forum\/offres\/\" target=\"_blank\" rel=\"noopener\">50 postes sont \u00e0 pourvoir<\/a>, parmi les fonctions vari\u00e9es qui rythment le quotidien d\u2019un a\u00e9roport. Parmi les offres d\u2019emploi ouvertes aux candidats :<\/p>\n<ul class=\" wall-content\">\n<li><b>Aviapartner<\/b>\u00a0: prestataires de services d\u2019assistance en escale pour le compte des 11 compagnies a\u00e9riennes op\u00e9rant \u00e0 Lille<\/li>\n<li><b>Derichebourg<\/b>\u00a0: prestataire des missions d\u2019entretien et des protocoles hygi\u00e8ne\/propret\u00e9<\/li>\n<li><b>Seris Security<\/b>\u00a0: prestataire des missions de s\u00fbret\u00e9 a\u00e9roportaire<\/li>\n<li><b>Lagard\u00e8re Travel Retail<\/b>\u00a0: prestataire restauration et boutiques a\u00e9roport<\/li>\n<\/ul>\n<p class=\" wall-content\">Parmi les offres d\u2019emploi ouvertes aux candidats, des postes\u00a0d\u2019agents d\u2019exploitation, de surveillance des parcs et acc\u00e8s,\u00a0de chargement a\u00e9roportuaire,\u00a0d\u2019escale a\u00e9roportuaire et de trafic a\u00e9rien d\u2019entretien, de s\u00fbret\u00e9 a\u00e9roportuaire.<\/p>\n<p>Inscriptions<\/p>\n<p>Pour des raisons d\u2019organisation, le Forum Emploi de l\u2019a\u00e9roport de Lille est organis\u00e9 en deux sessions :<\/p>\n<ul>\n<li>Soit le matin \u00e0 9h30<\/li>\n<li>Soit l&rsquo;apr\u00e8s-midi \u00e0 14h00<\/li>\n<\/ul>\n<p><strong><a href=\"https:\/\/www.lille.aeroport.fr\/forum\/inscription\/\" target=\"_blank\" rel=\"noopener\">L\u2019inscription \u00e0 l\u2019une de ces sessions est obligatoire.<\/a><\/strong><\/p>\n<p>Aucune inscription sur place ne sera possible. Aucune personne ne sera autoris\u00e9e \u00e0 entrer, sans inscription pr\u00e9alable.<\/p>\n<p>Des contr\u00f4les d\u2019identit\u00e9 pourraient \u00eatre r\u00e9alis\u00e9s \u00e0 l\u2019entr\u00e9e du salon. Pensez \u00e0 vous munir d\u2019une pi\u00e8ce d\u2019identit\u00e9 en cours de validit\u00e9.<\/p>\n<p>Comment postuler ?<\/p>\n<p class=\" wall-content\">Pour postuler, il n\u2019y a\u00a0pas forc\u00e9ment besoin d\u2019avoir un dipl\u00f4me ou de l\u2019exp\u00e9rience\u00a0en amont. Le forum de l\u2019emploi ouvre ses portes \u00e0 \u00ab\u00a0tous les candidats\u00a0\u00bb. Par la suite, \u00ab\u00a0des\u00a0formations sp\u00e9cifiques\u00a0aux fonctions seront dispens\u00e9es par les entreprises avant le d\u00e9but de la saison, ce qui laisse l\u2019opportunit\u00e9 \u00e0 tous les profils d\u2019\u00eatre recrut\u00e9s sur ces postes\u00a0\u00bb, explique l\u2019a\u00e9roport de Lille.<\/p>\n","protected":false},"excerpt":{"rendered":"Organis\u00e9 en partenariat avec France Travail et notre dispositif Proch\u2019emploi, le Forum de l\u2019Emploi de l\u2019a\u00e9roport de Lille&hellip;\n","protected":false},"author":2,"featured_media":510568,"comment_status":"","ping_status":"","sticky":false,"template":"","format":"standard","meta":{"footnotes":""},"categories":[2815],"tags":[1111,11,341,1777,674,1011,27,811,1307,12,25,2803],"class_list":{"0":"post-510567","1":"post","2":"type-post","3":"status-publish","4":"format-standard","5":"has-post-thumbnail","7":"category-lille","8":"tag-actu","9":"tag-actualites","10":"tag-emploi","11":"tag-eu","12":"tag-europe","13":"tag-fr","14":"tag-france","15":"tag-hauts-de-france","16":"tag-lille","17":"tag-news","18":"tag-republique-francaise","19":"tag-transport"},"share_on_mastodon":{"url":"https:\/\/pubeurope.com\/@fr\/115490115143705761","error":""},"_links":{"self":[{"href":"https:\/\/www.europesays.com\/fr\/wp-json\/wp\/v2\/posts\/510567","targetHints":{"allow":["GET"]}}],"collection":[{"href":"https:\/\/www.europesays.com\/fr\/wp-json\/wp\/v2\/posts"}],"about":[{"href":"https:\/\/www.europesays.com\/fr\/wp-json\/wp\/v2\/types\/post"}],"author":[{"embeddable":true,"href":"https:\/\/www.europesays.com\/fr\/wp-json\/wp\/v2\/users\/2"}],"replies":[{"embeddable":true,"href":"https:\/\/www.europesays.com\/fr\/wp-json\/wp\/v2\/comments?post=510567"}],"version-history":[{"count":0,"href":"https:\/\/www.europesays.com\/fr\/wp-json\/wp\/v2\/posts\/510567\/revisions"}],"wp:featuredmedia":[{"embeddable":true,"href":"https:\/\/www.europesays.com\/fr\/wp-json\/wp\/v2\/media\/510568"}],"wp:attachment":[{"href":"https:\/\/www.europesays.com\/fr\/wp-json\/wp\/v2\/media?parent=510567"}],"wp:term":[{"taxonomy":"category","embeddable":true,"href":"https:\/\/www.europesays.com\/fr\/wp-json\/wp\/v2\/categories?post=510567"},{"taxonomy":"post_tag","embeddable":true,"href":"https:\/\/www.europesays.com\/fr\/wp-json\/wp\/v2\/tags?post=510567"}],"curies":[{"name":"wp","href":"https:\/\/api.w.org\/{rel}","templated":true}]}}