{"id":510571,"date":"2025-11-04T06:55:13","date_gmt":"2025-11-04T06:55:13","guid":{"rendered":"https:\/\/www.europesays.com\/fr\/510571\/"},"modified":"2025-11-04T06:55:13","modified_gmt":"2025-11-04T06:55:13","slug":"la-reouverture-dune-rue-des-chutes-lavie-en-debat","status":"publish","type":"post","link":"https:\/\/www.europesays.com\/fr\/510571\/","title":{"rendered":"La r\u00e9ouverture d\u2019une rue des Chutes-Lavie en d\u00e9bat"},"content":{"rendered":"\n<p>Pour soutenir leur revendication d\u2019une r\u00e9ouverture d\u2019un acc\u00e8s pi\u00e9tons de la rue qui traverse la cit\u00e9 des Chutes-Lavie, les riverains se sont constitu\u00e9s en collectif. Ils se donnent rendez-vous mercredi 5\u00a0novembre \u00e0 11h devant les locaux de la M\u00e9tropole, 25 avenue de Frais-Vallon, o\u00f9 ils seront re\u00e7us par Solange Biaggi.<\/p>\n<p>Un grand portail verrouille l\u2019acc\u00e8s \u00e0 la rue de la P\u00e9pini\u00e8re. Ce geste, d\u00e9cid\u00e9 par l\u2019assembl\u00e9e des copropri\u00e9taires qui revendiquent une voie priv\u00e9e et invoquent des raisons \u00ab\u00a0de s\u00e9curit\u00e9\u00a0\u00bb, a soulev\u00e9 un toll\u00e9 dans tout un quartier. Une mobilisation du collectif des Chutes-Lavie, le 15\u00a0octobre, a mis au jour les difficult\u00e9s rencontr\u00e9es par les riverains oblig\u00e9s \u00e0 de longs d\u00e9tours pour rejoindre les commerces et \u00e9coles de l\u2019autre c\u00f4t\u00e9 de la cit\u00e9. Par ailleurs une cr\u00e8che, un centre d\u2019animation et un jardin municipaux se trouvent dans l\u2019enceinte de la cit\u00e9.<\/p>\n<p>PML (ex-HMP) a progressivement vendu des logements sociaux de la cit\u00e9 jardin mais reste majoritaire au conseil d\u2019administration. D\u00e9j\u00e0, l\u2019ancienne \u00e9cole maternelle avait \u00e9t\u00e9 \u00ab\u00a0ferm\u00e9e du fait de l\u2019accessibilit\u00e9 pi\u00e9tonne d\u00e9grad\u00e9e\u00a0\u00bb, rappelle Didier Jau, maire (EELV) du secteur, qui a \u00e9crit une lettre \u00e0 Solange Biaggi, nouvellement \u00e9lue \u00e0 la t\u00eate de PML, lui enjoignant de \u00ab\u00a0rouvrir sans d\u00e9lai le passage pi\u00e9tonnier litigieux, au moins \u00e0 titre provisoire\u00a0\u00bb. Il souhaitait voir \u00ab\u00a0aligner la position d\u2019HMP sur l\u2019int\u00e9r\u00eat g\u00e9n\u00e9ral de la mobilit\u00e9 de proximit\u00e9\u00a0\u00bb. Par ailleurs, souligne Herv\u00e9 Street, militant marseillais qui soutient leur combat, \u00ab\u00a0cette fermeture pose un probl\u00e8me d\u2019enl\u00e8vement des ordures et est en contradiction avec le r\u00e8glement du bailleur\u00a0\u00bb. La pr\u00e9sidente a finalement accept\u00e9 de rencontrer les riverains ce mercredi. Elle recevra une d\u00e9l\u00e9gation du collectif pour \u00e9tudier la demande.<\/p>\n","protected":false},"excerpt":{"rendered":"Pour soutenir leur revendication d\u2019une r\u00e9ouverture d\u2019un acc\u00e8s pi\u00e9tons de la rue qui traverse la cit\u00e9 des Chutes-Lavie,&hellip;\n","protected":false},"author":2,"featured_media":510572,"comment_status":"","ping_status":"","sticky":false,"template":"","format":"standard","meta":{"footnotes":""},"categories":[2814],"tags":[1111,11,1777,674,1011,27,4021,884,12,882,25],"class_list":{"0":"post-510571","1":"post","2":"type-post","3":"status-publish","4":"format-standard","5":"has-post-thumbnail","7":"category-marseille","8":"tag-actu","9":"tag-actualites","10":"tag-eu","11":"tag-europe","12":"tag-fr","13":"tag-france","14":"tag-habitants","15":"tag-marseille","16":"tag-news","17":"tag-provence-alpes-cote-dazur","18":"tag-republique-francaise"},"share_on_mastodon":{"url":"https:\/\/pubeurope.com\/@fr\/115490122954715647","error":""},"_links":{"self":[{"href":"https:\/\/www.europesays.com\/fr\/wp-json\/wp\/v2\/posts\/510571","targetHints":{"allow":["GET"]}}],"collection":[{"href":"https:\/\/www.europesays.com\/fr\/wp-json\/wp\/v2\/posts"}],"about":[{"href":"https:\/\/www.europesays.com\/fr\/wp-json\/wp\/v2\/types\/post"}],"author":[{"embeddable":true,"href":"https:\/\/www.europesays.com\/fr\/wp-json\/wp\/v2\/users\/2"}],"replies":[{"embeddable":true,"href":"https:\/\/www.europesays.com\/fr\/wp-json\/wp\/v2\/comments?post=510571"}],"version-history":[{"count":0,"href":"https:\/\/www.europesays.com\/fr\/wp-json\/wp\/v2\/posts\/510571\/revisions"}],"wp:featuredmedia":[{"embeddable":true,"href":"https:\/\/www.europesays.com\/fr\/wp-json\/wp\/v2\/media\/510572"}],"wp:attachment":[{"href":"https:\/\/www.europesays.com\/fr\/wp-json\/wp\/v2\/media?parent=510571"}],"wp:term":[{"taxonomy":"category","embeddable":true,"href":"https:\/\/www.europesays.com\/fr\/wp-json\/wp\/v2\/categories?post=510571"},{"taxonomy":"post_tag","embeddable":true,"href":"https:\/\/www.europesays.com\/fr\/wp-json\/wp\/v2\/tags?post=510571"}],"curies":[{"name":"wp","href":"https:\/\/api.w.org\/{rel}","templated":true}]}}