{"id":510575,"date":"2025-11-04T06:57:12","date_gmt":"2025-11-04T06:57:12","guid":{"rendered":"https:\/\/www.europesays.com\/fr\/510575\/"},"modified":"2025-11-04T06:57:12","modified_gmt":"2025-11-04T06:57:12","slug":"la-compagnie-aerienne-emirates-recrute-a-lyon-ce-mardi","status":"publish","type":"post","link":"https:\/\/www.europesays.com\/fr\/510575\/","title":{"rendered":"La compagnie a\u00e9rienne Emirates recrute \u00e0 Lyon ce mardi\u00a0"},"content":{"rendered":"<p><strong>La compagnie a\u00e9rienne Emirates organise une journ\u00e9e de recrutement ce mardi 4 novembre au Sofitel Lyon Bellecour. Elle cherche son futur personnel de cabine, avec un salaire attractif, un logement \u00e0 Duba\u00ef et plusieurs avantages \u00e0 la cl\u00e9.<\/strong><\/p>\n<p>Une nouvelle session de recrutement \u00e0 Lyon<\/p>\n<p>Emirates poursuit sa tourn\u00e9e de recrutement en France et fait \u00e9tape \u00e0 Lyon ce mardi 4 novembre. La journ\u00e9e portes ouvertes aura lieu au Sofitel Lyon Bellecour, 20 quai du Docteur Gailleton (Lyon 2\u1d49).<\/p>\n<p>Cette op\u00e9ration s\u2019inscrit dans une s\u00e9rie de s\u00e9lections men\u00e9es dans plusieurs grandes villes fran\u00e7aises. L\u2019objectif : recruter les futurs membres du personnel de bord, charg\u00e9s d\u2019assurer la s\u00e9curit\u00e9 et le confort des passagers. <\/p>\n<p>Des postes \u00e0 Duba\u00ef avec de nombreux avantages<\/p>\n<p>Les nouveaux employ\u00e9s seront bas\u00e9s \u00e0 Duba\u00ef, o\u00f9 ils suivront une formation intensive de sept semaines et demie. Elle comprend plusieurs modules, dont la s\u00e9curit\u00e9, la gestion des urgences, le service \u00e0 bord et les premiers secours.<\/p>\n<p>Les conditions offertes figurent parmi les plus attractives du secteur : logement de fonction meubl\u00e9 avec eau et \u00e9lectricit\u00e9 incluses, transport entre le domicile et le lieu de travail, couverture m\u00e9dicale compl\u00e8te et r\u00e9ductions sur les billets d\u2019avion. <\/p>\n<p>La r\u00e9mun\u00e9ration de d\u00e9part avoisine 2 400 \u00e0 2 600 euros nets par mois, o\u00f9 s\u2019ajoutent des primes de vol, des frais d\u2019escale et des r\u00e9ductions sur d\u2019autres compagnies partenaires.<\/p>\n<p>Des crit\u00e8res de s\u00e9lection exigeants<\/p>\n<p>Pour int\u00e9grer le personnel de cabine, les candidats doivent avoir au moins 21 ans, mesurer plus de 1,60 m\u00e8tre et pouvoir atteindre 2,12 m\u00e8tres de haut. Une bonne ma\u00eetrise de l\u2019anglais \u00e0 l\u2019\u00e9crit comme \u00e0 l\u2019oral est indispensable. <\/p>\n<p>Emirates exige \u00e9galement au moins un an d\u2019exp\u00e9rience dans l\u2019h\u00f4tellerie ou la relation client, aucun tatouage visible en uniforme et la possibilit\u00e9 d\u2019obtenir un visa de travail pour les \u00c9mirats arabes unis. La compagnie recherche avant tout des personnalit\u00e9s dynamiques, attentives et capables de cr\u00e9er du lien avec les passagers.<\/p>\n<p>Comment postuler ? <\/p>\n<p>Pour postuler, il faut d\u00e9poser sa candidature en ligne <a href=\"https:\/\/www.emiratesgroupcareers.com\/cabin-crew\/\" target=\"_blank\" rel=\"noopener\">https:\/\/www.emiratesgroupcareers.com\/cabin-crew\/<\/a> accompagn\u00e9e d\u2019un CV en anglais et d\u2019une photo r\u00e9cente. Les postulants peuvent aussi se pr\u00e9senter directement sur place sans rendez-vous.<\/p>\n<p>La session se d\u00e9roulera toute la journ\u00e9e, et les candidats pr\u00e9s\u00e9lectionn\u00e9s seront inform\u00e9s sur place des \u00e9ventuels entretiens compl\u00e9mentaires.<\/p>\n","protected":false},"excerpt":{"rendered":"La compagnie a\u00e9rienne Emirates organise une journ\u00e9e de recrutement ce mardi 4 novembre au Sofitel Lyon Bellecour. Elle&hellip;\n","protected":false},"author":2,"featured_media":510576,"comment_status":"","ping_status":"","sticky":false,"template":"","format":"standard","meta":{"footnotes":""},"categories":[1889],"tags":[1111,11,2430,7182,10835,1777,674,1011,27,2428,12,7099,25],"class_list":{"0":"post-510575","1":"post","2":"type-post","3":"status-publish","4":"format-standard","5":"has-post-thumbnail","7":"category-lyon","8":"tag-actu","9":"tag-actualites","10":"tag-auvergne-rhone-alpes","11":"tag-aviation","12":"tag-emirates","13":"tag-eu","14":"tag-europe","15":"tag-fr","16":"tag-france","17":"tag-lyon","18":"tag-news","19":"tag-recrutement","20":"tag-republique-francaise"},"share_on_mastodon":{"url":"https:\/\/pubeurope.com\/@fr\/115490130761282545","error":""},"_links":{"self":[{"href":"https:\/\/www.europesays.com\/fr\/wp-json\/wp\/v2\/posts\/510575","targetHints":{"allow":["GET"]}}],"collection":[{"href":"https:\/\/www.europesays.com\/fr\/wp-json\/wp\/v2\/posts"}],"about":[{"href":"https:\/\/www.europesays.com\/fr\/wp-json\/wp\/v2\/types\/post"}],"author":[{"embeddable":true,"href":"https:\/\/www.europesays.com\/fr\/wp-json\/wp\/v2\/users\/2"}],"replies":[{"embeddable":true,"href":"https:\/\/www.europesays.com\/fr\/wp-json\/wp\/v2\/comments?post=510575"}],"version-history":[{"count":0,"href":"https:\/\/www.europesays.com\/fr\/wp-json\/wp\/v2\/posts\/510575\/revisions"}],"wp:featuredmedia":[{"embeddable":true,"href":"https:\/\/www.europesays.com\/fr\/wp-json\/wp\/v2\/media\/510576"}],"wp:attachment":[{"href":"https:\/\/www.europesays.com\/fr\/wp-json\/wp\/v2\/media?parent=510575"}],"wp:term":[{"taxonomy":"category","embeddable":true,"href":"https:\/\/www.europesays.com\/fr\/wp-json\/wp\/v2\/categories?post=510575"},{"taxonomy":"post_tag","embeddable":true,"href":"https:\/\/www.europesays.com\/fr\/wp-json\/wp\/v2\/tags?post=510575"}],"curies":[{"name":"wp","href":"https:\/\/api.w.org\/{rel}","templated":true}]}}