{"id":51058,"date":"2025-04-25T06:11:10","date_gmt":"2025-04-25T06:11:10","guid":{"rendered":"https:\/\/www.europesays.com\/fr\/51058\/"},"modified":"2025-04-25T06:11:10","modified_gmt":"2025-04-25T06:11:10","slug":"atp-virginia-garfia-maman-de-carlos-alcaraz-sur-les-comparaisons-avec-rafael-nadal-je-ne-veux-pas-recuperer-mon-fils-en-miettes","status":"publish","type":"post","link":"https:\/\/www.europesays.com\/fr\/51058\/","title":{"rendered":"ATP > Virginia Garfia (maman de Carlos Alcaraz) sur les comparaisons avec Rafael Nadal : \u00ab\u00a0Je ne veux pas r\u00e9cup\u00e9rer mon fils en miettes\u00a0\u00bb"},"content":{"rendered":"<p>Le docu\u00admen\u00adtaire Netflix en trois \u00e9pisodes consacr\u00e9 \u00e0 Carlos Alcaraz fait logi\u00adque\u00adment beau\u00adcoup r\u00e9agir tant il regorge de moments forts et de d\u00e9cla\u00adra\u00adtions sinc\u00e8res.\u00a0<\/p>\n<p>Apr\u00e8s les <a href=\"https:\/\/www.welovetennis.fr\/atp\/ferrero-coach-dalcaraz-jen-arrive-a-douter-que-carlos-puisse-devenir-le-meilleur-joueur-de-lhistoire-a-cause-de-sa-maniere-dapprehender-le-travail-et-le-sacrif\" data-wpel-link=\"internal\" rel=\"nofollow noopener\" target=\"_blank\">doutes \u00e9mis par Juan Carlos Ferrero concer\u00adnant la capa\u00adcit\u00e9 de son poulain \u00e0 devenir le meilleur joueur de l\u2019his\u00adtoire, <\/a>c\u2019est cette fois au tour de la maman du prodige espa\u00adgnol, Virginia Garfia, de s\u2019ex\u00adprimer avec beau\u00adcoup d\u2019hon\u00adn\u00ea\u00adtet\u00e9 au sujet des compa\u00adrai\u00adsons inces\u00adsantes avec Rafael Nadal.<\/p>\n<p><strong>\u00ab\u202fLes gens s\u2019at\u00adtendent \u00e0 ce qu\u2019il soit comme Rafa, une l\u00e9gende. Mais il ne devrait pas laisser les autres envahir cet espace qui est le sien. Je ne veux pas r\u00e9cu\u00adp\u00e9rer mon fils en miettes plus tard\u202f\u00bb<\/strong>, d\u00e9clare la m\u00e8re de Carlitos dans l\u2019\u00e9pi\u00adsode 2 de Carlos Alcaraz\u00a0: A mi manera. <\/p>\n<p class=\"post-published-date\" style=\"color: silver; font-size: 75%; text-align: left;\">Publi\u00e9 le jeudi 24 avril 2025 \u00e0 16:45<\/p>\n","protected":false},"excerpt":{"rendered":"Le docu\u00admen\u00adtaire Netflix en trois \u00e9pisodes consacr\u00e9 \u00e0 Carlos Alcaraz fait logi\u00adque\u00adment beau\u00adcoup r\u00e9agir tant il regorge de&hellip;\n","protected":false},"author":2,"featured_media":42126,"comment_status":"","ping_status":"","sticky":false,"template":"","format":"standard","meta":{"footnotes":""},"categories":[1415],"tags":[1744,7275,1011,27,1960,60,1467],"class_list":{"0":"post-51058","1":"post","2":"type-post","3":"status-publish","4":"format-standard","5":"has-post-thumbnail","7":"category-tennis","8":"tag-alcaraz","9":"tag-ferrero","10":"tag-fr","11":"tag-france","12":"tag-nadal","13":"tag-sports","14":"tag-tennis"},"share_on_mastodon":{"url":"https:\/\/pubeurope.com\/@fr\/114397123871704277","error":""},"_links":{"self":[{"href":"https:\/\/www.europesays.com\/fr\/wp-json\/wp\/v2\/posts\/51058","targetHints":{"allow":["GET"]}}],"collection":[{"href":"https:\/\/www.europesays.com\/fr\/wp-json\/wp\/v2\/posts"}],"about":[{"href":"https:\/\/www.europesays.com\/fr\/wp-json\/wp\/v2\/types\/post"}],"author":[{"embeddable":true,"href":"https:\/\/www.europesays.com\/fr\/wp-json\/wp\/v2\/users\/2"}],"replies":[{"embeddable":true,"href":"https:\/\/www.europesays.com\/fr\/wp-json\/wp\/v2\/comments?post=51058"}],"version-history":[{"count":0,"href":"https:\/\/www.europesays.com\/fr\/wp-json\/wp\/v2\/posts\/51058\/revisions"}],"wp:featuredmedia":[{"embeddable":true,"href":"https:\/\/www.europesays.com\/fr\/wp-json\/wp\/v2\/media\/42126"}],"wp:attachment":[{"href":"https:\/\/www.europesays.com\/fr\/wp-json\/wp\/v2\/media?parent=51058"}],"wp:term":[{"taxonomy":"category","embeddable":true,"href":"https:\/\/www.europesays.com\/fr\/wp-json\/wp\/v2\/categories?post=51058"},{"taxonomy":"post_tag","embeddable":true,"href":"https:\/\/www.europesays.com\/fr\/wp-json\/wp\/v2\/tags?post=51058"}],"curies":[{"name":"wp","href":"https:\/\/api.w.org\/{rel}","templated":true}]}}