{"id":51059,"date":"2025-04-25T06:13:09","date_gmt":"2025-04-25T06:13:09","guid":{"rendered":"https:\/\/www.europesays.com\/fr\/51059\/"},"modified":"2025-04-25T06:13:09","modified_gmt":"2025-04-25T06:13:09","slug":"motogp-triste-nouvelle-pour-les-fans-pas-de-wildcard-ktm-un-mauvais-signe-financier","status":"publish","type":"post","link":"https:\/\/www.europesays.com\/fr\/51059\/","title":{"rendered":"MotoGP Triste nouvelle pour les fans, pas de wildcard KTM, un mauvais signe financier ?"},"content":{"rendered":"<p>Assur\u00e9ment, il s\u2019agit d\u2019une mauvaise nouvelle pour les fans du pilote Espagnol et m\u00eame, pour les aficionados de MotoGP, en r\u00e8gle g\u00e9n\u00e9ral. Car Dani Pedrosa avait fait beaucoup de bien au Grand-Prix d\u2019Espagne, l\u2019an pass\u00e9, en signant des performances absolument extraordinaires (montant m\u00eame sur le podium du sprint !), alors qu\u2019il n\u2019est plus titulaire depuis plusieurs saisons. Malheureusement, il n\u2019y aura pas de wild-card \u00e0 Jerez, pour cette-fois.<\/p>\n<p>MotoGP : pas de Wild-card pour Dani Pedrosa, une \u00e9norme d\u00e9ception !<\/p>\n<p>C\u2019est, \u00e9videmment, la premi\u00e8re chose \u00e0 laquelle nous pensons, lorsque <a href=\"https:\/\/lemagsportauto.ouest-france.fr\/tag\/ktm\/\" target=\"_blank\" rel=\"noopener nofollow\">KTM<\/a> annonce qu\u2019il n\u2019y aura pas de wild-card \u00e0 Jerez, contrairement aux saisons pr\u00e9c\u00e9dentes. Pourtant, Pit Beirer se d\u00e9fend de tout probl\u00e8me financier ayant abouti sur l\u2019annulation de piges \u00e9ventuelles de Dani Pedrosa ou de Pol Espargaro. Puisque les deux hommes se partagent le poste de pilote d\u2019essais et de r\u00e9serve. C\u2019est dans les colonnes de Speedweek que le Directeur de KTM Motorsport a expliqu\u00e9 les raisons de ce choix.<\/p>\n<p>\u201cNous n\u2019en avons pas pour le moment. Nous en avons la possibilit\u00e9, mais cela ne figure pas sur notre liste de priorit\u00e9s. Avec les quatre pilotes que nous avons \u00e0 bord, nous obtenons des informations de qualit\u00e9 lors de chaque course et notre \u00e9quipe d\u2019essais a un programme \u00e9norme.\u201d, avance tout d\u2019abord l\u2019int\u00e9ress\u00e9. Avant de mettre en cause la concentration des pilotes concern\u00e9s. Puisque, selon lui, ils ne travailleraient pas de mani\u00e8re aussi pointilleuse qu\u2019habituellement, en amont d\u2019une wild-card. Pr\u00e9f\u00e9rant, \u00e0 priori, s\u2019employer \u00e0 signer un bon r\u00e9sultat en Grand-Prix.<\/p>\n<p>Nous avons aussi remarqu\u00e9 que d\u00e8s que l\u2019on commence \u00e0 pr\u00e9parer une wild-card, l\u2019un des deux pilotes d\u2019essais g\u00e9niaux que nous avons s\u2019effondre. Il commence \u00e0 pr\u00e9parer une course, il veut courir, \u00eatre \u00e0 la hauteur et obtenir un r\u00e9sultat. D\u00e8s lors, les nombreux petits d\u00e9tails \u00e0 traiter au sein du test team sont laiss\u00e9s de c\u00f4t\u00e9. Nous d\u00e9ciderons \u00e0 court terme s\u2019il y aura des wild-cards\u201d, conclut Beirer. Les deux pilotes en question appr\u00e9cieront puisque, d\u2019une certaine mani\u00e8re, c\u2019est leur professionnalisme qui est ainsi \u00e9gratign\u00e9\u2026<\/p>\n<p>Quoiqu\u2019il en soit, la marque Autrichienne disposera de deux \u00e9quipes fortes en Espagne avec Pedro Acosta et Bard Binder au sein du Team Factory \u201cA\u201d et Maverick Vinal\u00e8s et En\u00e9a Bastianini dans l\u2019\u00e9curie \u201cB\u201d, ex-satellite, Tech3. C\u2019est d\u2019ailleurs peut-\u00eatre de cette derni\u00e8re que viendront les meilleurs r\u00e9sultats, avec l\u2019impressionnante mont\u00e9e en puissance de Maverick Vinal\u00e8s, deuxi\u00e8me \u00e0 l\u2019issue du Grand-Prix du Qatar de MotoGP 2025. Lequel sera sans doute revanchard, \u00e0 Jerez, apr\u00e8s avoir perdu son podium suite \u00e0 une p\u00e9nalit\u00e9.<\/p>\n<blockquote class=\"twitter-tweet\">\n<p dir=\"ltr\" lang=\"en\">In case you missed it, get the lowdown from our exciting weekend under the stars \u2728 last week out, here \ud83d\udc49 <a href=\"https:\/\/t.co\/Rfm6o6MiYT\" target=\"_blank\" rel=\"nofollow\">https:\/\/t.co\/Rfm6o6MiYT<\/a><a href=\"https:\/\/twitter.com\/hashtag\/KTM?src=hash&amp;ref_src=twsrc%5Etfw\" target=\"_blank\" rel=\"noopener nofollow\">#KTM<\/a> <a href=\"https:\/\/twitter.com\/hashtag\/ReadyToRace?src=hash&amp;ref_src=twsrc%5Etfw\" target=\"_blank\" rel=\"noopener nofollow\">#ReadyToRace<\/a> <a href=\"https:\/\/t.co\/5kZl8NLDhq\" target=\"_blank\" rel=\"nofollow\">pic.twitter.com\/5kZl8NLDhq<\/a><\/p>\n<p>\u2014 RED BULL KTM FACTORY RACING (@KTM_Racing) <a href=\"https:\/\/twitter.com\/KTM_Racing\/status\/1914682492583367157?ref_src=twsrc%5Etfw\" target=\"_blank\" rel=\"noopener nofollow\">April 22, 2025<\/a><\/p>\n<\/blockquote>\n<p>Article publi\u00e9 \u00e0 5h45, le 23\/04\/2025<\/p>\n<p>                                                            <script async src=\"https:\/\/platform.twitter.com\/widgets.js\" charset=\"utf-8\"><\/script><\/p>\n","protected":false},"excerpt":{"rendered":"Assur\u00e9ment, il s\u2019agit d\u2019une mauvaise nouvelle pour les fans du pilote Espagnol et m\u00eame, pour les aficionados de&hellip;\n","protected":false},"author":2,"featured_media":51060,"comment_status":"","ping_status":"","sticky":false,"template":"","format":"standard","meta":{"footnotes":""},"categories":[1413],"tags":[5128,1011,27,1579,1457,1456,1458,60],"class_list":{"0":"post-51059","1":"post","2":"type-post","3":"status-publish","4":"format-standard","5":"has-post-thumbnail","7":"category-moto","8":"tag-dani-pedrosa","9":"tag-fr","10":"tag-france","11":"tag-ktm","12":"tag-moto","13":"tag-motocycle","14":"tag-motogp","15":"tag-sports"},"share_on_mastodon":{"url":"https:\/\/pubeurope.com\/@fr\/114397131762204133","error":""},"_links":{"self":[{"href":"https:\/\/www.europesays.com\/fr\/wp-json\/wp\/v2\/posts\/51059","targetHints":{"allow":["GET"]}}],"collection":[{"href":"https:\/\/www.europesays.com\/fr\/wp-json\/wp\/v2\/posts"}],"about":[{"href":"https:\/\/www.europesays.com\/fr\/wp-json\/wp\/v2\/types\/post"}],"author":[{"embeddable":true,"href":"https:\/\/www.europesays.com\/fr\/wp-json\/wp\/v2\/users\/2"}],"replies":[{"embeddable":true,"href":"https:\/\/www.europesays.com\/fr\/wp-json\/wp\/v2\/comments?post=51059"}],"version-history":[{"count":0,"href":"https:\/\/www.europesays.com\/fr\/wp-json\/wp\/v2\/posts\/51059\/revisions"}],"wp:featuredmedia":[{"embeddable":true,"href":"https:\/\/www.europesays.com\/fr\/wp-json\/wp\/v2\/media\/51060"}],"wp:attachment":[{"href":"https:\/\/www.europesays.com\/fr\/wp-json\/wp\/v2\/media?parent=51059"}],"wp:term":[{"taxonomy":"category","embeddable":true,"href":"https:\/\/www.europesays.com\/fr\/wp-json\/wp\/v2\/categories?post=51059"},{"taxonomy":"post_tag","embeddable":true,"href":"https:\/\/www.europesays.com\/fr\/wp-json\/wp\/v2\/tags?post=51059"}],"curies":[{"name":"wp","href":"https:\/\/api.w.org\/{rel}","templated":true}]}}