{"id":510598,"date":"2025-11-04T07:11:17","date_gmt":"2025-11-04T07:11:17","guid":{"rendered":"https:\/\/www.europesays.com\/fr\/510598\/"},"modified":"2025-11-04T07:11:17","modified_gmt":"2025-11-04T07:11:17","slug":"des-millions-de-belges-victimes-dun-vol-de-donnees","status":"publish","type":"post","link":"https:\/\/www.europesays.com\/fr\/510598\/","title":{"rendered":"Des millions de Belges victimes d&rsquo;un vol de donn\u00e9es"},"content":{"rendered":"<p class=\"ap-StoryElement ap-StoryElement--mb ap-StoryText\">Des responsables de l&rsquo;Union europ\u00e9enne (UE) ont pu \u00eatre identifi\u00e9s \u00e0 partir de ces donn\u00e9es mises en vente en ligne par des courtiers.<\/p>\n<p class=\"ap-StoryElement ap-StoryElement--mb ap-StoryText\">L&rsquo;Echo a r\u00e9ussi \u00e0 mettre des noms sur ces donn\u00e9es pourtant \u00ab\u00a0anonymes\u00a0\u00bb et \u00e0 observer les habitudes de vie d&rsquo;au moins cinq personnes qui travaillent ou ont travaill\u00e9 pour l&rsquo;UE. Trois d&rsquo;entre elles occupent des postes \u00e0 haute responsabilit\u00e9.<\/p>\n<p class=\"ap-StoryElement ap-StoryElement--mb ap-StoryText\">Avec ce tra\u00e7age rendu possible, les institutions et les entreprises critiques situ\u00e9es en Belgique sont potentiellement menac\u00e9es. La mise \u00e0 nu des habitudes d&#8217;employ\u00e9s de structures critiques peut constituer une menace pour leur propre s\u00e9curit\u00e9, mais aussi pour celle de leur employeur.<\/p>\n","protected":false},"excerpt":{"rendered":"Des responsables de l&rsquo;Union europ\u00e9enne (UE) ont pu \u00eatre identifi\u00e9s \u00e0 partir de ces donn\u00e9es mises en vente&hellip;\n","protected":false},"author":2,"featured_media":510599,"comment_status":"","ping_status":"","sticky":false,"template":"","format":"standard","meta":{"footnotes":""},"categories":[1586],"tags":[11,1777,674,1779,1011,27,310,12,8640,25,656,42,1778,364,657],"class_list":{"0":"post-510598","1":"post","2":"type-post","3":"status-publish","4":"format-standard","5":"has-post-thumbnail","7":"category-europe","8":"tag-actualites","9":"tag-eu","10":"tag-europe","11":"tag-european-union","12":"tag-fr","13":"tag-france","14":"tag-internet","15":"tag-news","16":"tag-press","17":"tag-republique-francaise","18":"tag-securite","19":"tag-technologies","20":"tag-ue","21":"tag-union-europeenne","22":"tag-vie-privee"},"share_on_mastodon":{"url":"https:\/\/pubeurope.com\/@fr\/115490185924471315","error":""},"_links":{"self":[{"href":"https:\/\/www.europesays.com\/fr\/wp-json\/wp\/v2\/posts\/510598","targetHints":{"allow":["GET"]}}],"collection":[{"href":"https:\/\/www.europesays.com\/fr\/wp-json\/wp\/v2\/posts"}],"about":[{"href":"https:\/\/www.europesays.com\/fr\/wp-json\/wp\/v2\/types\/post"}],"author":[{"embeddable":true,"href":"https:\/\/www.europesays.com\/fr\/wp-json\/wp\/v2\/users\/2"}],"replies":[{"embeddable":true,"href":"https:\/\/www.europesays.com\/fr\/wp-json\/wp\/v2\/comments?post=510598"}],"version-history":[{"count":0,"href":"https:\/\/www.europesays.com\/fr\/wp-json\/wp\/v2\/posts\/510598\/revisions"}],"wp:featuredmedia":[{"embeddable":true,"href":"https:\/\/www.europesays.com\/fr\/wp-json\/wp\/v2\/media\/510599"}],"wp:attachment":[{"href":"https:\/\/www.europesays.com\/fr\/wp-json\/wp\/v2\/media?parent=510598"}],"wp:term":[{"taxonomy":"category","embeddable":true,"href":"https:\/\/www.europesays.com\/fr\/wp-json\/wp\/v2\/categories?post=510598"},{"taxonomy":"post_tag","embeddable":true,"href":"https:\/\/www.europesays.com\/fr\/wp-json\/wp\/v2\/tags?post=510598"}],"curies":[{"name":"wp","href":"https:\/\/api.w.org\/{rel}","templated":true}]}}