{"id":510610,"date":"2025-11-04T07:18:14","date_gmt":"2025-11-04T07:18:14","guid":{"rendered":"https:\/\/www.europesays.com\/fr\/510610\/"},"modified":"2025-11-04T07:18:14","modified_gmt":"2025-11-04T07:18:14","slug":"atp-athenes-muller-sauve-une-balle-de-match-et-sen-sort-sports","status":"publish","type":"post","link":"https:\/\/www.europesays.com\/fr\/510610\/","title":{"rendered":"ATP &#8211; Ath\u00e8nes : M\u00fcller sauve une balle de match et s&rsquo;en sort : Sports"},"content":{"rendered":"<p class=\"date\">\n                                                            Aur\u00e9lie Sacchelli, Media365, publi\u00e9 le lundi 03 novembre 2025 \u00e0 22h34\n                                                    <\/p>\n<p>Alexandre M\u00fcller s&rsquo;est qualifi\u00e9 pour les huiti\u00e8mes de finale du tournoi ATP 250 d&rsquo;Ath\u00e8nes, en battant Jan-Lennard Struff au tie-break du troisi\u00e8me set, apr\u00e8s avoir sauv\u00e9 une balle de match.<\/p>\n<p>Au Rolex Paris Masters, il avait pris un set au futur finaliste Felix Auger-Aliassime, preuve qu&rsquo;il allait mieux, apr\u00e8s une s\u00e9rie de huit d\u00e9faites en dix matchs avant de se rendre \u00e0 la Paris La D\u00e9fense Arena. Alexandre M\u00fcller, futur papa, va tenter cette semaine de finir sa saison en beaut\u00e9, \u00e0 l&rsquo;occasion de l&rsquo;ATP 250 d&rsquo;Ath\u00e8nes. Et le Fran\u00e7ais, 43e mondial, a r\u00e9ussi son entr\u00e9e en lice, en \u00e9liminant Jan-Lenard Struff (101e) pour rallier les huiti\u00e8mes de finale. <strong>M\u00fcller s&rsquo;est impos\u00e9 6-3, 2-6, 7-6 apr\u00e8s 2h10 de jeu et apr\u00e8s avoir sauv\u00e9 une balle de match.<\/strong> Face au bon serveur allemand (9 aces, 63% de premi\u00e8res balles), le Francilien s&rsquo;est arrach\u00e9 pour aller d\u00e9crocher la victoire.<\/p>\n<p>M\u00fcller revient de loin<\/p>\n<p>Alexandre M\u00fcller a tr\u00e8s bien d\u00e9but\u00e9 le match en breakant d\u00e8s sa premi\u00e8re occasion pour mener 3-0, puis il a parfaitement tenu pour empocher la manche \u00e0 5-3 sur sa premi\u00e8re balle de set. Mais dans la deuxi\u00e8me, le joueur allemand a hauss\u00e9 son niveau de jeu, et a pris le service du Fran\u00e7ais \u00e0 2-1. Il a ensuite manqu\u00e9 trois balles de 5-1, et a finalement gagn\u00e9 le set \u00e0 5-2, sur un nouveau break. Il a donc fallu en disputer un troisi\u00e8me, et M\u00fcller a bien commenc\u00e9 en menant 2-1 gr\u00e2ce \u00e0 un break blanc, mais Struff a r\u00e9ussi \u00e0 recoller \u00e0 5-5. <strong>Le Fran\u00e7ais a ensuite manqu\u00e9 deux balles de break \u00e0 5-5, avant de devoir sauver une balle de match \u00e0 5-6 sur son service, lors d&rsquo;un tr\u00e8s long jeu.<\/strong> Il a finalement r\u00e9ussi \u00e0 gagner son jeu et donc \u00e0 forcer son adversaire \u00e0 disputer un tie-break.<\/p>\n<p>Wawrinka toujours l\u00e0<\/p>\n<p>Lors de ce jeu d\u00e9cisif, Struff a men\u00e9 4-0, mais a perdu les cinq points suivants, et M\u00fcller, apr\u00e8s avoir manqu\u00e9 une balle de match \u00e0 6-5, a r\u00e9ussi \u00e0 conclure \u00e0 7-6. C&rsquo;est donc lui qui affrontera Tomas Etcheverry ou Mackzenzie McDonald au tour suivant. <strong>Dans le m\u00eame quart de tableau, Stan Wawrinka a \u00e9limin\u00e9 Botic van de Zandschulp sur le score de 2-6, 7-6, 7-5<\/strong> et sera donc le premier adversaire de <a href=\"https:\/\/sports.orange.fr\/tennis\/atp\/article\/atp-masters-djokovic-sera-bien-la-CNT000002ly59Y.html\" rel=\"nofollow noopener\" target=\"_blank\">Lorenzo Musetti, qui doit absolument gagner le tournoi pour se qualifier pour le Masters.<\/a><\/p>\n","protected":false},"excerpt":{"rendered":"Aur\u00e9lie Sacchelli, Media365, publi\u00e9 le lundi 03 novembre 2025 \u00e0 22h34 Alexandre M\u00fcller s&rsquo;est qualifi\u00e9 pour les huiti\u00e8mes&hellip;\n","protected":false},"author":2,"featured_media":510611,"comment_status":"","ping_status":"","sticky":false,"template":"","format":"standard","meta":{"footnotes":""},"categories":[1415],"tags":[1011,27,60,1467],"class_list":{"0":"post-510610","1":"post","2":"type-post","3":"status-publish","4":"format-standard","5":"has-post-thumbnail","7":"category-tennis","8":"tag-fr","9":"tag-france","10":"tag-sports","11":"tag-tennis"},"share_on_mastodon":{"url":"https:\/\/pubeurope.com\/@fr\/115490213288706766","error":""},"_links":{"self":[{"href":"https:\/\/www.europesays.com\/fr\/wp-json\/wp\/v2\/posts\/510610","targetHints":{"allow":["GET"]}}],"collection":[{"href":"https:\/\/www.europesays.com\/fr\/wp-json\/wp\/v2\/posts"}],"about":[{"href":"https:\/\/www.europesays.com\/fr\/wp-json\/wp\/v2\/types\/post"}],"author":[{"embeddable":true,"href":"https:\/\/www.europesays.com\/fr\/wp-json\/wp\/v2\/users\/2"}],"replies":[{"embeddable":true,"href":"https:\/\/www.europesays.com\/fr\/wp-json\/wp\/v2\/comments?post=510610"}],"version-history":[{"count":0,"href":"https:\/\/www.europesays.com\/fr\/wp-json\/wp\/v2\/posts\/510610\/revisions"}],"wp:featuredmedia":[{"embeddable":true,"href":"https:\/\/www.europesays.com\/fr\/wp-json\/wp\/v2\/media\/510611"}],"wp:attachment":[{"href":"https:\/\/www.europesays.com\/fr\/wp-json\/wp\/v2\/media?parent=510610"}],"wp:term":[{"taxonomy":"category","embeddable":true,"href":"https:\/\/www.europesays.com\/fr\/wp-json\/wp\/v2\/categories?post=510610"},{"taxonomy":"post_tag","embeddable":true,"href":"https:\/\/www.europesays.com\/fr\/wp-json\/wp\/v2\/tags?post=510610"}],"curies":[{"name":"wp","href":"https:\/\/api.w.org\/{rel}","templated":true}]}}