{"id":510612,"date":"2025-11-04T07:22:17","date_gmt":"2025-11-04T07:22:17","guid":{"rendered":"https:\/\/www.europesays.com\/fr\/510612\/"},"modified":"2025-11-04T07:22:17","modified_gmt":"2025-11-04T07:22:17","slug":"un-an-de-plus-pour-odd-christian-eiking-actualite","status":"publish","type":"post","link":"https:\/\/www.europesays.com\/fr\/510612\/","title":{"rendered":"Un an de plus pour Odd Christian Eiking &#8211; Actualit\u00e9"},"content":{"rendered":"<p style=\"text-align: justify;\">Odd Christian Eiking va \u00e9tendre son bail d&rsquo;une ann\u00e9e, avec Unibet Rose Rockets, annonce la ProTeam de licence fran\u00e7aise.<\/p>\n<p><strong><a href=\"https:\/\/www.directvelo.com\/coureur\/11346\/odd-christian-eiking\" target=\"_blank\" rel=\"noopener\">Odd Christian Eiking<\/a><\/strong>, 30 ans, a termin\u00e9 3e du Tour de Sibiu cette saison, avec des 3e et 7e places d&rsquo;\u00e9tape. Il a \u00e9galement d\u00e9croch\u00e9 la 8e place de la Route d&rsquo;Occitanie, avec une 6e place d&rsquo;\u00e9tape, ou encore la 9e place du Tour de Hongrie, avec une 8e place d&rsquo;\u00e9tape.<\/p>\n<p>Toujours sur les courses par \u00e9tapes, le Norv\u00e9gien a pris la 11e place du Tour de l&rsquo;Ain et la 12e place du Tour de Gr\u00e8ce. Sur les courses d&rsquo;un jour, il a termin\u00e9 7e du Tour du Jura et 15e du\u00a0GP de l&rsquo;Industrie et de l&rsquo;Artisanat.<\/p>\n<p>Retrouvez le reste de l&rsquo;effectif d&rsquo;Unibet Rose Rockets <strong><a href=\"https:\/\/www.directvelo.com\/equipe\/9048\/unibet-tietema-rockets\" target=\"_blank\" rel=\"noopener\">en cliquant ici<\/a><\/strong>.<\/p>\n","protected":false},"excerpt":{"rendered":"Odd Christian Eiking va \u00e9tendre son bail d&rsquo;une ann\u00e9e, avec Unibet Rose Rockets, annonce la ProTeam de licence&hellip;\n","protected":false},"author":2,"featured_media":510613,"comment_status":"","ping_status":"","sticky":false,"template":"","format":"standard","meta":{"footnotes":""},"categories":[1411],"tags":[834,828,836,829,837,827,83,826,824,823,1154,207,814,817,815,816,822,821,832,211,839,1011,27,820,818,819,835,831,830,833,838,60,212,208,825],"class_list":{"0":"post-510612","1":"post","2":"type-post","3":"status-publish","4":"format-standard","5":"has-post-thumbnail","7":"category-cyclisme","8":"tag-attaque","9":"tag-belgique","10":"tag-braquet","11":"tag-bretagne","12":"tag-chute","13":"tag-competition","14":"tag-coupe-de-france","15":"tag-coureur","16":"tag-course-cyclisme","17":"tag-course-cycliste","18":"tag-cycling","19":"tag-cyclisme","20":"tag-direct","21":"tag-direct-velo","22":"tag-directvelo","23":"tag-directvelo-com","24":"tag-epreuve","25":"tag-epreuve-cycliste","26":"tag-federation-francaise-de-cyclisme","27":"tag-ffc","28":"tag-flandres","29":"tag-fr","30":"tag-france","31":"tag-live","32":"tag-live-course","33":"tag-live-epreuve","34":"tag-peloton","35":"tag-radio-peloton","36":"tag-radio-tour","37":"tag-ravitaillement","38":"tag-relance","39":"tag-sports","40":"tag-uci","41":"tag-velo","42":"tag-velos"},"share_on_mastodon":{"url":"https:\/\/pubeurope.com\/@fr\/115490229045256583","error":""},"_links":{"self":[{"href":"https:\/\/www.europesays.com\/fr\/wp-json\/wp\/v2\/posts\/510612","targetHints":{"allow":["GET"]}}],"collection":[{"href":"https:\/\/www.europesays.com\/fr\/wp-json\/wp\/v2\/posts"}],"about":[{"href":"https:\/\/www.europesays.com\/fr\/wp-json\/wp\/v2\/types\/post"}],"author":[{"embeddable":true,"href":"https:\/\/www.europesays.com\/fr\/wp-json\/wp\/v2\/users\/2"}],"replies":[{"embeddable":true,"href":"https:\/\/www.europesays.com\/fr\/wp-json\/wp\/v2\/comments?post=510612"}],"version-history":[{"count":0,"href":"https:\/\/www.europesays.com\/fr\/wp-json\/wp\/v2\/posts\/510612\/revisions"}],"wp:featuredmedia":[{"embeddable":true,"href":"https:\/\/www.europesays.com\/fr\/wp-json\/wp\/v2\/media\/510613"}],"wp:attachment":[{"href":"https:\/\/www.europesays.com\/fr\/wp-json\/wp\/v2\/media?parent=510612"}],"wp:term":[{"taxonomy":"category","embeddable":true,"href":"https:\/\/www.europesays.com\/fr\/wp-json\/wp\/v2\/categories?post=510612"},{"taxonomy":"post_tag","embeddable":true,"href":"https:\/\/www.europesays.com\/fr\/wp-json\/wp\/v2\/tags?post=510612"}],"curies":[{"name":"wp","href":"https:\/\/api.w.org\/{rel}","templated":true}]}}