{"id":510616,"date":"2025-11-04T07:24:19","date_gmt":"2025-11-04T07:24:19","guid":{"rendered":"https:\/\/www.europesays.com\/fr\/510616\/"},"modified":"2025-11-04T07:24:19","modified_gmt":"2025-11-04T07:24:19","slug":"jean-paul-rouve-incarnera-samuel-paty-dans-un-film-attendu-en-2026","status":"publish","type":"post","link":"https:\/\/www.europesays.com\/fr\/510616\/","title":{"rendered":"Jean-Paul Rouve incarnera Samuel Paty dans un film attendu en 2026"},"content":{"rendered":"<p>Apr\u00e8s une pi\u00e8ce de th\u00e9\u00e2tre, un film. En 2026, <strong>la terrible histoire de Samuel Paty sera port\u00e9e \u00e0 l\u2019\u00e9cran.<\/strong> Comme l\u2019indique Le Monde, c\u2019est <strong>Jean-Paul Rouve qui a \u00e9t\u00e9 choisi pour jouer le r\u00f4le du professeur<\/strong> assassin\u00e9 au coll\u00e8ge de Conflans-Sainte-Honorine en 2020.\u00a0<\/p>\n<p>Pour rappel, le professeur d\u2019histoire-g\u00e9ographie <strong>se faisait tuer le 16 octobre 2020.<\/strong> Dix jours auparavant, il montrait \u00e0 ses \u00e9l\u00e8ves de 4e, deux\u00a0caricatures de Mahomet\u00a0issues du journal satirique\u00a0Charlie Hebdo\u00a0au cours d&rsquo;un cours d&rsquo;enseignement moral et civique\u00a0sur la\u00a0libert\u00e9 d&rsquo;expression.<\/p>\n<p>Avant Jean-Paul Rouve, Carole Bouquet a \u00ab\u00a0rendu hommage\u00a0\u00bb \u00e0 Samuel Paty<\/p>\n<p>Depuis sa disparition, une pi\u00e8ce de th\u00e9\u00e2tre a vu le jour : <strong>Le Professeur,<\/strong> une lecture-performance mise en sc\u00e8ne par Muriel Mayette-Holtz qui revient sur la derni\u00e8re semaine de vie de Samuel Paty . <\/p>\n<p>La pi\u00e8ce, \u00e9crite par \u00c9milie Fr\u00e8che en collaboration avec l&rsquo;une des s\u0153urs de Samuel Paty, est jou\u00e9e depuis octobre au Th\u00e9\u00e2tre de la Scala \u00e0 Paris, <a href=\"https:\/\/www.public.fr\/assassinat-de-samuel-paty-carole-bouquet-decroche-un-role-important\" target=\"_blank\" rel=\"noopener\">gr\u00e2ce \u00e0 Carole Bouquet.<\/a><\/p>\n<p>En effet, la com\u00e9dienne a \u00e9t\u00e9 choisie pour jouer cette pi\u00e8ce dans le 10e arrondissement de Paris depuis le d\u00e9but du mois d\u2019octobre et y parvient avec brio malgr\u00e9 <a href=\"https:\/\/www.public.fr\/du-mal-a-comprendre-ses-phrases-carole-bouquet-seffondre-en-pleine-representation-au-theatre\" target=\"_blank\" rel=\"noopener\">une frayeur suite \u00e0 un malaise le 15 octobre dernier.\u00a0<\/a><\/p>\n<p>Le com\u00e9dien va incarner le professeur assassin\u00e9 sur le grand \u00e9cran<\/p>\n<p>D\u00e9sormais, en plus d\u2019une pi\u00e8ce de th\u00e9\u00e2tre retra\u00e7ant les derniers instants du professeur d\u2019histoire-g\u00e9ographie, <strong>un film va \u00e9galement revenir sur son histoire<\/strong>, en partie gr\u00e2ce \u00e0 Jean-Paul Rouve comme l\u2019annonce Le Monde.<\/p>\n<p>Nos confr\u00e8res indiquent que le com\u00e9dien de 58 ans <strong>va incarner le professeur assassin\u00e9<\/strong> en octobre 2020 dans un film pr\u00e9vu pour 2026. Un long-m\u00e9trage qui s\u2019intitule <strong>Le Silence de Dieu<\/strong> et mis en sc\u00e8ne par\u00a0Stephan Streker.\u00a0<\/p>\n<p>Comme le pr\u00e9cise Allocin\u00e9, il s\u2019agit d\u2019un cin\u00e9aste belge, ancien journaliste, qui a notamment r\u00e9alis\u00e9 le film\u00a0<strong>L&rsquo;Ennemi<\/strong>\u00a0qui revenait sur l&rsquo;affaire Wesphael. Il va n\u00e9anmoins falloir se montrer patient pour en savoir plus. En effet, aucun autre d\u00e9tail n\u2019a filtr\u00e9 concernant le projet \u00e0 venir en 2026.<\/p>\n<p>Mais ce long-m\u00e9trage avec Jean-Paul Rouve ne serait pas le seul projet en lien avec Samuel Paty et l\u2019attentat dont il a \u00e9t\u00e9 victime. \u00c9cran Total indiquait en effet dans son magazine, en septembre 2024, qu\u2019unitaire se trouvait en cours de production ou pr\u00e9-production. Cet autre projet portera le nom de <strong>La Rumeur <\/strong>et sera \u00e9crit par Alice G\u00e9raud et r\u00e9alis\u00e9 par Rodolphe Tissot.<\/p>\n<p>\n          Hits &amp; People en continu\n        <\/p>\n<p>\n          Public Radio\n        <\/p>\n<p>      Mentionn\u00e9s dans cet article<\/p>\n<p>      Sur le m\u00eame sujet<\/p>\n","protected":false},"excerpt":{"rendered":"Apr\u00e8s une pi\u00e8ce de th\u00e9\u00e2tre, un film. En 2026, la terrible histoire de Samuel Paty sera port\u00e9e \u00e0&hellip;\n","protected":false},"author":2,"featured_media":510617,"comment_status":"","ping_status":"","sticky":false,"template":"","format":"standard","meta":{"footnotes":""},"categories":[1359],"tags":[5581,42573,58,59,1011,27,1629,973,1254],"class_list":{"0":"post-510616","1":"post","2":"type-post","3":"status-publish","4":"format-standard","5":"has-post-thumbnail","7":"category-people","8":"tag-attentat","9":"tag-carole-bouquet","10":"tag-divertissement","11":"tag-entertainment","12":"tag-fr","13":"tag-france","14":"tag-jean-paul-rouve","15":"tag-people","16":"tag-terrorisme"},"share_on_mastodon":{"url":"https:\/\/pubeurope.com\/@fr\/115490237035541146","error":""},"_links":{"self":[{"href":"https:\/\/www.europesays.com\/fr\/wp-json\/wp\/v2\/posts\/510616","targetHints":{"allow":["GET"]}}],"collection":[{"href":"https:\/\/www.europesays.com\/fr\/wp-json\/wp\/v2\/posts"}],"about":[{"href":"https:\/\/www.europesays.com\/fr\/wp-json\/wp\/v2\/types\/post"}],"author":[{"embeddable":true,"href":"https:\/\/www.europesays.com\/fr\/wp-json\/wp\/v2\/users\/2"}],"replies":[{"embeddable":true,"href":"https:\/\/www.europesays.com\/fr\/wp-json\/wp\/v2\/comments?post=510616"}],"version-history":[{"count":0,"href":"https:\/\/www.europesays.com\/fr\/wp-json\/wp\/v2\/posts\/510616\/revisions"}],"wp:featuredmedia":[{"embeddable":true,"href":"https:\/\/www.europesays.com\/fr\/wp-json\/wp\/v2\/media\/510617"}],"wp:attachment":[{"href":"https:\/\/www.europesays.com\/fr\/wp-json\/wp\/v2\/media?parent=510616"}],"wp:term":[{"taxonomy":"category","embeddable":true,"href":"https:\/\/www.europesays.com\/fr\/wp-json\/wp\/v2\/categories?post=510616"},{"taxonomy":"post_tag","embeddable":true,"href":"https:\/\/www.europesays.com\/fr\/wp-json\/wp\/v2\/tags?post=510616"}],"curies":[{"name":"wp","href":"https:\/\/api.w.org\/{rel}","templated":true}]}}