{"id":510624,"date":"2025-11-04T07:29:14","date_gmt":"2025-11-04T07:29:14","guid":{"rendered":"https:\/\/www.europesays.com\/fr\/510624\/"},"modified":"2025-11-04T07:29:14","modified_gmt":"2025-11-04T07:29:14","slug":"eva-green-seule-ma-mere-a-pu-le-gouter-la-fille-de-marlene-jobert-sest-lancee-dans-un-business-inattendu-au-japon-et-des-images-en-disent-long-sur-son-changement","status":"publish","type":"post","link":"https:\/\/www.europesays.com\/fr\/510624\/","title":{"rendered":"Eva Green, \u00ab\u00a0Seule ma m\u00e8re a pu le go\u00fbter\u00a0\u00bb : la fille de Marl\u00e8ne Jobert s\u2019est lanc\u00e9e dans un business inattendu au Japon\u2026 et des images en disent long sur son changement"},"content":{"rendered":"<p>            <img loading=\"lazy\" decoding=\"async\" src=\"https:\/\/www.europesays.com\/fr\/wp-content\/uploads\/2025\/04\/145-6602e1ce8ddc4-35x35-1.jpg\" class=\"author-article-picture\" width=\"35\" height=\"35\"\/><\/p>\n<p>                Par<br \/>\n                                    <a class=\"author-article-bio-link\" href=\"https:\/\/www.purepeople.com\/auteur\/lucie-gosselin_a145\" rel=\"nofollow noopener\" target=\"_blank\">Lucie Gosselin<\/a><br \/>\n                                                    | R\u00e9dactrice<\/p>\n<p>\n                Journaliste passionn\u00e9e, depuis plus de 10 ans, je r\u00e9alise des enqu\u00eates, des portraits, des reportages ou des interviews.\n            <\/p>\n<p>\n    Alors que Marl\u00e8ne Jobert c\u00e9l\u00e8bre ses 85 ans, sa fille Eva Green d\u00e9voile une facette d\u2019elle que l\u2019on ne soup\u00e7onnait pas. La com\u00e9dienne, d&rsquo;ordinaire myst\u00e9rieuse, s\u2019est engag\u00e9e dans un projet singulier mais tr\u00e8s concret au Japon. Un choix qui met en lumi\u00e8re une dimension plus personnelle de l&rsquo;ancienne James Bond girl.\n<\/p>\n<p>                            <img loading=\"lazy\" decoding=\"async\" class=\"player-thumbnail\" src=\"https:\/\/www.europesays.com\/fr\/wp-content\/uploads\/2025\/11\/f339c95c7999a54e-580x326-2.jpg\" width=\"580\" height=\"326\"\/><\/p>\n<p>                    Eva Green, \u00ab\u00a0Seule ma m\u00e8re a pu le go\u00fbter\u00a0\u00bb : la fille de Marl\u00e8ne Jobert s\u2019est lanc\u00e9e dans un business inattendu au Japon\u2026 et des images en disent long sur son changement<\/p>\n<p>La suite apr\u00e8s la publicit\u00e9<\/p>\n<p>\u00c0 l\u2019image de Vesper Lynd, la James Bond girl qu\u2019elle incarnait dans Casino Royale il y a pr\u00e8s de vingt ans aux c\u00f4t\u00e9s de <a href=\"https:\/\/www.purepeople.com\/people\/daniel-craig_p604\" rel=\"nofollow noopener\" target=\"_blank\">Daniel Craig<\/a>, la personnalit\u00e9 d\u2019<a href=\"https:\/\/www.purepeople.com\/people\/eva-green_p688\" rel=\"nofollow noopener\" target=\"_blank\">Eva Green<\/a> semble entour\u00e9e d\u2019un halo de myst\u00e8re. Une \u00e9nigme qu\u2019elle cultive de surcro\u00eet en se faisant tr\u00e8s rare dans la sph\u00e8re publique, elle dont les prises de parole et les apparitions sont tr\u00e8s calibr\u00e9es. Une femme \u00e0 qui le bleu de ses yeux, le brun de ses cheveux <strong>conf\u00e8rent une froide beaut\u00e9 qui semble en faire un objet plus lointain encore<\/strong>.<\/p>\n<p>Qui est vraiment la fille de <a href=\"https:\/\/www.purepeople.com\/people\/marlene-jobert_p993\" rel=\"nofollow noopener\" target=\"_blank\">Marl\u00e8ne Jobert<\/a>, sa c\u00e9l\u00e8bre maman, <a href=\"https:\/\/www.purepeople.com\/article\/marlene-jobert-sans-fard-sur-sa-maniere-de-contrer-le-temps-j-ai-fait-un-leger-lifting-a_a521615\/1\" rel=\"nofollow noopener\" target=\"_blank\">qui f\u00eate ce 4 novembre ses 85 ans<\/a> ? \u00c0 l\u2019instar de la vie de son p\u00e8re, Walter Green, ce chirurgien franco-su\u00e9dois qui partage la vie de sa m\u00e8re depuis un demi-si\u00e8cle, l\u2019existence d\u2019Eva Green para\u00eet insondable. <strong>\u00ab\u00a0\u00c9trange. Gothique. Insaisissable. Farouche\u00a0\u00bb<\/strong>, \u00e9crivaient m\u00eame nos confr\u00e8res du Figaro en novembre 2023 en pr\u00e9ambule d\u2019une interview de la star. Un entretien, obtenu dans le cadre de la promotion du film Les Trois Mousquetaires : Milady, qui permettait de mieux la cerner.\u00a0<\/p>\n<p>\u00ab\u00a0Aujourd\u2019hui, quand un sc\u00e9nario commence par \u00abmyst\u00e9rieuse et fatale\u00bb, je n\u2019ai qu\u2019une envie : le refermer imm\u00e9diatement&#8230;\u00a0\u00bb, confiait-elle, comme pour expliquer qu\u2019elle souhaitait justement se d\u00e9marquer de cette image qui lui colle \u00e0 la peau. Elle a d\u2019ailleurs, pour cette m\u00eame raison, failli refuser ce r\u00f4le de Milady <a href=\"https:\/\/www.purepeople.com\/article\/eva-green-a-blesse-francois-civil-sur-le-tournage-des-trois-mousquetaires-elle-s-explique_a517312\/1\" rel=\"nofollow noopener\" target=\"_blank\">qui a d&rsquo;ailleurs failli lui co\u00fbter la vie<\/a>. \u00ab\u00a0C\u2019est une femme fatale, myst\u00e9rieuse et manipulatrice. Quand on m\u2019a approch\u00e9e pour le r\u00f4le, j\u2019ai d\u2019abord \u00e9t\u00e9 r\u00e9ticente : <strong>on a tendance \u00e0 m\u2019enfermer dans cette case<\/strong>. C\u2019est en d\u00e9couvrant qu\u2019elle avait plus de chair et des fissures que je me suis laiss\u00e9e tenter&#8230;\u00a0\u00bb<\/p>\n<p>Une fa\u00e7on de fendre l\u2019armure pour <a href=\"https:\/\/www.purepeople.com\/article\/eva-green-tres-discrete-en-amour-l-actrice-explique-pourquoi-elle-n-a-pas-d-enfant_a517492\/1\" rel=\"nofollow noopener\" target=\"_blank\">l&rsquo;actrice, tr\u00e8s discr\u00e8te, notamment sur ses amours<\/a> ? Peut-\u00eatre. \u00ab\u00a0Je suis toujours en qu\u00eate d\u2019\u00e9panouissement et de paix int\u00e9rieure, mais j\u2019apprends peu \u00e0 peu \u00e0 sortir de ma n\u00e9buleuse\u00a0\u00bb, expliquait-elle aussi \u00e0 nos confr\u00e8res. Faut-il voir dans <strong>la surprenante entreprise dans laquelle Eva Green s\u2019est r\u00e9cemment lanc\u00e9e<\/strong> le signe d\u2019une pl\u00e9nitude enfin trouv\u00e9e ? Une fois n\u2019est pas coutume, gr\u00e2ce \u00e0 ce nouveau projet, elle semble s\u2019ouvrir au monde comme elle ne l\u2019a jamais fait. Se d\u00e9voiler sous un jour qu\u2019on n\u2019avait encore jamais vu poindre chez elle.<\/p>\n<p>\u00a0<\/p>\n<p>Eva Green, la fille de Marl\u00e8ne Jobert est tomb\u00e9e amoureuse du Japon<\/p>\n<p>\u00a0<\/p>\n<p>L\u2019information n\u2019a pas fait la une des journaux. C\u2019est \u00e0 l\u2019occasion d\u2019un entretien accord\u00e9 au quotidien Le Monde -et qui a \u00e9t\u00e9 peu repris- que l\u2019actrice a r\u00e9v\u00e9l\u00e9 sa nouvelle activit\u00e9. \u00c9trangement, ses propos prenaient place dans la rubrique Vins &amp; autres plaisirs liquides, une incongruit\u00e9 que le lecteur n\u2019allait pas tarder \u00e0 comprendre : <strong>Eva Green s\u2019est en effet lanc\u00e9e, il y a quelques mois, dans la production d\u2019alcool !<\/strong><\/p>\n<p>C\u2019est au <strong>Japon, pays dont elle apprend la langue<\/strong> et qui la fascine depuis de longues ann\u00e9es, \u00ab\u00a0notamment pour sa nourriture tr\u00e8s d\u00e9licate\u00a0\u00bb, pr\u00e9cise-t-elle au Monde, que la com\u00e9dienne, <a href=\"https:\/\/www.purepeople.com\/article\/josephine-jobert-evoque-ses-relations-distendues-avec-ses-cousines-eva-green-et-elsa-lunghini-c-est-la-vie_a517145\/1\" rel=\"nofollow noopener\" target=\"_blank\">dont la cousine est tr\u00e8s connue,<\/a> a lanc\u00e9 son business. Le produit est on ne peut plus local puisqu\u2019il s\u2019agit du sak\u00e9. C\u2019est \u00ab\u00a0vite devenu une obsession\u00a0\u00bb, avoue-t-elle. Apr\u00e8s avoir collect\u00e9 des informations sur Internet et \u00e9chang\u00e9 avec son meilleur ami, Hadrien Wolff, le fils de son professeur d\u2019art dramatique, qui a v\u00e9cu au pays du Soleil-Levant et qu\u2019elle conna\u00eet depuis vingt ans, elle a d\u00e9cid\u00e9 de tenter l&rsquo;aventure entrepreunariale. \u00ab\u00a0<strong>Nous avons suivi une formation d\u2019une semaine sur le sak\u00e9<\/strong>, chez moi, \u00e0 Paris. On en a go\u00fbt\u00e9 toutes sortes, des froids et des chauds traditionnels, avec des levures naturelles, aux ar\u00f4mes de sous-bois. J\u2019ai appris \u00e0 m\u00e2cher des aliments avec cette boisson, parce qu\u2019elle fait ressortir certaines saveurs\u00a0\u00bb, d\u00e9taille l\u2019actrice dans les colonnes de nos confr\u00e8res.<\/p>\n<p>\u00a0<\/p>\n<p>Eva Green et son associ\u00e9 ont produit 2700 bouteilles de sak\u00e9 \u00e0 destination de l&rsquo;Europe<\/p>\n<p>Profitant d\u2019une pause dans son planning de tournage, Eva Green, <a href=\"https:\/\/www.purepeople.com\/article\/marlene-jobert-pourquoi-tout-oppose-ses-deux-filles-jumelles-l-une-actrice-glamour-l-autre-viticultrice-terrienne_a529232\/1\" rel=\"nofollow noopener\" target=\"_blank\">dont la s\u0153ur jumelle, Joy, travaille aussi dans la production d&rsquo;alcool<\/a>, s\u2019est rendue dans la campagne japonaise pour approfondir ses connaissances, voir comment on y fabriquait ce spiritueux. \u00ab\u00a0<strong>J\u2019ai vu des familles produire le sak\u00e9 de mani\u00e8re joyeuse. Cela m\u2019a plu<\/strong>\u00ab\u00a0, r\u00e9sume-t-elle.<\/p>\n<p>Et c\u2019est ainsi qu\u2019elle et son ami ont d\u00e9but\u00e9. \u00ab\u00a0Avec Hadrien, explique-t-elle, on a produit notre sak\u00e9 dans la brasserie traditionnelle Kuninocho, pr\u00e8s d\u2019Osaka, avec l\u2019aide du ma\u00eetre brasseur Guillaume Ozanne, un Fran\u00e7ais qui est brasseur de sak\u00e9 \u00e0 Kyoto depuis 2013.\u00a0\u00bb Les deux associ\u00e9s ont d\u00e9cid\u00e9 de nommer leur cr\u00e9ation Seiun, \u00abn\u00e9buleuse\u00bb en japonais. Ils en ont produit 2700 bouteilles. \u00c9tonnamment, le public vis\u00e9 est europ\u00e9en, la consommation de ce breuvage \u00e9tant pass\u00e9e de mode dans la monarchie nippone. <strong>Les premi\u00e8res bouteilles devaient arriver dans les restaurants et chez les cavistes d\u00e9but septembre<\/strong>, en France et en Belgique.<\/p>\n<p>De l\u2019aveu de sa cr\u00e9atrice, ce breuvage qui titre \u00e0 8 degr\u00e9s est \u00e0 boire en ap\u00e9ritif. L\u00e9g\u00e8rement p\u00e9tillant, non filtr\u00e9, il contient, dit-elle, \u00ab\u00a0une levure l\u00e9g\u00e8rement connot\u00e9e sur les agrumes qui ouvre l\u2019app\u00e9tit.\u00a0\u00bb De l\u2019avis des sp\u00e9cialistes \u00e0 qui elle l\u2019a fait go\u00fbter, la boisson correspondrait au go\u00fbt d\u2019une nouvelle g\u00e9n\u00e9ration. L\u2019avenir dira s\u2019il rencontre du succ\u00e8s sur notre continent.<\/p>\n<p>\u00a0<\/p>\n<p>\u00ab\u00a0Je ne suis pas s\u00fbre que \u00e7a lui plaise\u00a0\u00bb, consid\u00e8re la com\u00e9dienne en \u00e9voquant les go\u00fbts de son p\u00e8re<\/p>\n<p>\u00a0<\/p>\n<p><strong>Parmi les premi\u00e8res personnes \u00e0 avoir eu la chance de d\u00e9guster le produit figure Marl\u00e8ne Jobert elle-m\u00eame<\/strong>. \u00ab\u00a0Elle a \u00e9t\u00e9 mon cobaye\u00a0\u00bb, s\u2019amuse sa fille, qui raconte avoir fait des tests sur elle avec des \u00e9chantillons plus ou moins p\u00e9tillants, plus ou moins acides. \u00ab\u00a0Elle ne connaissait pas trop le sak\u00e9, son go\u00fbt irait plut\u00f4t \u00e0 ceux qui sont fleuris. Le n\u00f4tre l\u2019a surprise, car il n\u2019est pas sur ce registre. (&#8230;) Quant \u00e0 mon p\u00e8re, je ne suis pas s\u00fbre que \u00e7a lui plaise\u00a0\u00bb, <strong>conclut l\u2019artiste devenue artisane<\/strong>.<\/p>\n<p>Et il semble que <strong>ce changement ait eu des incidences notables sur la vie de l\u2019actrice<\/strong>. Il suffit, pour s\u2019en convaincre, d\u2019aller faire un petit tour sur son compte Instagram. Si Eva Green a toujours su m\u00ealer intelligemment les posts promotionnels -sur lesquels elle vante les m\u00e9rites de son dernier film ou la couverture glac\u00e9e du magazine sur laquelle elle pose-, ces derni\u00e8res semaines, <strong>elle d\u00e9voile des pans plus personnels de sa vie<\/strong>. Et notamment de sa vie au Japon, autour de la fabrication du sak\u00e9.\u00a0<\/p>\n<p>Accoutr\u00e9e comme une laborantine, dans une tenue immacul\u00e9e, elle se montre au travail, les mains dans le riz ferment\u00e9 ou remuant le pr\u00e9cieux liquide dans des barriques \u00e0 l\u2019aide de grosses cuill\u00e8res en bois. <strong>Une travailleuse de ses mains<\/strong>, proche de la vie r\u00e9elle, \u00e0 mille lieues de l\u2019image glamour et inaccessible qu\u2019elle v\u00e9hiculait sur son r\u00e9seau social. Une nouvelle activit\u00e9, que cet article de nos confr\u00e8res met en lumi\u00e8re, comme une renaissance !<\/p>\n<p>        <img decoding=\"async\" class=\"thumb-img-100 thumb-img\" src=\"https:\/\/www.europesays.com\/fr\/wp-content\/uploads\/2025\/11\/7822334-joyeux-anniversaire-marlene-jobert-mar-320x180-3.jpg\" alt=\"&quot;Une cicatrice de 13 centim\u00e8tres sur le visage&quot; : Marl\u00e8ne Jobert sauv\u00e9e par la chirurgie apr\u00e8s le d\u00e9rapage de sa voiture\" width=\"320\" height=\"180\" loading=\"lazy\" role=\"presentation\"\/><\/p>\n<p>                                            \u00ab\u00a0Une cicatrice de 13 centim\u00e8tres sur le visage\u00a0\u00bb : Marl\u00e8ne Jobert sauv\u00e9e par la chirurgie apr\u00e8s le d\u00e9rapage de sa voiture<\/p>\n","protected":false},"excerpt":{"rendered":"Par Lucie Gosselin | R\u00e9dactrice Journaliste passionn\u00e9e, depuis plus de 10 ans, je r\u00e9alise des enqu\u00eates, des portraits,&hellip;\n","protected":false},"author":2,"featured_media":510625,"comment_status":"","ping_status":"","sticky":false,"template":"","format":"standard","meta":{"footnotes":""},"categories":[1354],"tags":[58,59,1346,1011,27,1360],"class_list":{"0":"post-510624","1":"post","2":"type-post","3":"status-publish","4":"format-standard","5":"has-post-thumbnail","7":"category-films","8":"tag-divertissement","9":"tag-entertainment","10":"tag-films","11":"tag-fr","12":"tag-france","13":"tag-movies"},"share_on_mastodon":{"url":"https:\/\/pubeurope.com\/@fr\/115490256963857509","error":""},"_links":{"self":[{"href":"https:\/\/www.europesays.com\/fr\/wp-json\/wp\/v2\/posts\/510624","targetHints":{"allow":["GET"]}}],"collection":[{"href":"https:\/\/www.europesays.com\/fr\/wp-json\/wp\/v2\/posts"}],"about":[{"href":"https:\/\/www.europesays.com\/fr\/wp-json\/wp\/v2\/types\/post"}],"author":[{"embeddable":true,"href":"https:\/\/www.europesays.com\/fr\/wp-json\/wp\/v2\/users\/2"}],"replies":[{"embeddable":true,"href":"https:\/\/www.europesays.com\/fr\/wp-json\/wp\/v2\/comments?post=510624"}],"version-history":[{"count":0,"href":"https:\/\/www.europesays.com\/fr\/wp-json\/wp\/v2\/posts\/510624\/revisions"}],"wp:featuredmedia":[{"embeddable":true,"href":"https:\/\/www.europesays.com\/fr\/wp-json\/wp\/v2\/media\/510625"}],"wp:attachment":[{"href":"https:\/\/www.europesays.com\/fr\/wp-json\/wp\/v2\/media?parent=510624"}],"wp:term":[{"taxonomy":"category","embeddable":true,"href":"https:\/\/www.europesays.com\/fr\/wp-json\/wp\/v2\/categories?post=510624"},{"taxonomy":"post_tag","embeddable":true,"href":"https:\/\/www.europesays.com\/fr\/wp-json\/wp\/v2\/tags?post=510624"}],"curies":[{"name":"wp","href":"https:\/\/api.w.org\/{rel}","templated":true}]}}