{"id":510638,"date":"2025-11-04T07:36:12","date_gmt":"2025-11-04T07:36:12","guid":{"rendered":"https:\/\/www.europesays.com\/fr\/510638\/"},"modified":"2025-11-04T07:36:12","modified_gmt":"2025-11-04T07:36:12","slug":"shein-donnera-les-noms-des-acheteurs-a-la-justice-si-elle-le-demande","status":"publish","type":"post","link":"https:\/\/www.europesays.com\/fr\/510638\/","title":{"rendered":"Shein donnera les noms des acheteurs \u00e0 la justice \u00absi elle le demande\u00bb"},"content":{"rendered":"<p>\n    Dans la tourmente apr\u00e8s la d\u00e9couverte de poup\u00e9es sexuelles \u00e0 l\u2019effigie d\u2019enfants en vente sur sa plateforme, l\u2019entreprise chinoise tente de prouver sa bonne foi en montrant patte blanche.<\/p>\n<p class=\"fig-paragraph\">Op\u00e9ration d\u00e9samor\u00e7age chez Shein. Dans la tourmente depuis vendredi 31 octobre apr\u00e8s\u00a0<a href=\"http:\/\/www.lefigaro.fr\/flash-actu\/shein-signale-a-la-justice-francaise-pour-la-vente-de-poupees-a-caractere-pedopornographique-20251101\" data-fig-type=\"NewsFlash\" data-gtm-custom-categorie=\"navigation\" data-gtm-custom-action=\"crossclick\" data-gtm-custom-label=\"Contextuel\" data-gtm-event=\"customEventSPE\" data-fig-domain=\"LEFIGARO\" target=\"_blank\" rel=\"noopener\">la d\u00e9couverte de poup\u00e9es sexuelles \u00e0 l\u2019effigie d\u2019enfants en vente sur sa plateforme de marketplace<\/a>\u00a0(comme sur trois autres sites, Temu, AliExpress et Wish), l\u2019entreprise veut montrer patte blanche et se dit pr\u00eate \u00e0 livrer les noms et coordonn\u00e9es des Fran\u00e7ais ayant achet\u00e9 ces objets p\u00e9dopornographiques.<\/p>\n<p class=\"fig-paragraph\">\u00abNous collaborerons \u00e0 100% avec la justice\u00a0: si elle nous demande une telle chose, nous le ferons\u00bb, a affirm\u00e9 le porte-parole de Shein en France, Quentin Ruffat,\u00a0<a href=\"https:\/\/rmc.bfmtv.com\/actualites\/economie\/scandale-des-poupees-shein-plaide-un-dysfonctionnement-interne-et-collaborera-a-100-avec-la-justice_AV-202511040225.html\" target=\"_blank\" rel=\"sponsored noopener\" data-gtm-custom-categorie=\"navigation\" data-gtm-custom-action=\"crossclick\" data-gtm-custom-label=\"Contextuel\" data-gtm-event=\"customEventSPE\">sur RMC<\/a>\u00a0ce mardi 4 novembre. Une telle demande\u00a0<a href=\"http:\/\/www.lefigaro.fr\/actualite-france\/vente-de-poupees-pedopornographiques-sarah-el-hairy-souhaite-mener-des-enquetes-sociales-chez-les-acheteurs-20251103\" data-fig-type=\"NewsFlash\" data-gtm-custom-categorie=\"navigation\" data-gtm-custom-action=\"crossclick\" data-gtm-custom-label=\"Contextuel\" data-gtm-event=\"customEventSPE\" data-fig-domain=\"LEFIGARO\" target=\"_blank\" rel=\"noopener\">\u00e9manait notamment de la haute-commissaire \u00e0 l\u2019Enfance<\/a>, Sarah El Ha\u00efry, qui r\u00e9clamait la veille que les acheteurs de ces poup\u00e9es puissent faire l\u2019objet de \u00abcontr\u00f4les\u00bb et d\u2019\u00abenqu\u00eates sociales\u00bb. Rappelant que \u00abl\u2019achat de ces poup\u00e9es tombe sous le coup de la loi\u00bb, elle pr\u00e9venait aussi que ces objets peuvent \u00abdans certains cas, entra\u00eener un passage \u00e0 l\u2019acte\u00bb.<\/p>\n<p>                                    <a class=\"fig-a11y-skip a11y-hidden\" href=\"#fig-a11y-skip-main-inarticle\"><br \/>\n        Passer la publicit\u00e9<br \/>\n    <\/a><\/p>\n<p>\u00abUn dysfonctionnement interne\u00bb<\/p>\n<p class=\"fig-paragraph\">Plus globalement, Shein a promis de \u00abmettre en place les garde-fous n\u00e9cessaires pour que \u00e7a n\u2019arrive plus\u00bb. Soulignant que ces poup\u00e9es \u00e9taient en vente sur sa marketplace et non produites par Shein directement (la plateforme sert alors de relais entre le vendeur et ses clients), le porte-parole de l\u2019entreprise a tout de m\u00eame reconnu \u00abun dysfonctionnement interne\u00bb dans les proc\u00e9dures de la plateforme et dans sa gouvernance.<\/p>\n<p class=\"fig-paragraph\">Il n\u2019a toutefois pas expliqu\u00e9 concr\u00e8tement ce qui pouvait \u00eatre en place pour filtrer efficacement les produits mis en vente sur son site par des vendeurs tiers, assurant qu\u2019une cellule sp\u00e9cifique venait d\u2019\u00eatre cr\u00e9\u00e9e en interne pour en d\u00e9cider.<\/p>\n<p class=\"fig-paragraph\">\u00c0 quelques jours de son arriv\u00e9e au BHV \u00e0 Paris puis dans cinq Galeries Lafayette en province, la plateforme en ligne marche sur des \u0153ufs, prise pour cible par les commer\u00e7ants et les politiques. D\u00e9j\u00e0 point\u00e9e du doigt en octobre par une enqu\u00eate de l\u2019UFC-Que Choisir pour\u00a0<a href=\"http:\/\/www.lefigaro.fr\/conso\/brulure-incendie-choc-electrique-shein-et-temu-vendent-des-chargeurs-et-des-jouets-dangereux-affirme-ufc-que-choisir-20251030\" data-fig-type=\"NewsFlash\" data-gtm-custom-categorie=\"navigation\" data-gtm-custom-action=\"crossclick\" data-gtm-custom-label=\"Contextuel\" data-gtm-event=\"customEventSPE\" data-fig-domain=\"LEFIGARO\" target=\"_blank\" rel=\"noopener\">des chargeurs, jouets et bijoux dangereux et non conformes vendus sur son site<\/a>, Shein a \u00e9t\u00e9\u00a0<a href=\"http:\/\/www.lefigaro.fr\/conso\/vente-de-poupees-pedopornographiques-sur-shein-el-hairy-veut-remonter-jusqu-aux-fournisseurs-et-aux-acheteurs-20251103\" data-fig-type=\"NewsFlash\" data-gtm-custom-categorie=\"navigation\" data-gtm-custom-action=\"crossclick\" data-gtm-custom-label=\"Contextuel\" data-gtm-event=\"customEventSPE\" data-fig-domain=\"LEFIGARO\" target=\"_blank\" rel=\"noopener\">menac\u00e9e d\u2019interdiction en France par le ministre de l\u2019\u00c9conomie<\/a>\u00a0apr\u00e8s l\u2019affaire des poup\u00e9es p\u00e9dopornographiques. Quatre enqu\u00eates judiciaires ont \u00e9t\u00e9 ouvertes \u00e0 ce sujet contre Shein, Temu, AliExpress et Wish.<\/p>\n","protected":false},"excerpt":{"rendered":"Dans la tourmente apr\u00e8s la d\u00e9couverte de poup\u00e9es sexuelles \u00e0 l\u2019effigie d\u2019enfants en vente sur sa plateforme, l\u2019entreprise&hellip;\n","protected":false},"author":2,"featured_media":510639,"comment_status":"","ping_status":"","sticky":false,"template":"","format":"standard","meta":{"footnotes":""},"categories":[4],"tags":[11,49510,1011,27,12,25,1104],"class_list":{"0":"post-510638","1":"post","2":"type-post","3":"status-publish","4":"format-standard","5":"has-post-thumbnail","7":"category-france","8":"tag-actualites","9":"tag-commerce-en-ligne","10":"tag-fr","11":"tag-france","12":"tag-news","13":"tag-republique-francaise","14":"tag-shein"},"share_on_mastodon":{"url":"https:\/\/pubeurope.com\/@fr\/115490284160751172","error":""},"_links":{"self":[{"href":"https:\/\/www.europesays.com\/fr\/wp-json\/wp\/v2\/posts\/510638","targetHints":{"allow":["GET"]}}],"collection":[{"href":"https:\/\/www.europesays.com\/fr\/wp-json\/wp\/v2\/posts"}],"about":[{"href":"https:\/\/www.europesays.com\/fr\/wp-json\/wp\/v2\/types\/post"}],"author":[{"embeddable":true,"href":"https:\/\/www.europesays.com\/fr\/wp-json\/wp\/v2\/users\/2"}],"replies":[{"embeddable":true,"href":"https:\/\/www.europesays.com\/fr\/wp-json\/wp\/v2\/comments?post=510638"}],"version-history":[{"count":0,"href":"https:\/\/www.europesays.com\/fr\/wp-json\/wp\/v2\/posts\/510638\/revisions"}],"wp:featuredmedia":[{"embeddable":true,"href":"https:\/\/www.europesays.com\/fr\/wp-json\/wp\/v2\/media\/510639"}],"wp:attachment":[{"href":"https:\/\/www.europesays.com\/fr\/wp-json\/wp\/v2\/media?parent=510638"}],"wp:term":[{"taxonomy":"category","embeddable":true,"href":"https:\/\/www.europesays.com\/fr\/wp-json\/wp\/v2\/categories?post=510638"},{"taxonomy":"post_tag","embeddable":true,"href":"https:\/\/www.europesays.com\/fr\/wp-json\/wp\/v2\/tags?post=510638"}],"curies":[{"name":"wp","href":"https:\/\/api.w.org\/{rel}","templated":true}]}}