{"id":510648,"date":"2025-11-04T07:44:14","date_gmt":"2025-11-04T07:44:14","guid":{"rendered":"https:\/\/www.europesays.com\/fr\/510648\/"},"modified":"2025-11-04T07:44:14","modified_gmt":"2025-11-04T07:44:14","slug":"a-toulon-laide-a-la-scolarite-pour-favoriser-legalite-des-chances","status":"publish","type":"post","link":"https:\/\/www.europesays.com\/fr\/510648\/","title":{"rendered":"\u00c0 Toulon, l\u2019aide \u00e0 la scolarit\u00e9 pour favoriser l\u2019\u00e9galit\u00e9 des chances"},"content":{"rendered":"\n<p>La d\u00e9lib\u00e9ration portant, lors du dernier conseil municipal, sur la convention d\u2019objectifs et de financement 2025-2026 avec la Caisse d\u2019allocations familiales du Var, a permis de mettre en avant l\u2019Accueil jeunes du Las ouvert depuis le mois de f\u00e9vrier. Un lieu pour se retrouver, \u00e9changer et s\u2019informer dont les objectifs vont de la responsabilisation des adolescents \u00e0 l\u2019acceptation de la diff\u00e9rence en passant par l\u2019entraide ou la prise d\u2019initiatives. Et ce en proposant de nombreuses activit\u00e9s en partenariat avec la mission locale des jeunes toulonnais, la Ligue varoise de pr\u00e9vention, la Maison de l\u2019\u00e9tudiant et de l\u2019information jeunesse. Un accueil qui, comme il a \u00e9t\u00e9 rappel\u00e9 \u00ab\u00a0r\u00e9pond aux besoins du territoire de l\u2019ouest de Toulon\u00a0\u00bb.<\/p>\n<p>La CAF vient de lui accorder une subvention dans le cadre du Contrat local d\u2019accompagnement \u00e0 la scolarit\u00e9 des enfants du primaire au lyc\u00e9e. \u00ab\u00a0\u00c0 ce titre, il vise une meilleure \u00e9galit\u00e9 des chances et la pr\u00e9vention de l\u2019\u00e9chec scolaire\u00a0\u00bb, a mis en avant la maire de Toulon Jos\u00e9e Massi (SE). Les actions qui seront mises en place dans le cadre de ce dispositif auront lieu en dehors du temps de l\u2019\u00e9cole et seront distinctes des actions d\u2019aide individualis\u00e9e ou de soutien scolaire des \u00e9tablissements scolaires. Mais seront toutefois articul\u00e9es avec les projets de ces derniers.<\/p>\n<p>Centr\u00e9es sur le jeune, elles doivent susciter son adh\u00e9sion et faciliter les relations entre les familles et les \u00e9quipes \u00e9ducatives. L\u2019objectif \u00e9tant aussi d\u2019accompagner et aider les parents dans le suivi et la compr\u00e9hension de la scolarit\u00e9 de leurs enfants. Le montant de la prestation de service vers\u00e9e par la CAF est \u00e9gal \u00e0 32,5%des d\u00e9penses de fonctionnement des actions conduites aupr\u00e8s d\u2019un groupe de 8 \u00e0 12\u00a0enfants, \u00e9valu\u00e9es \u00e0 5\u00a0516\u00a0euros.<\/p>\n","protected":false},"excerpt":{"rendered":"La d\u00e9lib\u00e9ration portant, lors du dernier conseil municipal, sur la convention d\u2019objectifs et de financement 2025-2026 avec la&hellip;\n","protected":false},"author":2,"featured_media":510649,"comment_status":"","ping_status":"","sticky":false,"template":"","format":"standard","meta":{"footnotes":""},"categories":[9619],"tags":[1111,11,1057,1777,674,1011,27,12,882,25,2310],"class_list":{"0":"post-510648","1":"post","2":"type-post","3":"status-publish","4":"format-standard","5":"has-post-thumbnail","7":"category-toulon","8":"tag-actu","9":"tag-actualites","10":"tag-education","11":"tag-eu","12":"tag-europe","13":"tag-fr","14":"tag-france","15":"tag-news","16":"tag-provence-alpes-cote-dazur","17":"tag-republique-francaise","18":"tag-toulon"},"share_on_mastodon":{"url":"https:\/\/pubeurope.com\/@fr\/115490315529140782","error":""},"_links":{"self":[{"href":"https:\/\/www.europesays.com\/fr\/wp-json\/wp\/v2\/posts\/510648","targetHints":{"allow":["GET"]}}],"collection":[{"href":"https:\/\/www.europesays.com\/fr\/wp-json\/wp\/v2\/posts"}],"about":[{"href":"https:\/\/www.europesays.com\/fr\/wp-json\/wp\/v2\/types\/post"}],"author":[{"embeddable":true,"href":"https:\/\/www.europesays.com\/fr\/wp-json\/wp\/v2\/users\/2"}],"replies":[{"embeddable":true,"href":"https:\/\/www.europesays.com\/fr\/wp-json\/wp\/v2\/comments?post=510648"}],"version-history":[{"count":0,"href":"https:\/\/www.europesays.com\/fr\/wp-json\/wp\/v2\/posts\/510648\/revisions"}],"wp:featuredmedia":[{"embeddable":true,"href":"https:\/\/www.europesays.com\/fr\/wp-json\/wp\/v2\/media\/510649"}],"wp:attachment":[{"href":"https:\/\/www.europesays.com\/fr\/wp-json\/wp\/v2\/media?parent=510648"}],"wp:term":[{"taxonomy":"category","embeddable":true,"href":"https:\/\/www.europesays.com\/fr\/wp-json\/wp\/v2\/categories?post=510648"},{"taxonomy":"post_tag","embeddable":true,"href":"https:\/\/www.europesays.com\/fr\/wp-json\/wp\/v2\/tags?post=510648"}],"curies":[{"name":"wp","href":"https:\/\/api.w.org\/{rel}","templated":true}]}}