{"id":51065,"date":"2025-04-25T06:16:09","date_gmt":"2025-04-25T06:16:09","guid":{"rendered":"https:\/\/www.europesays.com\/fr\/51065\/"},"modified":"2025-04-25T06:16:09","modified_gmt":"2025-04-25T06:16:09","slug":"negociations-compliquees-entre-dayot-upamecano","status":"publish","type":"post","link":"https:\/\/www.europesays.com\/fr\/51065\/","title":{"rendered":"N\u00e9gociations compliqu\u00e9es entre Dayot Upamecano &#8230;"},"content":{"rendered":"<p><img width=\"780\" height=\"470\" src=\"https:\/\/www.europesays.com\/fr\/wp-content\/uploads\/2025\/04\/1200-L-equipe-de-france-une-grosse-prolongation-venir-pour-upamecano-780x470.jpg\" class=\"attachment-jannah-image-post size-jannah-image-post wp-post-image\" alt=\"Dayot Upamecano\" is_main_img=\"1\" decoding=\"async\" fetchpriority=\"high\"\/><br \/>\n Image : Icon<br \/>\nSport<\/p>\n<p>Le malheur des uns fait le bonheur des autres. Une r\u00e8gle qui<br \/>\nfonctionne \u00e9galement sur le march\u00e9 des transferts. En effet, les<br \/>\ndiscussions au ralenti entre le <strong>Bayern Munich<\/strong> et<br \/>\n<strong>Dayot Upamecano<\/strong>, am\u00e8nent le <strong>PSG<\/strong><br \/>\ndans le dossier.<\/p>\n<p>En d\u00e9fense au <strong><a href=\"https:\/\/canal-supporters.com\/\" target=\"_blank\" rel=\"noopener\">Paris Saint-Germain<\/a><\/strong>,<br \/>\nla paire <strong>Marquinhos<\/strong> et <strong>Willian<br \/>\nPacho<\/strong> s\u2019installe comme la charni\u00e8re centrale titulaire.<br \/>\nCependant, \u00e0 30 ans et apr\u00e8s douze ans en <strong>Rouge &amp;<br \/>\nBleu<\/strong>, le capitaine et br\u00e9silien pourrait ne pas disputer<br \/>\nencore beaucoup de saisons sous les cieux parisiens. Ainsi, sur le<br \/>\nmarch\u00e9 des transferts, les dirigeants parisiens auront gros \u00e0 faire<br \/>\nlorsqu\u2019il faudra chercher le rempla\u00e7ant de<br \/>\n<strong>Marquinhos<\/strong>. Dans ce contexte, le nom du club de la<br \/>\ncapitale a \u00e9t\u00e9 associ\u00e9 \u00e0 <strong>Dayot Upamecano<\/strong> ces<br \/>\nderni\u00e8res heures en Allemagne. En effet, sous contrat avec le club<br \/>\nde la Bavi\u00e8re jusqu\u2019en juin 2026, le d\u00e9fenseur central et son clan<br \/>\nattendent une revalorisation salariale ainsi qu\u2019une revue \u00e0 la<br \/>\nbaisse de la clause lib\u00e9ratoire, aujourd\u2019hui \u00e0 120M\u20ac. C\u2019est en tous<br \/>\ncas ce qu\u2019affirme le site <a href=\"https:\/\/cfbayerninsider.com\/2025\/04\/dayot-upamecano-bayern-contract-talks\/\" target=\"_blank\" rel=\"noopener\"><br \/>\ncfbayerninsider<\/a>, qui d\u00e9taille que ces conditions font donc<br \/>\nralentir les pourparlers, ce qui pourrait \u00eatre une r\u00e9elle<br \/>\nopportunit\u00e9 pour <strong>Moussa Sissoko<\/strong>, l\u2019agent, de<br \/>\nplacer un nouveau de ses joueurs au <strong>Paris<br \/>\nSaint-Germain<\/strong>.<\/p>\n<\/p>\n<p>YouTube : <a href=\"https:\/\/www.youtube.com\/watch?v=d4AofwndXbI&amp;t=50s\" target=\"_blank\" rel=\"noopener\">Canal<br \/>\nSupporters Paris<\/a><\/p>\n","protected":false},"excerpt":{"rendered":"Image : Icon Sport Le malheur des uns fait le bonheur des autres. Une r\u00e8gle qui fonctionne \u00e9galement&hellip;\n","protected":false},"author":2,"featured_media":51066,"comment_status":"","ping_status":"","sticky":false,"template":"","format":"standard","meta":{"footnotes":""},"categories":[1410],"tags":[4782,81,4784,63,1011,27,1434,10555,1435,91,92,93,60,96,14395,14396],"class_list":{"0":"post-51065","1":"post","2":"type-post","3":"status-publish","4":"format-standard","5":"has-post-thumbnail","7":"category-football","8":"tag-bayern-munich","9":"tag-canal-supporters","10":"tag-dayot-upamecano","11":"tag-football","12":"tag-fr","13":"tag-france","14":"tag-mercato","15":"tag-mercato-parisien","16":"tag-mercato-psg","17":"tag-paris-saint-germain","18":"tag-paris-sg","19":"tag-psg","20":"tag-sports","21":"tag-une","22":"tag-upamecano","23":"tag-upamecano-bayern-munich"},"share_on_mastodon":{"url":"https:\/\/pubeurope.com\/@fr\/114397143616190983","error":""},"_links":{"self":[{"href":"https:\/\/www.europesays.com\/fr\/wp-json\/wp\/v2\/posts\/51065","targetHints":{"allow":["GET"]}}],"collection":[{"href":"https:\/\/www.europesays.com\/fr\/wp-json\/wp\/v2\/posts"}],"about":[{"href":"https:\/\/www.europesays.com\/fr\/wp-json\/wp\/v2\/types\/post"}],"author":[{"embeddable":true,"href":"https:\/\/www.europesays.com\/fr\/wp-json\/wp\/v2\/users\/2"}],"replies":[{"embeddable":true,"href":"https:\/\/www.europesays.com\/fr\/wp-json\/wp\/v2\/comments?post=51065"}],"version-history":[{"count":0,"href":"https:\/\/www.europesays.com\/fr\/wp-json\/wp\/v2\/posts\/51065\/revisions"}],"wp:featuredmedia":[{"embeddable":true,"href":"https:\/\/www.europesays.com\/fr\/wp-json\/wp\/v2\/media\/51066"}],"wp:attachment":[{"href":"https:\/\/www.europesays.com\/fr\/wp-json\/wp\/v2\/media?parent=51065"}],"wp:term":[{"taxonomy":"category","embeddable":true,"href":"https:\/\/www.europesays.com\/fr\/wp-json\/wp\/v2\/categories?post=51065"},{"taxonomy":"post_tag","embeddable":true,"href":"https:\/\/www.europesays.com\/fr\/wp-json\/wp\/v2\/tags?post=51065"}],"curies":[{"name":"wp","href":"https:\/\/api.w.org\/{rel}","templated":true}]}}